{"id":574290,"date":"2023-02-14T00:03:33","date_gmt":"2023-02-14T06:03:33","guid":{"rendered":"https:\/\/www.diarioimagen.net\/?p=574290"},"modified":"2023-02-14T02:16:51","modified_gmt":"2023-02-14T08:16:51","slug":"refrenda-tomas-palomares-parra-su-compromiso-con-la-base-sindical","status":"publish","type":"post","link":"https:\/\/www.diarioimagen.net\/?p=574290","title":{"rendered":"Refrenda Tom\u00e1s Palomares Parra su compromiso con la base sindical"},"content":{"rendered":"<p>&nbsp;<\/p>\n<ul>\n<li><strong><em>Secretario general del\u00a0 SUTEyM, secci\u00f3n Naucalpan<\/em><\/strong><\/li>\n<\/ul>\n<p>&nbsp;<\/p>\n<h6>Arturo Baena<\/h6>\n<p>&nbsp;<\/p>\n<div id=\"attachment_574340\" style=\"width: 470px\" class=\"wp-caption aligncenter\"><a href=\"https:\/\/www.diarioimagen.net\/?attachment_id=574340\" rel=\"attachment wp-att-574340\"><img loading=\"lazy\" decoding=\"async\" aria-describedby=\"caption-attachment-574340\" class=\"size-full wp-image-574340\" src=\"https:\/\/www.diarioimagen.net\/wp-content\/uploads\/2023\/02\/refrenda-tomas.jpg\" alt=\"\" width=\"460\" height=\"270\" \/><\/a><p id=\"caption-attachment-574340\" class=\"wp-caption-text\">El secretario general del\u00a0 SUTEyM secci\u00f3n Naucalpan, Tom\u00e1s Palomares Parra,refrend\u00f3 su compromiso de seguir trabajando de la mano del gremio sindical y sus familias.<\/p><\/div>\n<p>&nbsp;<\/p>\n<p><strong>Naucalpan, Estado de M\u00e9xico.\u2014<\/strong> Tom\u00e1s Palomares Parra, secretario general del\u00a0 SUTEyM secci\u00f3n Naucalpan, refrend\u00f3 su compromiso de seguir trabajando de la mano del gremio sindical y sus familias, durante el festejo del \u201cD\u00eda de Reyes\u201d\u201c que fue suspendido derivado de la pandemia de la Covid-19.<\/p>\n<p>El l\u00edder del gremio mostr\u00f3 su alegr\u00eda de poder reunirse de nueva cuenta en el Foro Felipe Villanueva del Parque Naucalli para dicho festejo y el comenzar a retomar sus actividades de manera normal durante estos a\u00f1os, que subray\u00f3, ser\u00e1n conocidos como un periodo de dolor y p\u00e9rdidas.<\/p>\n<p>Enfatiz\u00f3 que la eventualidad, adem\u00e1s, les dej\u00f3 grandes lecciones una como padres en el sentido de no soltar a los hijos, en su estructura principal que es la familia, donde las nuevas tendencias han causado la p\u00e9rdida de valores esenciales como el respeto, la solidaridad y el amor.<\/p>\n<p>Acompa\u00f1ado del secretario del ayuntamiento, Pedro Fontaine, representante de la alcaldesa Ang\u00e9lica Moya, y del diputado local, David Parra, el dirigente sindical llam\u00f3 a las ni\u00f1as y ni\u00f1os\u00a0 a utilizar su tiempo libre para estudiar y leer, toda vez que los libros son fuente de conocimiento.<\/p>\n<p>Por otra parte, Palomares Parra destac\u00f3 que \u201cnosotros somos hombres y mujeres que vivimos la ineptitud de los gobiernos de la 4T, y la seguimos viviendo, porque los adeudos que dejaron a\u00fan son grandes, pero que sin duda los estamos abatiendo en colaboraci\u00f3n con el actual gobierno de la presidenta municipal Angelica Moya Mar\u00edn, a quien, por supuesto, agradecemos que se vaya cumpliendo con las prestaciones de manera paulatina, y s\u00e9 que lograremos recuperarlas porque ese es el acuerdo con ella y su gobierno\u201d, acot\u00f3.<\/p>\n<p>Pedro Fontaine, secretario del Ayuntamiento, reconoci\u00f3 a esa gran fuerza que representa el sindicato, de quien dijo, \u201cson los mejores aliados del gobierno municipal para brindar una mejor calidad de los servicios a los naucalpenses\u201d, concluy\u00f3.<\/p>\n","protected":false},"excerpt":{"rendered":"<p>Tom\u00e1s Palomares Parra, secretario general del\u00a0 SUTEyM secci\u00f3n Naucalpan, refrend\u00f3 su compromiso de seguir trabajando de la mano del gremio sindical y sus familias, durante el festejo del \u201cD\u00eda de Reyes\u201d\u201c que fue suspendido derivado de la pandemia de la Covid-19.<\/p>\n","protected":false},"author":3,"featured_media":574340,"comment_status":"open","ping_status":"open","sticky":false,"template":"","format":"standard","meta":{"_monsterinsights_skip_tracking":false,"_monsterinsights_sitenote_active":false,"_monsterinsights_sitenote_note":"","_monsterinsights_sitenote_category":0,"footnotes":""},"categories":[5],"tags":[43675,970,2572,56429],"class_list":["post-574290","post","type-post","status-publish","format-standard","has-post-thumbnail","hentry","category-estado-de-mexico","tag-estado-de-mexico","tag-naucalpan","tag-suteym","tag-tomas-palomares-parra"],"_links":{"self":[{"href":"https:\/\/www.diarioimagen.net\/index.php?rest_route=\/wp\/v2\/posts\/574290","targetHints":{"allow":["GET"]}}],"collection":[{"href":"https:\/\/www.diarioimagen.net\/index.php?rest_route=\/wp\/v2\/posts"}],"about":[{"href":"https:\/\/www.diarioimagen.net\/index.php?rest_route=\/wp\/v2\/types\/post"}],"author":[{"embeddable":true,"href":"https:\/\/www.diarioimagen.net\/index.php?rest_route=\/wp\/v2\/users\/3"}],"replies":[{"embeddable":true,"href":"https:\/\/www.diarioimagen.net\/index.php?rest_route=%2Fwp%2Fv2%2Fcomments&post=574290"}],"version-history":[{"count":0,"href":"https:\/\/www.diarioimagen.net\/index.php?rest_route=\/wp\/v2\/posts\/574290\/revisions"}],"wp:featuredmedia":[{"embeddable":true,"href":"https:\/\/www.diarioimagen.net\/index.php?rest_route=\/wp\/v2\/media\/574340"}],"wp:attachment":[{"href":"https:\/\/www.diarioimagen.net\/index.php?rest_route=%2Fwp%2Fv2%2Fmedia&parent=574290"}],"wp:term":[{"taxonomy":"category","embeddable":true,"href":"https:\/\/www.diarioimagen.net\/index.php?rest_route=%2Fwp%2Fv2%2Fcategories&post=574290"},{"taxonomy":"post_tag","embeddable":true,"href":"https:\/\/www.diarioimagen.net\/index.php?rest_route=%2Fwp%2Fv2%2Ftags&post=574290"}],"curies":[{"name":"wp","href":"https:\/\/api.w.org\/{rel}","templated":true}]}}