{"id":574356,"date":"2023-02-14T00:02:48","date_gmt":"2023-02-14T06:02:48","guid":{"rendered":"https:\/\/www.diarioimagen.net\/?p=574356"},"modified":"2023-02-14T02:57:41","modified_gmt":"2023-02-14T08:57:41","slug":"sheinbaum-tiene-motivos-para-estar-enojada","status":"publish","type":"post","link":"https:\/\/www.diarioimagen.net\/?p=574356","title":{"rendered":"Sheinbaum tiene motivos para estar enojada"},"content":{"rendered":"<h2>La Retaguardia<\/h2>\n<h5>Adriana Moreno Cordero<\/h5>\n<p>&nbsp;<\/p>\n<ul>\n<li><strong><em>El secretario de Gobernaci\u00f3n, Ad\u00e1n Augusto L\u00f3pez, el m\u00e1s placeado<\/em><\/strong><\/li>\n<\/ul>\n<p>&nbsp;<\/p>\n<p>Sin duda, la flamante jefa de Gobierno de la Ciudad de M\u00e9xico, <strong>Claudia Sheinbaum<\/strong>, tiene motivos para estar molesta. Y es que en las \u00faltimas semanas, se ha visto que quien m\u00e1s se placea es ni m\u00e1s ni menos que siempre eficiente secretario de Gobernaci\u00f3n, <strong>Ad\u00e1n Augusto L\u00f3pez Hern\u00e1ndez,<\/strong> y esto puede tener una importante raz\u00f3n: En el caso de que se tratara -como mucho se comenta en los corrillos pol\u00edticos-, de la \u201ccorcholata\u201d fuerte que tiene bajo la manga el presidente <strong>Andr\u00e9s Manuel L\u00f3pez Obrador<\/strong> para remontar distancias, porque es un hecho que el responsable de la pol\u00edtica interna del pa\u00eds, inici\u00f3 tarde y con muy bajos n\u00fameros la carrera por el 2024.<\/p>\n<p>El fin de semana tuvo actividad al presentarse en el mitin que encabez\u00f3 la alica\u00edda candidata de Morena al gobierno del Estado de M\u00e9xico, <strong>Delfina G\u00f3mez<\/strong> y hasta subi\u00f3 fotos a las \u201cex benditas redes sociales\u201d, en las que se ve que disfruta unos tacos de barbacoa.<\/p>\n<p>Ayer, el titular de la Segob visit\u00f3 al presidente de la Junta de Coordinaci\u00f3n Pol\u00edtica del Senado de la Rep\u00fablica, <strong>Ricardo Monreal \u00c1vila,<\/strong> y despu\u00e9s recibi\u00f3\u00a0 en el Palacio de Cobi\u00e1n al gobernador de Morelos, <strong>Cuauht\u00e9moc Blanco<\/strong>, y al senador <strong>Sergio P\u00e9rez L\u00f3pez<\/strong>.<\/p>\n<p>En el comunicado que emiti\u00f3 la Segob, se inform\u00f3 que: \u201cSe revis\u00f3 la situaci\u00f3n pol\u00edtica y legislativa de\u00a0<strong>Morelos<\/strong>, con la finalidad de mantener estrecha comunicaci\u00f3n y trabajo coordinado en beneficio de la ciudadan\u00eda\u2026 Con ello, el\u00a0secretario de Gobernaci\u00f3n\u00a0da cumplimiento a la tarea de conducir las relaciones de la Federaci\u00f3n con los dem\u00e1s poderes de la Uni\u00f3n y \u00f3rdenes de gobierno\u201d.<\/p>\n<p>M\u00e1s bien lo anterior pudiera interpretarse que el ex futbolista lo que hizo fue hacer p\u00fablico qui\u00e9n es su \u201cgallo\u201d o \u201ccorcholata\u201d para el 2024 y esto, se debe sumar a otras manifestaciones que han hecho diversos actores pol\u00edticos a favor del titular de Gobernaci\u00f3n, raz\u00f3n por la cual, se subraya, la jefa de Gobierno, Claudia Sheinbaum, debe estar sumamente preocupada y enojada, pues no ha podido reanudar sus giras por el interior de la Rep\u00fablica para autopromocionarse y por m\u00e1s que insiste en darse \u201cba\u00f1os de pueblo\u201d con entrevistas, nada m\u00e1s no le sale.<\/p>\n<p>Ahora bien, sobre el encuentro entre el senador Monreal y Ad\u00e1n Augusto L\u00f3pez para revisar la agenda legislativa de la C\u00e1mara alta, en el centro estuvo el tristemente famoso \u201cplan B\u201d de la reforma electoral. El coordinador de la mayor\u00eda legislativa public\u00f3 en redes sociales una fotograf\u00eda en la que se observa el ambiente cordial y amable en que se desarroll\u00f3\u00a0 la reuni\u00f3n entre el Presidente de la Jucopo y el responsable de la pol\u00edtica interior.<\/p>\n<p>El legislador expuso que en la reuni\u00f3n, realizada por la ma\u00f1ana, se abordaron temas relacionados con la agenda legislativa que tiene en proceso el Senado de la Rep\u00fablica, pero seg\u00fan se sabe, el tambi\u00e9n coordinador morenista actu\u00f3 con autonom\u00eda y franqueza.<\/p>\n<p>Por su parte, Ricardo Monreal, en entrevista, declar\u00f3 que supuestamente no habr\u00eda premura por parte de la actual administraci\u00f3n para que en el Senado se apruebe el \u201cplan B\u201d y se supone que el gobierno respetar\u00e1 lo que la C\u00e1mara alta decida respecto a este controvertido tema. \u00bfSer\u00e1?<\/p>\n<p>Sobre los tiempos para esta trascendental discusi\u00f3n que no terminan bien a bien de definirse, Moreal \u00c1vila inform\u00f3 que \u201ces probable que esta semana sean convocadas las comisiones y que inmediatamente despu\u00e9s del dictamen, se pueda someter a la aprobaci\u00f3n del Pleno\u201d.<\/p>\n<p>Y esta semana, todas las miradas estar\u00e1n puestas en la C\u00e1mara Alta, para corroborar c\u00f3mo act\u00faan respecto al \u201cplan \u201cB\u201d los legisladores y ya se avizoran los roces y las tensiones. Por ejemplo, el coordinador de los senadores del PAN, <strong>Julen Rementer\u00eda<\/strong>, en rueda de prensa declar\u00f3: \u201cSin duda el \u2018plan B\u2019 del Presidente es un atentado contra la democracia, una estrategia perversa que ocasionar\u00e1 un caos democr\u00e1tico y por eso quienes integramos el bloque de contenci\u00f3n estamos preparando todas las acciones de inconstitucionalidad que se requieran, para evitar que el partido en el poder siga atentando contra la democracia, la cual causar\u00eda un caos en la pr\u00f3xima elecci\u00f3n de 2024.<\/p>\n<p>Otra situaci\u00f3n significativa de la aversi\u00f3n que le tiene el presidente y su partido al INE est\u00e1 en que ayer en el INE, se firm\u00f3 el Acuerdo por la Integridad Electoral para el proceso electoral 2023 en el estado de Coahuila, Morena no envi\u00f3 a ning\u00fan representante, de lo que puede desprenderse que la guerra en contra del INE continuar\u00e1 y se har\u00e1 cada vez m\u00e1s cruenta hasta que en abril, el consejero presidente de dicho Instituto, Lorenzo C\u00f3rdova, deje esa posici\u00f3n. Entonces, habr\u00e1 que estar atentos a lo que traman desde Palacio Nacional.<\/p>\n<p>Bien vale la pena destacar lo que se\u00f1al\u00f3 el doctor C\u00f3rdova respecto al \u201cjaloneo\u201d en torno a este tema: \u201cyo conf\u00edo en que la (Suprema) Corte (de Justicia de la Naci\u00f3n), va a salvar el orden democr\u00e1tico\u201d<\/p>\n<p style=\"text-align: center;\"><strong>Municiones<\/strong><\/p>\n<p>*** Otro disparate se le ocurri\u00f3 al presidente L\u00f3pez Obrador en su gustad\u00edsimo \u201cstand-up\u201d ma\u00f1anero, que cada vez ve menos gente. Resulta que inform\u00f3 que le pidi\u00f3 al presidente de los Estados Unidos, Joe Biden intercambiar el avi\u00f3n presidencial, s\u00ed, ese al que no se ha subido nunca porque lo considera muy lujoso pero eso s\u00ed, el de Tepetit\u00e1n le ha sacado jugo y ha sabido allegarse de recursos y como ejemplo de esta situaci\u00f3n est\u00e1 la recordada rifa-no rifa del avi\u00f3n presidencial, lo que le sirvi\u00f3 para \u201cpasarles la charola\u201d a los empresarios, cit\u00e1ndolos a una cena en Palacio Nacional en la que les ofreci\u00f3 los tamales de chipil\u00edn y el atole m\u00e1s caro. Sin haberlo podido vender y es m\u00e1s, ni siquiera haberlo podido alquilar para eventos sociales como bodas o XV a\u00f1os, L\u00f3pez Obrador dijo que hab\u00eda platicado con el presidente Biden y le propuso: \u201cque nos mandaran aviones de carga, helic\u00f3pteros para apagar incendios, que nos ayudaran con eso y nos dijo que lo iba a ver\u201d. Lo m\u00e1s probable es que el inquilino de la Casa Blanca le d\u00e9 largas a este asunto, pero qu\u00e9 casualidad que el tabasque\u00f1o lo est\u00e9 haciendo en \u00e9poca preelectoral, \u00bfo no?<\/p>\n<p>*** Un grupo de 65 intelectuales e incluso, gente de izquierda, firmaron una carta en la que recriminaron a L\u00f3pez Obrador que haya entregado la condecoraci\u00f3n del \u00c1guila Azteca, la m\u00e1s alta distinci\u00f3n del gobierno mexicano, al presidente de Cuba, <strong>Miguel D\u00edaz-Canel<\/strong>, a quien llamaron \u201cel dictador\u201d. Un hecho es totalmente tan cierto como irrebatible: En la isla se violan los derechos humanos y se reprime la libertad de expresi\u00f3n, adem\u00e1s hay mil 34 personas encarceladas por motivos pol\u00edticos. Y con eso de que el delirante tabasque\u00f1o quiere ser el \u201cmes\u00edas internacional\u201d, ya dijo que si va a convencer a Biden para que retire el bloqueo a Cuba. Ojo, no lo va a convencer ni de intercambiar el avi\u00f3n presidencial que tan caro le ha salido al pa\u00eds. Al tiempo.<\/p>\n<p><u><a href=\"mailto:morcora@gmail.com\" target=\"_blank\" rel=\"noopener noreferrer\"><em>morcora@gmail.com<\/em><\/a><\/u><\/p>\n","protected":false},"excerpt":{"rendered":"<p><span style=\"color: #005497;\"><strong>Adriana Moreno Cordero<\/strong><\/span><\/p>\n","protected":false},"author":3,"featured_media":0,"comment_status":"open","ping_status":"open","sticky":false,"template":"","format":"standard","meta":{"_monsterinsights_skip_tracking":false,"_monsterinsights_sitenote_active":false,"_monsterinsights_sitenote_note":"","_monsterinsights_sitenote_category":0,"footnotes":""},"categories":[69370],"tags":[69369,69368,43674],"class_list":["post-574356","post","type-post","status-publish","format-standard","hentry","category-adriana-moreno-cordero","tag-adriana-moreno-cordero","tag-la-retaguardia","tag-opinion"],"_links":{"self":[{"href":"https:\/\/www.diarioimagen.net\/index.php?rest_route=\/wp\/v2\/posts\/574356","targetHints":{"allow":["GET"]}}],"collection":[{"href":"https:\/\/www.diarioimagen.net\/index.php?rest_route=\/wp\/v2\/posts"}],"about":[{"href":"https:\/\/www.diarioimagen.net\/index.php?rest_route=\/wp\/v2\/types\/post"}],"author":[{"embeddable":true,"href":"https:\/\/www.diarioimagen.net\/index.php?rest_route=\/wp\/v2\/users\/3"}],"replies":[{"embeddable":true,"href":"https:\/\/www.diarioimagen.net\/index.php?rest_route=%2Fwp%2Fv2%2Fcomments&post=574356"}],"version-history":[{"count":0,"href":"https:\/\/www.diarioimagen.net\/index.php?rest_route=\/wp\/v2\/posts\/574356\/revisions"}],"wp:attachment":[{"href":"https:\/\/www.diarioimagen.net\/index.php?rest_route=%2Fwp%2Fv2%2Fmedia&parent=574356"}],"wp:term":[{"taxonomy":"category","embeddable":true,"href":"https:\/\/www.diarioimagen.net\/index.php?rest_route=%2Fwp%2Fv2%2Fcategories&post=574356"},{"taxonomy":"post_tag","embeddable":true,"href":"https:\/\/www.diarioimagen.net\/index.php?rest_route=%2Fwp%2Fv2%2Ftags&post=574356"}],"curies":[{"name":"wp","href":"https:\/\/api.w.org\/{rel}","templated":true}]}}