{"id":574360,"date":"2023-02-14T00:04:49","date_gmt":"2023-02-14T06:04:49","guid":{"rendered":"https:\/\/www.diarioimagen.net\/?p=574360"},"modified":"2023-02-14T02:34:06","modified_gmt":"2023-02-14T08:34:06","slug":"bloqueo-inhumano-y-anacronico","status":"publish","type":"post","link":"https:\/\/www.diarioimagen.net\/?p=574360","title":{"rendered":"Bloqueo inhumano y anacr\u00f3nico"},"content":{"rendered":"<h2>Desde el portal<\/h2>\n<h5>\u00c1ngel Soriano<\/h5>\n<p>&nbsp;<\/p>\n<p>Al imponerle la condecoraci\u00f3n del \u00c1guila Azteca en grado de collar al presidente Miguel D\u00edaz-Canel Berm\u00fadez, el presidente Andr\u00e9s Manuel L\u00f3pez Obrador destac\u00f3 la resistencia del pueblo cubano a un injusto e inhumano bloqueo de seis d\u00e9cadas, que resulta tan inoperante como agresivo a la soberan\u00eda de los estados y rechaz\u00f3 la intromisi\u00f3n estadounidense en la isla.<\/p>\n<p>Ni en los nuevos tiempos ni en los antiguos puede aceptarse una acci\u00f3n de esta naturaleza por razones ideol\u00f3gicas y de expansi\u00f3n imperialista, pues afecta directamente a la poblaci\u00f3n y los condena \u2014o condenaba\u2014, al aislamiento cuando la situaci\u00f3n ha cambiado: nuevas tecnolog\u00edas y corrientes pol\u00edticas soplan por un mundo cambiante hacia una nueva civilidad.<\/p>\n<p>Como abanderado de las luchas sociales en la regi\u00f3n, el presidente L\u00f3pez Obrador destac\u00f3 la resistencia del pueblo cubano y lo consider\u00f3 merecedor del Premio a la Dignidad y ser considerado Patrimonio de la Humanidad, valores que podr\u00edan contribuir a levantar y exhibir ante el mundo que un bloqueo de ese tipo no tiene raz\u00f3n de existir.<\/p>\n<p>M\u00e1s que a una persona o un gobernante, el reconocimiento del \u00c1guila Azteca es un reconocimiento al pueblo cubano y un llamado de atenci\u00f3n a los pueblos del mundo para unirse en una lucha en favor de la convivencia, la fraternidad y la nueva civilidad frente a los nuevos afanes hegem\u00f3nicos de las potencias que amenazan la libertad de los pueblos.<\/p>\n<p style=\"text-align: center;\"><strong>TURBULENCIAS<br \/>\nAutonom\u00eda y franqueza en el Senado<\/strong><\/p>\n<p>El presidente de la Jucopo del Senado, Ricardo Monreal \u00c1vila, inform\u00f3 que \u201ccon autonom\u00eda y franqueza\u201d recibi\u00f3 al titular de la Segob, Ad\u00e1n Augusto L\u00f3pez Hern\u00e1ndez, para abordar la agenda legislativa pendiente y ya ha advertido que no habr\u00e1 v\u00eda r\u00e1pida a las reformas pendientes, principalmente en materia electoral, sino que \u00e9stas ser\u00e1n debatidas en forma responsable en las comisiones antes de pasar al pleno\u2026 Pese a que San Vicente Coatl\u00e1n dio el visto bueno para que prosigan los trabajos de la autopista Oaxaca-Puerto Escondido, Sola de Vega se muestra reacio ante la falta de soluci\u00f3n a fondo del conflicto agrario que enfrentan ambas comunidades y que impide concluir la supercarretera. La propuesta de ir a medias en las 19,600 hect\u00e1reas, no es aceptada por Sola de Vega pues afirma que son de su propiedad\u2026 Fue suspendida la reuni\u00f3n informativa sobre el programa federal de apoyo a los periodistas por cuenta propia que promueve la secretar\u00eda del Trabajo, pues dicho programa es enga\u00f1oso puesto que los solicitantes deben acreditar que est\u00e1n inscritos en el IMSS y si es as\u00ed, quedan descartados. Y si no lo est\u00e1n, deben tramitar su incorporaci\u00f3n para cumplir ese requisito para luego ser desechados pues si ya tienen Seguro Social no son candidatos a obtener los apoyos anunciados hace un a\u00f1o; quiz\u00e1 esta sea una de las razones por las que fue suspendido el evento, en Oaxaca\u2026 Delfina G\u00f3mez, candidata de Morena a la gubernatura del Estado de M\u00e9xico, en Texcoco, ofreci\u00f3 acabar con 100 a\u00f1os de corrupci\u00f3n. Es decir, terminar con la etapa priistas para iniciar otra, pues a la ex alcaldesa se la acusa de los mismos delitos que asegura terminar\u00e1 de llegar a Palacio de Gobierno de Toluca\u2026 En Coahuila, en tanto, va al alza el candidato del PT, Ricardo\u00a0 Mej\u00eda, que tiene abiertos tres frentes: el gobierno federal, el gobierno del estado y la militancia morenista que no le perdona haber abandonado sus filas y no apoyar al senador Armando Guadiana, que es el candidato oficial\u2026 Va de salida ya la actual administraci\u00f3n y, como otros proyectos, no cuaj\u00f3 la descentralizaci\u00f3n federal. Ya nadie se acuerda que Sedesol iba a Oaxaca y la SEP a Puebla; Conapesca siempre ha estado en Mazatl\u00e1n y el doctor Jorge Alcocer, titular de Salud, se la pasa m\u00e1s en Palacio Nacional que en sus oficinas de Acapulco.<\/p>\n<p><u><a href=\"mailto:asorianocarrasco@yahoo.com\" target=\"_blank\" rel=\"noopener noreferrer\"><em>asorianocarrasco@yahoo.com<\/em><\/a><br \/>\n<em><a href=\"https:\/\/revistabrecha.com\" target=\"_blank\" rel=\"noopener noreferrer\">www.revistabrecha.com<\/a><br \/>\n<\/em><\/u><em>facebook oficial <a href=\"https:\/\/es-la.facebook.com\/RevistaBrecha.Oficial\" target=\"_blank\" rel=\"noopener\">@BrechaRevista<\/a><\/em><\/p>\n","protected":false},"excerpt":{"rendered":"<p><span style=\"color: #005497;\"><strong>\u00c1ngel Soriano<\/strong><\/span><\/p>\n","protected":false},"author":3,"featured_media":0,"comment_status":"open","ping_status":"open","sticky":false,"template":"","format":"standard","meta":{"_monsterinsights_skip_tracking":false,"_monsterinsights_sitenote_active":false,"_monsterinsights_sitenote_note":"","_monsterinsights_sitenote_category":0,"footnotes":""},"categories":[135],"tags":[85,86,43674],"class_list":["post-574360","post","type-post","status-publish","format-standard","hentry","category-angel-soriano-opinion","tag-angel-soriano","tag-desde-el-portal","tag-opinion"],"_links":{"self":[{"href":"https:\/\/www.diarioimagen.net\/index.php?rest_route=\/wp\/v2\/posts\/574360","targetHints":{"allow":["GET"]}}],"collection":[{"href":"https:\/\/www.diarioimagen.net\/index.php?rest_route=\/wp\/v2\/posts"}],"about":[{"href":"https:\/\/www.diarioimagen.net\/index.php?rest_route=\/wp\/v2\/types\/post"}],"author":[{"embeddable":true,"href":"https:\/\/www.diarioimagen.net\/index.php?rest_route=\/wp\/v2\/users\/3"}],"replies":[{"embeddable":true,"href":"https:\/\/www.diarioimagen.net\/index.php?rest_route=%2Fwp%2Fv2%2Fcomments&post=574360"}],"version-history":[{"count":0,"href":"https:\/\/www.diarioimagen.net\/index.php?rest_route=\/wp\/v2\/posts\/574360\/revisions"}],"wp:attachment":[{"href":"https:\/\/www.diarioimagen.net\/index.php?rest_route=%2Fwp%2Fv2%2Fmedia&parent=574360"}],"wp:term":[{"taxonomy":"category","embeddable":true,"href":"https:\/\/www.diarioimagen.net\/index.php?rest_route=%2Fwp%2Fv2%2Fcategories&post=574360"},{"taxonomy":"post_tag","embeddable":true,"href":"https:\/\/www.diarioimagen.net\/index.php?rest_route=%2Fwp%2Fv2%2Ftags&post=574360"}],"curies":[{"name":"wp","href":"https:\/\/api.w.org\/{rel}","templated":true}]}}