{"id":574365,"date":"2023-02-14T00:03:58","date_gmt":"2023-02-14T06:03:58","guid":{"rendered":"https:\/\/www.diarioimagen.net\/?p=574365"},"modified":"2023-02-14T02:39:24","modified_gmt":"2023-02-14T08:39:24","slug":"edomex-candidatos-independientes-en-cero","status":"publish","type":"post","link":"https:\/\/www.diarioimagen.net\/?p=574365","title":{"rendered":"Edomex: Candidatos independientes, en cero"},"content":{"rendered":"<h2>Espacio Electoral<\/h2>\n<h5>Eleazar Flores<\/h5>\n<p>&nbsp;<\/p>\n<p><strong>49 D\u00cdAS DE SILENCIO-.<\/strong> No obstante que hasta abril iniciar\u00e1n las campa\u00f1as pol\u00edticas por la gubernatura\u00a0 del Estado de M\u00e9xico, en los 49 d\u00edas de silencio habr\u00e1 mucha actividad para otros frentes, el INE\/IEEM para FISCALIZAR GASTOS DE PRECAMPA\u00d1A y los PARTIDOS afinar sus cuadros.<\/p>\n<p>Pero hay un hueco que dif\u00edcilmente se podr\u00e1 cubrir, las CANDIDATURAS INDEPENDIENTES rengl\u00f3n en el que se inscribieron cuatro personas y una extempor\u00e1nea, pero ninguna de las cinco re\u00fane los requisitos de cubrir el tres por ciento de nombres de la LISTA NOMINAL\u2026y no han reportado nada. Las cuatro personas que se inscribieron en la modalidad de CANDIDATOS INDEPENDIENTES son Ana Elena Medina Pacheco, Mar\u00eda del Rosario Mendoza G\u00f3mez, Abelardo Gorostieta y Jes\u00fas Iv\u00e1n Pinto Medina; pero se inscribi\u00f3 en forma extempor\u00e1nea y el TEPJF se lo permiti\u00f3 mediante amparo, el oaxacomexiquense Jos\u00e9 Adolfo Murat.<\/p>\n<p>La ley electoral mexiquense y el aval un\u00e1nime de los consejeros del Instituto Electoral del Estado de M\u00e9xico, impusieron a los interesados en la candidatura mexiquense, a reunir una lista del TRES POR CIENTO de integrantes no del padr\u00f3n, sino de la LISTA NOMINAL, requisito indispensable para aceptar el registro a los interesados y es la hora que no reportan avance alguno.<\/p>\n<p>El oaxacomexiquense Jos\u00e9 Adolfo Murat dispondr\u00e1 de dos semanas m\u00e1s para llenar el requisito,\u00a0 pues el Tribunal Electoral del Poder Judicial de la Federaci\u00f3n le dio esa gracia.<\/p>\n<p>Se ve dif\u00edcil que alguno de los cinco INDEPENDIENTES re\u00fana el requisito, por lo que en la elecci\u00f3n del cuatro de junio s\u00f3lo podr\u00edan aparecer en la boleta las candidatas Delfina G\u00f3mez, de Morena, PT y PVEM; y Alejandra Del Moral del PRI, PAN, PRD y Panal.<\/p>\n<p><strong>TAREAS PARTIDISTAS-.<\/strong> Hayan contado o no con la presencia de figuras de anta\u00f1o o actuales de sus partidos apoyantes, la verdad se acerca o sea, lo que har\u00e1n las candidatas per se, pero sobre todo las estructuras de los partidos cabeza de serie, PRI y Morena, pues es un secreto a voces que si las elecciones se ganar\u00e1n en las urnas, vendr\u00e1 el trabajo de los cuadros de base.<\/p>\n<p>Esto es, los comit\u00e9s municipales de los partidos -en los que Morena anda d\u00e9bil-, a diferencia de los tricolores que tienen trabajo de tierra, incluso hasta en los comit\u00e9s seccionales, los lugares m\u00e1s pr\u00f3ximos al territorio geogr\u00e1fico donde se instalar\u00e1n las casillas, en una que pudiera ser la \u00faltima elecci\u00f3n atendida con profesionales del INE\/IEEM responsables de esa instancia comicial.<\/p>\n<p>Esto en caso de que aun con amparos de por medio, se aprueben y apliquen las reformas al \u201cplan B\u201d, que muchos llaman el \u201cplan A\u201d, de agandalle presidencial, con TEPJF incluido, que aplicar\u00eda las reformas en 2024.<\/p>\n<p><em><a href=\"mailto:elefa44@gmail.com\" target=\"_blank\" rel=\"noopener noreferrer\">lefa44@gmail.com<\/a><\/em><\/p>\n","protected":false},"excerpt":{"rendered":"<p><span style=\"color: #005497;\"><strong>Eleazar Flores<\/strong><\/span><\/p>\n","protected":false},"author":3,"featured_media":0,"comment_status":"open","ping_status":"open","sticky":false,"template":"","format":"standard","meta":{"_monsterinsights_skip_tracking":false,"_monsterinsights_sitenote_active":false,"_monsterinsights_sitenote_note":"","_monsterinsights_sitenote_category":0,"footnotes":""},"categories":[81743],"tags":[81744,81776,43674],"class_list":["post-574365","post","type-post","status-publish","format-standard","hentry","category-eleazar-flores","tag-eleazar-flores","tag-espacio-electoral","tag-opinion"],"_links":{"self":[{"href":"https:\/\/www.diarioimagen.net\/index.php?rest_route=\/wp\/v2\/posts\/574365","targetHints":{"allow":["GET"]}}],"collection":[{"href":"https:\/\/www.diarioimagen.net\/index.php?rest_route=\/wp\/v2\/posts"}],"about":[{"href":"https:\/\/www.diarioimagen.net\/index.php?rest_route=\/wp\/v2\/types\/post"}],"author":[{"embeddable":true,"href":"https:\/\/www.diarioimagen.net\/index.php?rest_route=\/wp\/v2\/users\/3"}],"replies":[{"embeddable":true,"href":"https:\/\/www.diarioimagen.net\/index.php?rest_route=%2Fwp%2Fv2%2Fcomments&post=574365"}],"version-history":[{"count":0,"href":"https:\/\/www.diarioimagen.net\/index.php?rest_route=\/wp\/v2\/posts\/574365\/revisions"}],"wp:attachment":[{"href":"https:\/\/www.diarioimagen.net\/index.php?rest_route=%2Fwp%2Fv2%2Fmedia&parent=574365"}],"wp:term":[{"taxonomy":"category","embeddable":true,"href":"https:\/\/www.diarioimagen.net\/index.php?rest_route=%2Fwp%2Fv2%2Fcategories&post=574365"},{"taxonomy":"post_tag","embeddable":true,"href":"https:\/\/www.diarioimagen.net\/index.php?rest_route=%2Fwp%2Fv2%2Ftags&post=574365"}],"curies":[{"name":"wp","href":"https:\/\/api.w.org\/{rel}","templated":true}]}}