{"id":574367,"date":"2023-02-14T00:08:13","date_gmt":"2023-02-14T06:08:13","guid":{"rendered":"https:\/\/www.diarioimagen.net\/?p=574367"},"modified":"2023-02-14T02:37:47","modified_gmt":"2023-02-14T08:37:47","slug":"cdmx-y-el-presunto-sucesora","status":"publish","type":"post","link":"https:\/\/www.diarioimagen.net\/?p=574367","title":{"rendered":"CDMX y el presunto sucesor(a)"},"content":{"rendered":"<h2>Punto por punto<\/h2>\n<h5>Augusto Corro<\/h5>\n<p>&nbsp;<\/p>\n<p>Los partidos pol\u00edticos a\u00fan no definen oficialmente a sus precandidatos para la jefatura de Gobierno de la Ciudad de M\u00e9xico (CDMX).<\/p>\n<p>En 2024 ser\u00e1n los comicios para designar al sucesor de la doctora Claudia Sheinbaum, una de las \u201ccorcholatas\u201d para las elecciones presidenciales.<\/p>\n<p>A la fecha, son varios los nombres de los posibles aspirantes: Por Morena: Mart\u00ed Batres, secretario de Gobierno de la CDMX; Omar Garc\u00eda Harfuch, jefe de la Polic\u00eda; Rosa Icela Rodr\u00edguez, titular de la Secretar\u00eda de Seguridad; y la alcaldesa de Iztapalapa, Clara Brugada.<\/p>\n<p>Por Acci\u00f3n Nacional o Va por M\u00e9xico (PAN, PRI y PRD): Senadora X\u00f3chitl G\u00e1lvez, Sergio Taboada y Adri\u00e1n Rubalcava, alcaldes; y Margarita Zavala, diputada.<\/p>\n<p>Cabe se\u00f1alar que en la oposici\u00f3n tambi\u00e9n se podr\u00eda designar a un ciudadano de la sociedad civil. Es decir, un candidato que no militara en alguno de los partidos mencionados.<\/p>\n<p>El que gane la precandidatura tendr\u00e1 que reflexionar largamente para comprender la responsabilidad que representa ser el jefe(a) de Gobierno de una de las ciudades m\u00e1s grandes del mundo.<\/p>\n<p>Gobernar la CDMX es, sin duda, un gran reto, pues son m\u00faltiples los problemas que padecen quienes viven en el Valle de M\u00e9xico y en sus alrededores.<\/p>\n<p>El futuro jefe(a) de Gobierno deber\u00e1 atender el Metro para que no se registren tragedias que afectan a los usuarios.<\/p>\n<p>Y claro, tambi\u00e9n es importante que se atienda la escasez de agua.<\/p>\n<p>Los dos asuntos se\u00f1alados (Metro y agua) no parecen tener soluci\u00f3n. As\u00ed pues, el futuro gobierno de la CDMX deber\u00e1 de recurrir a medidas preventivas para evitar que estallen los conflictos, por falta de atenci\u00f3n.<\/p>\n<p>Ya en las elecciones intermedias, a Morena no le fue bien. La clase media vot\u00f3 por la oposici\u00f3n y el partido guinda perdi\u00f3 un considerable n\u00famero de alcald\u00edas. Los morenistas no la tendr\u00e1n f\u00e1cil en la CDMX y su victoria o derrota depender\u00e1 de los resultados de su labor partidista, en las zonas donde est\u00e1 fuerte la clase media.<\/p>\n<p style=\"text-align: center;\"><strong>Con pinzas<\/strong><\/p>\n<p>Al l\u00edder del PRD, Jes\u00fas Zambrano, no le gust\u00f3 que se hubiera citado el nombre de Lilly T\u00e9llez como aspirante a la candidatura presidencial.<\/p>\n<p>Dijo el perredista que la designaci\u00f3n debe correr a cargo de los partidos que integran la alianza Va por M\u00e9xico.<\/p>\n<p>En la citada coalici\u00f3n cualquier acuerdo se maneja con pinzas, con mucho cuidado.<\/p>\n<p>Y ahora que apenas empieza la lucha por la sucesi\u00f3n presidencial, la oposici\u00f3n luce d\u00e9bil.<\/p>\n<p>Sin lugar a dudas, Va por M\u00e9xico es la coalici\u00f3n opositora que podr\u00eda enfrentar al partido del gobierno.<\/p>\n<p>Sin embargo, las organizaciones pol\u00edticas de la oposici\u00f3n deber\u00e1n manifestar contundencia.<\/p>\n<p>El PRD que se encuentra en la lona protesta y se inconforma por cualquier decisi\u00f3n en la que no es tomado en cuenta.<\/p>\n<p>S\u00f3lo con pensar que en plena recta final rumbo a los comicios presidenciales, el partido del sol azteca salga con una de sus ideas descabelladas.<\/p>\n<p>Es necesario que Va por M\u00e9xico madure su alianza, porque las determinaciones que tome podr\u00edan resultar un desastre.<\/p>\n<p>Quienes participen en la contienda electoral rumbo al 2024 tendr\u00e1n que asegurar la unidad y su futuro.<\/p>\n<p>\u00bfQu\u00e9 ocurrir\u00eda que un capricho del l\u00edder del PRI, Alejandro Moreno (a)\u00a0 \u201cAlito\u201d no aceptara la designaci\u00f3n del aspirante presidencial designado por los panistas? Ya el propio \u201cAlito\u201d no se refiri\u00f3 con halagos a Ricardo Anaya, ex candidato presidencial en el 2018, al que calific\u00f3 de pr\u00f3fugo.\u00a0 Y es precisamente, Ricardo Anaya una de las cartas de Marko Cort\u00e9s para la precandidatura presidencial.<\/p>\n<p>As\u00ed pues, la coalici\u00f3n opositora no refleja una unidad fuerte tan necesaria para las elecciones del 2024.<\/p>\n<p>\u00bfUsted qu\u00e9 opina amable lector?<\/p>\n<p><em><a href=\"mailto:aco2742@hotmail.com\" target=\"_blank\" rel=\"noopener noreferrer\">aco2742@hotmail.com<\/a><\/em><\/p>\n","protected":false},"excerpt":{"rendered":"<p><span style=\"color: #005497;\"><strong>Augusto Corro<\/strong><\/span><\/p>\n","protected":false},"author":3,"featured_media":0,"comment_status":"open","ping_status":"open","sticky":false,"template":"","format":"standard","meta":{"_monsterinsights_skip_tracking":false,"_monsterinsights_sitenote_active":false,"_monsterinsights_sitenote_note":"","_monsterinsights_sitenote_category":0,"footnotes":""},"categories":[157],"tags":[43686,43674,11515],"class_list":["post-574367","post","type-post","status-publish","format-standard","hentry","category-augusto-corro","tag-augusto-corro","tag-opinion","tag-punto-por-punto"],"_links":{"self":[{"href":"https:\/\/www.diarioimagen.net\/index.php?rest_route=\/wp\/v2\/posts\/574367","targetHints":{"allow":["GET"]}}],"collection":[{"href":"https:\/\/www.diarioimagen.net\/index.php?rest_route=\/wp\/v2\/posts"}],"about":[{"href":"https:\/\/www.diarioimagen.net\/index.php?rest_route=\/wp\/v2\/types\/post"}],"author":[{"embeddable":true,"href":"https:\/\/www.diarioimagen.net\/index.php?rest_route=\/wp\/v2\/users\/3"}],"replies":[{"embeddable":true,"href":"https:\/\/www.diarioimagen.net\/index.php?rest_route=%2Fwp%2Fv2%2Fcomments&post=574367"}],"version-history":[{"count":0,"href":"https:\/\/www.diarioimagen.net\/index.php?rest_route=\/wp\/v2\/posts\/574367\/revisions"}],"wp:attachment":[{"href":"https:\/\/www.diarioimagen.net\/index.php?rest_route=%2Fwp%2Fv2%2Fmedia&parent=574367"}],"wp:term":[{"taxonomy":"category","embeddable":true,"href":"https:\/\/www.diarioimagen.net\/index.php?rest_route=%2Fwp%2Fv2%2Fcategories&post=574367"},{"taxonomy":"post_tag","embeddable":true,"href":"https:\/\/www.diarioimagen.net\/index.php?rest_route=%2Fwp%2Fv2%2Ftags&post=574367"}],"curies":[{"name":"wp","href":"https:\/\/api.w.org\/{rel}","templated":true}]}}