{"id":574381,"date":"2023-02-14T00:10:48","date_gmt":"2023-02-14T06:10:48","guid":{"rendered":"https:\/\/www.diarioimagen.net\/?p=574381"},"modified":"2023-02-14T02:49:51","modified_gmt":"2023-02-14T08:49:51","slug":"la-disputa-por-edomex-pri-entre-la-vida-y-la-muerte-morena-por-la-joya-de-la-corona","status":"publish","type":"post","link":"https:\/\/www.diarioimagen.net\/?p=574381","title":{"rendered":"La disputa por Edomex: PRI, entre la vida y la muerte; Morena, por \u201cla joya de la corona\u201d"},"content":{"rendered":"<h2>De frente y de perfil<\/h2>\n<h5>Ram\u00f3n Zurita Sahag\u00fan<\/h5>\n<p>&nbsp;<\/p>\n<p>La lucha por el gobierno del Estado de M\u00e9xico no ser\u00e1 todo lo tersa que algunos creen, por el contrario se tornar\u00e1 en una disputa entre dos mujeres que buscan convertirse en la primera f\u00e9mina en gobernar la entidad m\u00e1s poblada del pa\u00eds.<\/p>\n<p>Alejandra y Delfina, Delfina y Alejandra, representan los intereses de dos partidos que buscan el uno la extinci\u00f3n del adversario y el otro frenar la expansi\u00f3n del que gobierna desde Palacio Nacional y la mayor parte de los estados.<\/p>\n<p>Los dos partidos Morena y PRI, cuentan con aliados en esta batalla, ya que saben que solos les ser\u00e1 dif\u00edcil ganar la contienda que para uno (PRI) representa la sobrevivencia y el otro (Morena) anhela conquistar la plaza en disputa y desde iniciar el camino hacia la obtenci\u00f3n casi total de todas las entidades federativas.<\/p>\n<p>Los tricolores est\u00e1n conscientes de que retener el Estado de M\u00e9xico les significar\u00eda una bocanada de aire fresco y que, incluso, para el gobernador Alfredo Del Mazo un respiro, ante su cuestionada administraci\u00f3n y que hasta le supondr\u00eda ingresar a la baraja de aspirantes presidenciales.<\/p>\n<p>Es cierto que eso es so\u00f1ar demasiado, pero la dirigencia del partido sabe que perdiendo el Estado de M\u00e9xico quedar\u00edan relegados de la contienda presidencial y que con todo y alianza, se convertir\u00edan en un lastre para el PAN, a\u00fan ganando Coahuila (la otra entidad en disputa el 4 de junio).<\/p>\n<p>Por su parte, Morena se encuentra cierto de que el triunfo el 4 de junio en el Estado de M\u00e9xico le representa la v\u00eda casi libre hacia el refrendo de la Presidencia de la Rep\u00fablica.<\/p>\n<p>El cierre de precampa\u00f1as de Delfina y Alejandra en el mismo municipio y apenas distantes unos kil\u00f3metros una de la otra fue simplemente una caladita del que se vendr\u00e1 en una eterna guerra sucia, denuncias, acusaciones de todo tipo y las autoridades electorales jugando un papel primordial.<\/p>\n<p>Ambos partidos y sus aliados cuentan con sus respectivos \u201ccuartos de guerra\u201d y la participaci\u00f3n de expertos electorales, en imagen, discursivos y en guerra sucia, adem\u00e1s de que se preparan con el dinero suficiente, ya que saben que ser\u00e1 una elecci\u00f3n sumamente cara.<\/p>\n<p>Los expertos electorales, de uno y otro lado, saben que el proceso electoral ser\u00e1 sumamente cuestionado y que deben prepararse para los alegatos poselectorales y las protestas de uno y otro lado.<\/p>\n<p>Delfina necesita mantener la unidad del Grupo Texcoco que en algunos momentos muestra resquebrajamiento, mientras que Alejandra deber\u00e1 recibir muestra de que el gobierno de Alfredo Del Mazo no flaquea y que ella representa su adalid de la victoria.<\/p>\n<p style=\"text-align: center;\"><strong>*****<\/strong><\/p>\n<p>Pareciera ser que Ad\u00e1n Augusto L\u00f3pez y Ricardo Monreal traen intenciones aviesas por las constantes reuniones que sostienen, pero en realidad es que el secretario de Gobernaci\u00f3n se convirti\u00f3 en un frecuente asistente del Senado por ser el cedazo de la agenda legislativa que antes revisaba con el Presidente de la Rep\u00fablica. El punto relevante de la pl\u00e1tica fue el \u201cplan B\u201d de la reforma electoral que deber\u00e1 discutir el Senado de la Rep\u00fablica. Jes\u00fas \u201cRey\u201d Zambada se convirti\u00f3 en el testigo estrella de los fiscales para el proceso en contra de Genaro Garc\u00eda Luna, donde ratific\u00f3 lo dicho en el juicio contra Joaqu\u00edn \u201cchapo\u201d Guzm\u00e1n, Que entreg\u00f3 cinco millones de d\u00f3lares al ex secretario de Seguridad P\u00fablica. Por cierto, Garc\u00eda Luna se neg\u00f3 a testificar en su juicio.<\/p>\n<p><a href=\"mailto:ramonzurita44@hotmail.com\" target=\"_blank\" rel=\"noopener noreferrer\"><em>ramonzurita44@hotmail.com<\/em><\/a><\/p>\n","protected":false},"excerpt":{"rendered":"<p><span style=\"color: #005497;\"><strong>Ram\u00f3n Zurita Sahag\u00fan<\/strong><\/span><\/p>\n","protected":false},"author":3,"featured_media":0,"comment_status":"open","ping_status":"open","sticky":false,"template":"","format":"standard","meta":{"_monsterinsights_skip_tracking":false,"_monsterinsights_sitenote_active":false,"_monsterinsights_sitenote_note":"","_monsterinsights_sitenote_category":0,"footnotes":""},"categories":[234],"tags":[304,43674,43687],"class_list":["post-574381","post","type-post","status-publish","format-standard","hentry","category-ramon-zurita-sahagun","tag-de-frente-y-de-perfil","tag-opinion","tag-ramon-zurita-sahagun"],"_links":{"self":[{"href":"https:\/\/www.diarioimagen.net\/index.php?rest_route=\/wp\/v2\/posts\/574381","targetHints":{"allow":["GET"]}}],"collection":[{"href":"https:\/\/www.diarioimagen.net\/index.php?rest_route=\/wp\/v2\/posts"}],"about":[{"href":"https:\/\/www.diarioimagen.net\/index.php?rest_route=\/wp\/v2\/types\/post"}],"author":[{"embeddable":true,"href":"https:\/\/www.diarioimagen.net\/index.php?rest_route=\/wp\/v2\/users\/3"}],"replies":[{"embeddable":true,"href":"https:\/\/www.diarioimagen.net\/index.php?rest_route=%2Fwp%2Fv2%2Fcomments&post=574381"}],"version-history":[{"count":0,"href":"https:\/\/www.diarioimagen.net\/index.php?rest_route=\/wp\/v2\/posts\/574381\/revisions"}],"wp:attachment":[{"href":"https:\/\/www.diarioimagen.net\/index.php?rest_route=%2Fwp%2Fv2%2Fmedia&parent=574381"}],"wp:term":[{"taxonomy":"category","embeddable":true,"href":"https:\/\/www.diarioimagen.net\/index.php?rest_route=%2Fwp%2Fv2%2Fcategories&post=574381"},{"taxonomy":"post_tag","embeddable":true,"href":"https:\/\/www.diarioimagen.net\/index.php?rest_route=%2Fwp%2Fv2%2Ftags&post=574381"}],"curies":[{"name":"wp","href":"https:\/\/api.w.org\/{rel}","templated":true}]}}