{"id":574419,"date":"2023-02-15T00:01:36","date_gmt":"2023-02-15T06:01:36","guid":{"rendered":"https:\/\/www.diarioimagen.net\/?p=574419"},"modified":"2023-02-15T02:46:24","modified_gmt":"2023-02-15T08:46:24","slug":"este-jueves-decide-juez-en-nueva-york-futuro-de-genaro-garcia-luna","status":"publish","type":"post","link":"https:\/\/www.diarioimagen.net\/?p=574419","title":{"rendered":"Este jueves decide juez en Nueva York futuro de Genaro Garc\u00eda Luna"},"content":{"rendered":"<p>&nbsp;<\/p>\n<ul>\n<li><strong><em>Linda Cristina Pereyra, su esposa, testifica en la Corte<\/em><\/strong><\/li>\n<\/ul>\n<p>&nbsp;<\/p>\n<div id=\"attachment_574474\" style=\"width: 470px\" class=\"wp-caption aligncenter\"><a href=\"https:\/\/www.diarioimagen.net\/?attachment_id=574474\" rel=\"attachment wp-att-574474\"><img loading=\"lazy\" decoding=\"async\" aria-describedby=\"caption-attachment-574474\" class=\"size-full wp-image-574474\" src=\"https:\/\/www.diarioimagen.net\/wp-content\/uploads\/2023\/02\/GARCIA-LUNA-1.jpg\" alt=\"\" width=\"460\" height=\"270\" \/><\/a><p id=\"caption-attachment-574474\" class=\"wp-caption-text\">Linda Cristina Pereyra, esposa de Genaro Garc\u00eda Luna, testific\u00f3 este martes en la audiencia del juicio contra el ex secretario de Seguridad de M\u00e9xico, que se lleva a cabo en Nueva York.<\/p><\/div>\n<p>&nbsp;<\/p>\n<p>La esposa de Genaro Garc\u00eda Luna, Linda Cristina Pereyra, testific\u00f3 este martes en la audiencia del juicio contra el ex secretario de Seguridad de Felipe Calder\u00f3n. El ex mando policiaco est\u00e1 acusado de cinco delitos, entre ellos tener nexos con el C\u00e1rtel de Sinaloa y traficar drogas a Estados Unidos.<\/p>\n<p>Linda Cristina Pereyra Pereyra ha estado presente en las audiencias desde el pasado 23 de enero.<\/p>\n<p>Luego que la defensa de Garc\u00eda Luna llevara a un testigo para su causa, este mi\u00e9rcoles, ambas partes presentar\u00e1n ante el jurado sus argumentos de cierre de juicio.<\/p>\n<p>Para el jueves 16, el juez Brian Cogan instruir\u00e1 al jurado sobre sus deliberaciones para determinar si el acusado es culpable o inocente.<\/p>\n<p>De ser declarado culpable de cualquiera de los cinco delitos de conspiraci\u00f3n internacional de tr\u00e1fico de coca\u00edna, Garc\u00eda Luna podr\u00eda ser sentenciado a cadena perpetua como condena m\u00e1xima o a 20 a\u00f1os de prisi\u00f3n como pena m\u00ednima.<\/p>\n<p>Si es declarado inocente o se desecha el juicio ante la falta de unanimidad del jurado, al revisar los 5 cargos que se le imputan a Garc\u00eda Luna, quedar\u00eda inmediatamente en libertad aunque sujeto a deportaci\u00f3n a M\u00e9xico, en donde enfrenta cargos de delincuencia organizada.<\/p>\n","protected":false},"excerpt":{"rendered":"<p>La esposa de Genaro Garc\u00eda Luna, Linda Cristina Pereyra, testific\u00f3 este martes en la audiencia del juicio contra el ex secretario de Seguridad de Felipe Calder\u00f3n. El ex mando policiaco est\u00e1 acusado de cinco delitos, entre ellos tener nexos con el C\u00e1rtel de Sinaloa y traficar drogas a Estados Unidos.\u00a0<\/p>\n","protected":false},"author":3,"featured_media":574474,"comment_status":"open","ping_status":"open","sticky":false,"template":"","format":"standard","meta":{"_monsterinsights_skip_tracking":false,"_monsterinsights_sitenote_active":false,"_monsterinsights_sitenote_note":"","_monsterinsights_sitenote_category":0,"footnotes":""},"categories":[7],"tags":[19964,707,91682,942],"class_list":["post-574419","post","type-post","status-publish","format-standard","has-post-thumbnail","hentry","category-seguridad","tag-futuro","tag-genaro-garcia-luna","tag-juiciio","tag-nueva-york"],"_links":{"self":[{"href":"https:\/\/www.diarioimagen.net\/index.php?rest_route=\/wp\/v2\/posts\/574419","targetHints":{"allow":["GET"]}}],"collection":[{"href":"https:\/\/www.diarioimagen.net\/index.php?rest_route=\/wp\/v2\/posts"}],"about":[{"href":"https:\/\/www.diarioimagen.net\/index.php?rest_route=\/wp\/v2\/types\/post"}],"author":[{"embeddable":true,"href":"https:\/\/www.diarioimagen.net\/index.php?rest_route=\/wp\/v2\/users\/3"}],"replies":[{"embeddable":true,"href":"https:\/\/www.diarioimagen.net\/index.php?rest_route=%2Fwp%2Fv2%2Fcomments&post=574419"}],"version-history":[{"count":0,"href":"https:\/\/www.diarioimagen.net\/index.php?rest_route=\/wp\/v2\/posts\/574419\/revisions"}],"wp:featuredmedia":[{"embeddable":true,"href":"https:\/\/www.diarioimagen.net\/index.php?rest_route=\/wp\/v2\/media\/574474"}],"wp:attachment":[{"href":"https:\/\/www.diarioimagen.net\/index.php?rest_route=%2Fwp%2Fv2%2Fmedia&parent=574419"}],"wp:term":[{"taxonomy":"category","embeddable":true,"href":"https:\/\/www.diarioimagen.net\/index.php?rest_route=%2Fwp%2Fv2%2Fcategories&post=574419"},{"taxonomy":"post_tag","embeddable":true,"href":"https:\/\/www.diarioimagen.net\/index.php?rest_route=%2Fwp%2Fv2%2Ftags&post=574419"}],"curies":[{"name":"wp","href":"https:\/\/api.w.org\/{rel}","templated":true}]}}