{"id":574421,"date":"2023-02-15T00:01:49","date_gmt":"2023-02-15T06:01:49","guid":{"rendered":"https:\/\/www.diarioimagen.net\/?p=574421"},"modified":"2023-02-15T02:56:17","modified_gmt":"2023-02-15T08:56:17","slug":"fallecio-el-padre-de-la-aspirante-priista-al-gobierno-del-edomex-alejandra-del-moral","status":"publish","type":"post","link":"https:\/\/www.diarioimagen.net\/?p=574421","title":{"rendered":"Falleci\u00f3 el padre de la aspirante priista al gobierno del Edomex, Alejandra Del Moral"},"content":{"rendered":"<p>&nbsp;<\/p>\n<ul>\n<li><em><strong>Solidaridad de correligionarios<\/strong><\/em><\/li>\n<\/ul>\n<p>&nbsp;<\/p>\n<div id=\"attachment_574496\" style=\"width: 470px\" class=\"wp-caption aligncenter\"><a href=\"https:\/\/www.diarioimagen.net\/?attachment_id=574496\" rel=\"attachment wp-att-574496\"><img loading=\"lazy\" decoding=\"async\" aria-describedby=\"caption-attachment-574496\" class=\"size-full wp-image-574496\" src=\"https:\/\/www.diarioimagen.net\/wp-content\/uploads\/2023\/02\/fallecio-padre.jpg\" alt=\"\" width=\"460\" height=\"270\" \/><\/a><p id=\"caption-attachment-574496\" class=\"wp-caption-text\">Falleci\u00f3 este martes Ismael Del Moral, padre de la precandidata priista Alejandra Del Moral Vela.<\/p><\/div>\n<p>&nbsp;<\/p>\n<p><strong>Valle de M\u00e9xico.\u2014<\/strong> L\u00edderes partidistas, legisladores, s\u00edndicos y regidores, entre otros, se solidarizaron con Alejandra Del Moral Vela, precandidata de la alianza Va por el Estado de M\u00e9xico por el deceso de su padre, el doctor Ismael del Moral.<\/p>\n<p>Durante la madrugada del martes 14 de febrero, falleci\u00f3 Ismael Del Moral, Don Ismael ten\u00eda varios a\u00f1os de pertenecer al tricolor y fue suplente del ex alcalde de Cuautitl\u00e1n Izcalli, Fernando Garc\u00eda Cuevas, quien gobern\u00f3 de 1993 a 1996<\/p>\n<p>Esta p\u00e9rdida para la aspirante a la gubernatura fue corroborada por ella misma a trav\u00e9s de su cuenta oficial de Twitter, en donde escribi\u00f3:\u00a0 \u201cEstoy orgullosa de ser tu hija por saber que viviste la vida como quisiste y que no dejas nada pendiente. Soy bendecida, puedo asegurar que tuve al mejor padre del mundo. Te amo pap\u00e1\u201d.<\/p>\n<p>En este mismo texto, a\u00f1adi\u00f3: \u201cPara propios y extra\u00f1os siempre fuiste el Dr. Ismael Del Moral. Un hombre con vocaci\u00f3n de servir, dedicado, preocupado siempre por lo que pudieras ayudar. Eres maestro de muchos, con tu car\u00e1cter y forma de ser que no se compara con la de nadie. Mi m\u00e1s grande cr\u00edtico y tambi\u00e9n uno de los pilares m\u00e1s s\u00f3lidos a lo largo de mi vida. Mi c\u00f3mplice de sue\u00f1os y retos\u201d.<\/p>\n","protected":false},"excerpt":{"rendered":"<p>L\u00edderes partidistas, legisladores, s\u00edndicos y regidores, entre otros, se solidarizaron con Alejandra Del Moral Vela, precandidata de la alianza Va por el Estado de M\u00e9xico por el deceso de su padre, el doctor Ismael del Moral.<\/p>\n","protected":false},"author":3,"featured_media":574496,"comment_status":"open","ping_status":"open","sticky":false,"template":"","format":"standard","meta":{"_monsterinsights_skip_tracking":false,"_monsterinsights_sitenote_active":false,"_monsterinsights_sitenote_note":"","_monsterinsights_sitenote_category":0,"footnotes":""},"categories":[5],"tags":[2833,19084,51297],"class_list":["post-574421","post","type-post","status-publish","format-standard","has-post-thumbnail","hentry","category-estado-de-mexico","tag-alejandra-del-moral-vela","tag-fallece","tag-padre"],"_links":{"self":[{"href":"https:\/\/www.diarioimagen.net\/index.php?rest_route=\/wp\/v2\/posts\/574421","targetHints":{"allow":["GET"]}}],"collection":[{"href":"https:\/\/www.diarioimagen.net\/index.php?rest_route=\/wp\/v2\/posts"}],"about":[{"href":"https:\/\/www.diarioimagen.net\/index.php?rest_route=\/wp\/v2\/types\/post"}],"author":[{"embeddable":true,"href":"https:\/\/www.diarioimagen.net\/index.php?rest_route=\/wp\/v2\/users\/3"}],"replies":[{"embeddable":true,"href":"https:\/\/www.diarioimagen.net\/index.php?rest_route=%2Fwp%2Fv2%2Fcomments&post=574421"}],"version-history":[{"count":0,"href":"https:\/\/www.diarioimagen.net\/index.php?rest_route=\/wp\/v2\/posts\/574421\/revisions"}],"wp:featuredmedia":[{"embeddable":true,"href":"https:\/\/www.diarioimagen.net\/index.php?rest_route=\/wp\/v2\/media\/574496"}],"wp:attachment":[{"href":"https:\/\/www.diarioimagen.net\/index.php?rest_route=%2Fwp%2Fv2%2Fmedia&parent=574421"}],"wp:term":[{"taxonomy":"category","embeddable":true,"href":"https:\/\/www.diarioimagen.net\/index.php?rest_route=%2Fwp%2Fv2%2Fcategories&post=574421"},{"taxonomy":"post_tag","embeddable":true,"href":"https:\/\/www.diarioimagen.net\/index.php?rest_route=%2Fwp%2Fv2%2Ftags&post=574421"}],"curies":[{"name":"wp","href":"https:\/\/api.w.org\/{rel}","templated":true}]}}