{"id":574429,"date":"2023-02-15T00:05:26","date_gmt":"2023-02-15T06:05:26","guid":{"rendered":"https:\/\/www.diarioimagen.net\/?p=574429"},"modified":"2023-02-16T02:08:11","modified_gmt":"2023-02-16T08:08:11","slug":"laura-pausini-celebra-30-anos-de-carrera","status":"publish","type":"post","link":"https:\/\/www.diarioimagen.net\/?p=574429","title":{"rendered":"Laura Pausini celebra 30 a\u00f1os de carrera"},"content":{"rendered":"<p><strong>\u00a0<\/strong><\/p>\n<h3 style=\"text-align: center;\">La artista italiana m\u00e1s premiada del mundo<\/h3>\n<p>&nbsp;<\/p>\n<ul>\n<li><strong><em>Con tres conciertos especiales abiertos al p\u00fablico<\/em><\/strong><\/li>\n<\/ul>\n<p>&nbsp;<\/p>\n<div id=\"attachment_574498\" style=\"width: 310px\" class=\"wp-caption alignleft\"><a href=\"https:\/\/www.diarioimagen.net\/?attachment_id=574498\" rel=\"attachment wp-att-574498\"><img loading=\"lazy\" decoding=\"async\" aria-describedby=\"caption-attachment-574498\" class=\"wp-image-574498\" src=\"https:\/\/www.diarioimagen.net\/wp-content\/uploads\/2023\/02\/laura.jpg\" alt=\"\" width=\"300\" height=\"533\" \/><\/a><p id=\"caption-attachment-574498\" class=\"wp-caption-text\">Las reservaciones se abrieron ayer 14 de febrero y est\u00e1n sujetas a disponibilidad excepto asientos reservados.<\/p><\/div>\n<p>Solo podr\u00eda ser un regreso de resonancia mundial para Laura Pausini, quien para celebrar sus 30 a\u00f1os de carrera, actuar\u00e1 en un marat\u00f3n \u00fanico y en vivo: #LAURA30, tres recitales especiales en 24 horas, abiertos al p\u00fablico, con entrada libre, previa inscripci\u00f3n y sujeto a disponibilidad.<\/p>\n<p>El primer recital ser\u00e1 en Nueva York, el segundo en Madrid y cerrar\u00e1 con broche de oro en Mil\u00e1n, una verdadera sorpresa dedicada a sus fans.<\/p>\n<p>Laura Pausini, la artista italiana m\u00e1s premiada del mundo que ha vendido m\u00e1s de 75 millones de\u00a0 \u00e1lbumes, se ha presentado en algunos de los escenarios m\u00e1s prestigiosos del mundo, ha colaborado con artistas que han marcado la historia de la m\u00fasica, y ha sido reconocida con los premios\u00a0 m\u00e1s\u00a0 prestigiosos de la industria, incluyendo un GRAMMY\u00ae, cuatro Latin GRAMMY,\u00ae\u00a0 una\u00a0 nominaci\u00f3n al Oscar y un Globo de Oro, ha decidido celebrar este importante acontecimiento con\u00a0 su p\u00fablico, ofreciendo tres recitales especiales en vivo con entrada libre titulado #LAURA30.\u00a0 Esta es una sorpresa dedicada a sus fans alrededor del mundo que la han apoyado durante toda su carrera y que ahora, podr\u00e1n celebrar junto a ella eligiendo una de las tres locaciones en Europa y Estados Unidos.<\/p>\n<p>30 a\u00f1os en 24 horas.\u00a0 El marat\u00f3n de Laura Pausini dar\u00e1 inicio en el Teatro Apollo de Nueva York (26 de febrero a las 6 p.m. hora del este, cuando en Europa ya ser\u00e1 27 de febrero). Continuar\u00e1 en The Music Station de Madrid y finalizar\u00e1 en Mil\u00e1n en el Teatro Carcano.<\/p>\n<p>Tres eventos extraordinarios, divididos en tres d\u00e9cadas como una alineaci\u00f3n musical y que nacieron para el 30 aniversario de \u201cLa Soledad\u201d, la canci\u00f3n que impuls\u00f3 la carrera de Laura a nivel mundial, convirti\u00e9ndola en la reina indiscutible del pop italiano.<\/p>\n<h4>Mensaje de Laura Pausini:<\/h4>\n<p>&nbsp;<\/p>\n<p><em>\u201cEl 27 de febrero de 1993, ten\u00eda 18 a\u00f1os y gan\u00e9 el Festival de Sanremo en la categor\u00eda de nuevo artista con \u201cLa Soledad\u201d.Ustedes me eligieron a m\u00ed; Ustedes llegaron a mi vida y revolucionaron todo.Quiero sorprenderlos esta vez poniendo a prueba mi cuerpo, fuerza y voz. No ser\u00e1 f\u00e1cil, por supuesto, pero \u00bfqu\u00e9 desaf\u00edo ser\u00eda si todo fuera as\u00ed? <\/em><\/p>\n<p><em>Durante a\u00f1os, han sacrificado mucho para ir a mis conciertos y estar conmigo, y quiero mostrarles el profundo amor que siento y las locuras que estoy dispuesta a hacer por ustedes. <\/em><\/p>\n<p><em>\u00a026 de febrero, a las 6 p.m. la hora de Nueva York ser\u00e1 la medianoche en Italia, lo que significa que\u00a0\u00a0 ser\u00e1 el 27 de febrero, y justo en ese momento, comenzar\u00e9 a celebrar con ustedes, luego en Madrid y terminaremos en Mil\u00e1n.<\/em><\/p>\n<p><em>\u00a1Actuar\u00e9 en un teatro de cada ciudad (porque s\u00ed es como comenz\u00f3 mi carrera), diez canciones en vivo (cada ciudad es una d\u00e9cada) y un avi\u00f3n justo despu\u00e9s para unirme a ustedes por 24 horas!<\/em><\/p>\n<p><em>Y un traje Emporio Armani que recuerda a mi chaqueta de Sanremo<\/em><\/p>\n<p><em>Ser\u00e1n 2 continentes.<\/em><\/p>\n<p><em>Ser\u00e1n 3 ciudades.<\/em><\/p>\n<p><em>Ser\u00e1n 5 idiomas.<\/em><\/p>\n<p><em>Ser\u00e1n 24 horas.<\/em><\/p>\n<p><em>Ser\u00e1 en vivo y estar\u00e1 abierto a todo el p\u00fablico, con entrada libre.<\/em><\/p>\n<p><em>Me he estado preparando vocal y f\u00edsicamente durante meses para tener \u00e9xito en este \u201crelevo\u201d que sue\u00f1o con compartir con ustedes. Tengo que agradecer a Franco Fussi (mi foniatra), Manfredi Gelmetti (mi entrenador), Anna Laura Augeri (mi nutricionista), GenteMusic y Double Trouble Club, Warner Music, Goigest, Satus Media, DMoore, Rondene PR, Perfexx, TheStylePusher, Laura4u.com, Fabio Novembre y su estudio Friends&amp;Partners,Ticketmaster, \u00a0Giorgio Armani y su maravilloso personal por ser parte de este viaje dentro y fuera\u00a0 del escenario, la aerol\u00ednea Alpitour World, Neos que nos acompa\u00f1ar\u00e1 con sus cuelos en cada etapa del viaje, Nick Cerioni y todos los t\u00e9cnicos, ingenieros, m\u00fasicos, por el esfuerzo y la dedicaci\u00f3n. <\/em><\/p>\n<p><em>\u00a1Ahora vengo yo a ustedes!<\/em><\/p>\n<p><em>Celebraremos el 30 aniversario as\u00ed, el d\u00eda en que nos conocimos&#8230;ahora tal vez entender\u00e1n mejor el logotipo: yo corriendo para desafiar el tiempo porque es m\u00e1s f\u00e1cil sentarse en el pasado, pero eso no me gusta en lo absoluto y\u2026 hacer cualquier cosa por amor\u201d<\/em><\/p>\n<p>Para esta ocasi\u00f3n especial, Laura Pausini ha elegido vestir un traje Emporio Armani, renovando as\u00ed su fuerte v\u00ednculo con el estilista Giorgio Armani.<\/p>\n<p>El look, confeccionado especialmente para ella, incluye la ic\u00f3nica chaqueta, que reproduce el modelo que luci\u00f3 la artista en su debut en Sanremo 93, con una inserci\u00f3n del logotipo bordado que caracteriza la versi\u00f3n 2023 para su 30 cumplea\u00f1os. \u00a0Los m\u00fasicos tambi\u00e9n lucir\u00e1n prendas de Emporio Armani, una declinaci\u00f3n del mismo vestido con detalles diferentes.<\/p>\n<p><em>#LAURA30 <\/em>es solo el primer gran evento en 2023 para Laura Pausini, quien, cinco a\u00f1os despu\u00e9s\u00a0\u00a0 de su \u00faltima gira y despu\u00e9s de anunciar el World Tour Premiere en la Plaza de San Marcos de Venecia y en la Plaza de Espa\u00f1a en Sevilla, tiene muchas sorpresas reservadas para sus fans.<\/p>\n<p><em>#LAURA30<\/em> ha sido organizado y producido por GenteMusic y Friends&amp;Partners.<\/p>\n<p>Neos, la segunda aerol\u00ednea italiana de Alpitour World y Ticketmaster Italia son los partners oficiales de <em>#Laura30<\/em>.<\/p>\n<p>M\u00e1s informaci\u00f3n y c\u00f3mo participar: laurapausini.com y friendsandpartners.com<\/p>\n<p>Las reservas se abrieron ayer 14 de febrero y est\u00e1n sujetas a disponibilidad excepto asientos reservados.<\/p>\n","protected":false},"excerpt":{"rendered":"<p>Solo podr\u00eda ser un regreso de resonancia mundial para Laura Pausini, quien para celebrar sus 30 a\u00f1os de carrera, actuar\u00e1 en un marat\u00f3n \u00fanico y en vivo: #LAURA30, tres recitales especiales en 24 horas, abiertos al p\u00fablico, con entrada libre, previa inscripci\u00f3n y sujeto a disponibilidad.<\/p>\n","protected":false},"author":3,"featured_media":574500,"comment_status":"open","ping_status":"open","sticky":false,"template":"","format":"standard","meta":{"_monsterinsights_skip_tracking":false,"_monsterinsights_sitenote_active":false,"_monsterinsights_sitenote_note":"","_monsterinsights_sitenote_category":0,"footnotes":""},"categories":[12],"tags":[40123,43682,22133],"class_list":["post-574429","post","type-post","status-publish","format-standard","has-post-thumbnail","hentry","category-espectaculos","tag-celebra","tag-espectaculos","tag-laura-pausini"],"_links":{"self":[{"href":"https:\/\/www.diarioimagen.net\/index.php?rest_route=\/wp\/v2\/posts\/574429","targetHints":{"allow":["GET"]}}],"collection":[{"href":"https:\/\/www.diarioimagen.net\/index.php?rest_route=\/wp\/v2\/posts"}],"about":[{"href":"https:\/\/www.diarioimagen.net\/index.php?rest_route=\/wp\/v2\/types\/post"}],"author":[{"embeddable":true,"href":"https:\/\/www.diarioimagen.net\/index.php?rest_route=\/wp\/v2\/users\/3"}],"replies":[{"embeddable":true,"href":"https:\/\/www.diarioimagen.net\/index.php?rest_route=%2Fwp%2Fv2%2Fcomments&post=574429"}],"version-history":[{"count":0,"href":"https:\/\/www.diarioimagen.net\/index.php?rest_route=\/wp\/v2\/posts\/574429\/revisions"}],"wp:featuredmedia":[{"embeddable":true,"href":"https:\/\/www.diarioimagen.net\/index.php?rest_route=\/wp\/v2\/media\/574500"}],"wp:attachment":[{"href":"https:\/\/www.diarioimagen.net\/index.php?rest_route=%2Fwp%2Fv2%2Fmedia&parent=574429"}],"wp:term":[{"taxonomy":"category","embeddable":true,"href":"https:\/\/www.diarioimagen.net\/index.php?rest_route=%2Fwp%2Fv2%2Fcategories&post=574429"},{"taxonomy":"post_tag","embeddable":true,"href":"https:\/\/www.diarioimagen.net\/index.php?rest_route=%2Fwp%2Fv2%2Ftags&post=574429"}],"curies":[{"name":"wp","href":"https:\/\/api.w.org\/{rel}","templated":true}]}}