{"id":574455,"date":"2023-02-15T00:01:42","date_gmt":"2023-02-15T06:01:42","guid":{"rendered":"https:\/\/www.diarioimagen.net\/?p=574455"},"modified":"2023-02-15T02:52:42","modified_gmt":"2023-02-15T08:52:42","slug":"481-anos-bien-tapatios-lema-de-la-celebracion-del-aniversario-de-guadalajara","status":"publish","type":"post","link":"https:\/\/www.diarioimagen.net\/?p=574455","title":{"rendered":"\u201c481 a\u00f1os bien tapat\u00edos\u201d lema de la celebraci\u00f3n del aniversario de Guadalajara"},"content":{"rendered":"<h2>De cinco estrellas<\/h2>\n<h5>Victoria Gonz\u00e1lez Prado<\/h5>\n<p>&nbsp;<\/p>\n<ul>\n<li><strong>Bal Harbour Village<em>, Miami, para festejar San Valent\u00edn lo que resta de febrero<\/em><\/strong><\/li>\n<li><strong><em>Delta la \u201caerol\u00ednea m\u00e1s admirada del mundo\u201d nombrada por <\/em>Fortune<\/strong><\/li>\n<\/ul>\n<p>&nbsp;<\/p>\n<div id=\"attachment_574484\" style=\"width: 470px\" class=\"wp-caption aligncenter\"><a href=\"https:\/\/www.diarioimagen.net\/?attachment_id=574484\" rel=\"attachment wp-att-574484\"><img loading=\"lazy\" decoding=\"async\" aria-describedby=\"caption-attachment-574484\" class=\"size-full wp-image-574484\" src=\"https:\/\/www.diarioimagen.net\/wp-content\/uploads\/2023\/02\/turismo-6.jpg\" alt=\"\" width=\"460\" height=\"345\" \/><\/a><p id=\"caption-attachment-574484\" class=\"wp-caption-text\">Diversas actividades para celebrar el aniversario de Guadalajara.<\/p><\/div>\n<p>&nbsp;<\/p>\n<p>No hay duda que el hogar del tequila y el mariachi, es Guadalajara, Jalisco, que curiosamente se fund\u00f3 en 1532 en Nochistl\u00e1n, una segunda vez en Tonal\u00e1 y la tercera en 1535 en Tlacot\u00e1n, pero, la ciudad que hoy conocemos fue fundada oficialmente el 14 de febrero de 1542 en el valle de Atemajac, sobre el margen del r\u00edo San Juan de Dios.<\/p>\n<p>Hoy es destino internacional por excelencia y estar\u00e1 de fiesta celebrando un a\u00f1o\u00a0 m\u00e1s de su fundaci\u00f3n bajo el lema \u201c481 a\u00f1os bien tapat\u00edos\u201d, y habr\u00e1 festividades que llegar\u00e1n a las colonias y barrios m\u00e1s tradicionales de la ciudad con un programa integral de actividades. Habr\u00e1 cultura, literatura, deportes, ballet folkl\u00f3rico, gastronom\u00eda y, por supuesto, mariachi.<\/p>\n<p>La \u201cPerla de Occidente\u201d, como se le conoce a Guadalajara, es sede de los eventos nacionales e internacionales m\u00e1s importantes, como ferias literarias, festivales de m\u00fasica y cine, as\u00ed como casa de importantes equipos deportivos y empresas. Ha destacado por ser cuna de importantes talentos en diversas disciplinas, como <strong>Katya Echazarreta<\/strong>, primera ingeniera mexicana en ir al espacio; <strong>Isaac Hern\u00e1ndez<\/strong>, bailar\u00edn profesional de ballet ganador del <em>Prix Benois de la Danse<\/em>, <strong>Nuria Diosdado<\/strong>, nadadora art\u00edstica en Juegos Ol\u00edmpicos, <strong>Guillermo del Toro<\/strong>, director de cine ganador de un premio Oscar, <strong>Sa\u00fal \u201cCanelo\u201d \u00c1lvarez<\/strong>, considerado el mejor libra por libra en su categor\u00eda, as\u00ed como <strong>Lorena Ochoa<\/strong>, considerada en su momento como la Mejor Golfista del Planeta, por mencionar algunos.<\/p>\n<p>Por ello, la Secretar\u00eda de Turismo del estado de Jalisco y la Oficina de Visitantes y Convenciones de Guadalajara invitan a celebrar y descubrir la historia, arte, tradici\u00f3n e innovaci\u00f3n de esta ciudad tradicionalmente moderna, as\u00ed como de algunas actividades, que se unir\u00e1n a los festejos de conmemoraci\u00f3n de los 200 a\u00f1os de Jalisco como \u201cEstado Libre y Soberano\u201d.<\/p>\n<p>Algunas de las actividades son: a partir de ayer y al 19 de febrero se vivir\u00e1 el evento tem\u00e1tico de luz m\u00e1s grande de Latinoam\u00e9rica. Esta gran celebraci\u00f3n tiene como protagonista a la iluminaci\u00f3n aplicada en 35 atracciones de instalaciones art\u00edsticas conocidas como <em>video mapping<\/em> en cinco sedes: la Catedral, la plaza de la Liberaci\u00f3n, el paseo Fundadores, la plaza Tapat\u00eda y el Instituto Cultural Caba\u00f1as.<\/p>\n<p>El 7\u00b0 Festival Medieval ser\u00e1 los d\u00edas 18 y 19 de febrero en el Rancho Casa Club Casa Blanca (Ixtlahuac\u00e1n de los Membrillos) alojar\u00e1 una celebraci\u00f3n diferente para acercarte a descubrir la Edad Media desde la regi\u00f3n jalisciense a partir de cuatro reinos: Medieval, \u00c1ndalus, Vikingo y de Fantas\u00eda. Es creado por artistas, m\u00fasicos, bailarinas y actores especialistas en la recreaci\u00f3n de la vida medieval y gozar\u00e1 de m\u00e1s de 30 opciones de espect\u00e1culos como batallas y justas de caballeros; concierto folk medieval, celta y n\u00f3rdico; danza medieval, n\u00f3rdica, de brujas, \u00e1rabe y tribal; funeral vikingo, exhibici\u00f3n de aves, conferencias de armas de la \u00e9poca, <em>performance<\/em> de orcos y seres fant\u00e1sticos; bodas medievales y vikingas; campamento, recorrido nocturno con antorchas, torneos, juegos y mercadillo con comida y art\u00edculos medievales, vikingos y paganos.<\/p>\n<p>\u2730\u2730\u2730\u2730\u2730 Cupido se pasa rondando, durante todo el mes de febrero, a las parejas y les lanza sus flechas para que la uni\u00f3n sea perfecta y todos aquellos enamorados puedan demostrar su amor.<\/p>\n<p>Por esa raz\u00f3n, <em>Bal Harbour Village,<\/em> la exclusiva zona con resorts, restaurantes y hoteles de lujo en Miami, Florida, prepar\u00f3 experiencias para celebrar a los enamorados.<\/p>\n<p><em>The St. Regis Bal Harbour<\/em> plane\u00f3 un paquete de lujo con el fin de que las personas disfruten de su amor. \u00c9ste incluye una fiesta \u00edntima a bordo de un mega yate, adem\u00e1s una estad\u00eda de tres noches en la suite <em>Palace, <\/em>la m\u00e1s glamorosa del resort, la cual se completa con el servicio de mayordomo privado.<\/p>\n<p>Con este paquete, las parejas podr\u00e1n disfrutar de un lujoso yate a motor de 116 pies, que cuenta con todas las comodidades de una propiedad frente al mar con habitaciones, m\u00faltiples \u00e1reas para comer, <em>Dj<\/em> privado, as\u00ed como <em>sol\u00e1rium<\/em> para tomar el sol de Miami.<\/p>\n<p>El inmueble completa la experiencia con una cena <em>Omakase <\/em>de 16 platos y men\u00fa maridaje que incluye champ\u00e1n.<\/p>\n<p>El estilo no queda fuera, por lo que este resort preparar\u00e1 una sesi\u00f3n privada de estilismo en <em>Bal Harbour Shops<\/em> y as\u00ed vestir a la pareja antes de que comience la celebraci\u00f3n.<\/p>\n<p>Para cerrar con broche de oro este festejo, el paquete incluye un tratamiento en el Spa del resort. M\u00e1s informaci\u00f3n: <em>www.marriott.com\/en-us\/hotels\/miaxr-the-st-regis-bal-harbour-resort\/<\/em><\/p>\n<p>\u2730\u2730\u2730\u2730\u2730 Por valores que incluyen innovaci\u00f3n y gesti\u00f3n de recursos humanos, Delta fue nombrada la aerol\u00ednea m\u00e1s admirada del mundo por <em>Fortune<\/em>, as\u00ed la compa\u00f1\u00eda ocupa el puesto n\u00famero uno en todos los \u00e1mbitos de la industria.<\/p>\n<p>La aerol\u00ednea, tambi\u00e9n obtuvo la calificaci\u00f3n m\u00e1s alta que cualquier otra en la lista general de las compa\u00f1\u00edas m\u00e1s admiradas, subiendo al n\u00famero 12 este a\u00f1o.<\/p>\n<p>Adem\u00e1s de la evoluci\u00f3n de las experiencias de marca la aerol\u00ednea ha sido constantemente reconocida por su fiabilidad operativa, lo que refleja la complejidad operativa y el trabajo ejemplar de la gente de Delta para lograr un rendimiento puntual al tiempo que se limita el impacto de las interrupciones a sus clientes.<\/p>\n<p><strong>Ed Bastian<\/strong>, CEO de Delta dijo: \u201cno podr\u00eda estar m\u00e1s orgulloso del equipo de la aerol\u00ednea al ser nombrado en la lista de <em>Fortune<\/em> de las compa\u00f1\u00edas m\u00e1s admiradas por 10\u00ba a\u00f1o consecutivo. Este premio es un gran testimonio y un reconocimiento a todo su arduo trabajo, su dedicaci\u00f3n y su \u00e9xito. No es de extra\u00f1ar que sean reconocidos constantemente entre los mejores\u201d.<\/p>\n<p>&nbsp;<\/p>\n<blockquote>\n<p style=\"text-align: right;\">\u201c<strong>El<\/strong> <strong>\u00e1ngel de la fama tiene sus alas hechas de papel&#8230; peri\u00f3dico\u201d.<br \/>\n<\/strong><\/p>\n<\/blockquote>\n<p>&nbsp;<\/p>\n<p><em><span class=\"Apple-converted-space\"><a href=\"mailto:victoriagprado@gmail.com\" target=\"_blank\" rel=\"noopener noreferrer\">victoriagprado@gmail.com<\/a><br \/>\nTwitter: <a href=\"https:\/\/twitter.com\/victoriagprado\" target=\"_blank\" rel=\"noopener noreferrer\">@victoriagprado<\/a><\/span><\/em><\/p>\n","protected":false},"excerpt":{"rendered":"<p>No hay duda que el hogar del tequila y el mariachi, es Guadalajara, Jalisco, que curiosamente se fund\u00f3 en 1532 en Nochistl\u00e1n, una segunda vez en Tonal\u00e1 y la tercera en 1535 en Tlacot\u00e1n, pero, la ciudad que hoy conocemos fue fundada oficialmente el 14 de febrero de 1542 en el valle de Atemajac, sobre el margen del r\u00edo San Juan de Dios.<\/p>\n","protected":false},"author":3,"featured_media":574485,"comment_status":"open","ping_status":"open","sticky":false,"template":"","format":"standard","meta":{"_monsterinsights_skip_tracking":false,"_monsterinsights_sitenote_active":false,"_monsterinsights_sitenote_note":"","_monsterinsights_sitenote_category":0,"footnotes":""},"categories":[11],"tags":[107,43674,43681,106],"class_list":["post-574455","post","type-post","status-publish","format-standard","has-post-thumbnail","hentry","category-turismo","tag-de-cinco-estrellas","tag-opinion","tag-turismo","tag-victoria-gonzalez-prado"],"_links":{"self":[{"href":"https:\/\/www.diarioimagen.net\/index.php?rest_route=\/wp\/v2\/posts\/574455","targetHints":{"allow":["GET"]}}],"collection":[{"href":"https:\/\/www.diarioimagen.net\/index.php?rest_route=\/wp\/v2\/posts"}],"about":[{"href":"https:\/\/www.diarioimagen.net\/index.php?rest_route=\/wp\/v2\/types\/post"}],"author":[{"embeddable":true,"href":"https:\/\/www.diarioimagen.net\/index.php?rest_route=\/wp\/v2\/users\/3"}],"replies":[{"embeddable":true,"href":"https:\/\/www.diarioimagen.net\/index.php?rest_route=%2Fwp%2Fv2%2Fcomments&post=574455"}],"version-history":[{"count":0,"href":"https:\/\/www.diarioimagen.net\/index.php?rest_route=\/wp\/v2\/posts\/574455\/revisions"}],"wp:featuredmedia":[{"embeddable":true,"href":"https:\/\/www.diarioimagen.net\/index.php?rest_route=\/wp\/v2\/media\/574485"}],"wp:attachment":[{"href":"https:\/\/www.diarioimagen.net\/index.php?rest_route=%2Fwp%2Fv2%2Fmedia&parent=574455"}],"wp:term":[{"taxonomy":"category","embeddable":true,"href":"https:\/\/www.diarioimagen.net\/index.php?rest_route=%2Fwp%2Fv2%2Fcategories&post=574455"},{"taxonomy":"post_tag","embeddable":true,"href":"https:\/\/www.diarioimagen.net\/index.php?rest_route=%2Fwp%2Fv2%2Ftags&post=574455"}],"curies":[{"name":"wp","href":"https:\/\/api.w.org\/{rel}","templated":true}]}}