{"id":574523,"date":"2023-02-15T00:03:40","date_gmt":"2023-02-15T06:03:40","guid":{"rendered":"https:\/\/www.diarioimagen.net\/?p=574523"},"modified":"2023-02-15T03:14:45","modified_gmt":"2023-02-15T09:14:45","slug":"amlo-se-saldra-con-la-suya","status":"publish","type":"post","link":"https:\/\/www.diarioimagen.net\/?p=574523","title":{"rendered":"AMLO se saldr\u00e1 con la suya"},"content":{"rendered":"<h2>Espacio Electoral<\/h2>\n<h5>Eleazar Flores<\/h5>\n<p>&nbsp;<\/p>\n<p><strong>QU\u00c9 CASUALIDAD-.<\/strong> La docilidad legislativa en las C\u00e1maras la impone el jefe del comando guinda por lo que no es raro que ni en el Senado ni en la de Diputados haya urgencia por trabajar para concluir los pendientes que quedaron en el \u201cplan B\u201d, que al quedarse como est\u00e1, se garantizar\u00e1 VIDA ETERNA a los partidos incondicionales de Morena, o sea PT y PVEM.Eso no es todo, el sospechosista acercamiento de \u00faltimas fechas entre el secretario de Gobernaci\u00f3n Ad\u00e1n Augusto L\u00f3pez con el l\u00edder senatorial Ricardo Monreal, ampliamente publicitados, es para que \u00e9ste deje de pisar el acelerador y el tiempo impida que haya espacio para analizar y dictaminar el odioso \u201cplan B\u201d, que algunos lo llaman ya el \u201cplan A\u201d del agandalle.<\/p>\n<p>En pocas palabras, este tortuguismo totalmente planeado desde Palacio Nacional y obedecido a pie juntillas por senadores y diputados,\u00a0 impedir\u00e1 por cuestiones de tiempo, que tanto la Suprema Corte de Justicia de la Naci\u00f3n como el \u00f3rgano especializado, o sea el Tribunal Electoral del Poder Judicial de la Federaci\u00f3n, puedan impedir los cambios del \u201cplan B\u201d.<\/p>\n<p>De seguir caminando y avanzando el escabroso \u201cplan B\u201d, las elecciones locales de Coahuila y el Estado de M\u00e9xico el pr\u00f3ximo 4 de junio, ser\u00edan las \u00faltimas que se organicen con toda las de la ley, o sea, con personal profesional experimentado y apartidista, con varios a\u00f1os llevando a cabo estos ejercicios en todo el pa\u00eds, en comicios federales y locales.<\/p>\n<p>Y es que entrando en acci\u00f3n el \u201cplan B\u201d las cosas ser\u00edan muy distintas pues las casillas se instalar\u00edan preferentemente en escuelas del pa\u00eds de todos los niveles, edificios p\u00fablicos de seguridad como las flamantes instalaciones de la Guardia Nacional, pero al cuidado de uniformados municipales, estatales y preferentemente federales. Ya no ver\u00e1 a los vecinos suyos que atend\u00edan las casillas y orientaban a los votantes con absoluta imparcialidad.<\/p>\n<p>El panorama militarizado comicial de 2024 lo negar\u00e1n los morenos, como siempre lo hacen, pero tome nota para despu\u00e9s presumir que usted fue de los primeros que lo supo. Igual que cuando le adelant\u00e9 la IDEOLOGIZACI\u00d3N de los libros de texto, hace exactamente dos a\u00f1os y ya ve, es hasta ahora que se ha vuelto tema de actualidad con su GENIO Marx Arriaga a la cabeza.<\/p>\n<p>Este \u00faltimo panorama es el que podr\u00eda imperar en la elecci\u00f3n presidencial de 2024, en la que ciertamente llama la atenci\u00f3n el o los nombres de los candidatos presidenciales, pero no olvide que tambi\u00e9n habr\u00e1 elecciones de 128 senadores y 500 diputados federales.<\/p>\n<p>En su momento le ampliar\u00e9 otro pendiente, los comicios locales en siete entidades con elecci\u00f3n de gobernador, diputados locales y ayuntamientos.<\/p>\n<p><em><a href=\"mailto:elefa44@gmail.com\" target=\"_blank\" rel=\"noopener noreferrer\">lefa44@gmail.com<\/a><\/em><\/p>\n","protected":false},"excerpt":{"rendered":"<p><span style=\"color: #005497;\"><strong>Eleazar Flores<\/strong><\/span><\/p>\n","protected":false},"author":3,"featured_media":0,"comment_status":"open","ping_status":"open","sticky":false,"template":"","format":"standard","meta":{"_monsterinsights_skip_tracking":false,"_monsterinsights_sitenote_active":false,"_monsterinsights_sitenote_note":"","_monsterinsights_sitenote_category":0,"footnotes":""},"categories":[81743],"tags":[81744,81776,43674],"class_list":["post-574523","post","type-post","status-publish","format-standard","hentry","category-eleazar-flores","tag-eleazar-flores","tag-espacio-electoral","tag-opinion"],"_links":{"self":[{"href":"https:\/\/www.diarioimagen.net\/index.php?rest_route=\/wp\/v2\/posts\/574523","targetHints":{"allow":["GET"]}}],"collection":[{"href":"https:\/\/www.diarioimagen.net\/index.php?rest_route=\/wp\/v2\/posts"}],"about":[{"href":"https:\/\/www.diarioimagen.net\/index.php?rest_route=\/wp\/v2\/types\/post"}],"author":[{"embeddable":true,"href":"https:\/\/www.diarioimagen.net\/index.php?rest_route=\/wp\/v2\/users\/3"}],"replies":[{"embeddable":true,"href":"https:\/\/www.diarioimagen.net\/index.php?rest_route=%2Fwp%2Fv2%2Fcomments&post=574523"}],"version-history":[{"count":0,"href":"https:\/\/www.diarioimagen.net\/index.php?rest_route=\/wp\/v2\/posts\/574523\/revisions"}],"wp:attachment":[{"href":"https:\/\/www.diarioimagen.net\/index.php?rest_route=%2Fwp%2Fv2%2Fmedia&parent=574523"}],"wp:term":[{"taxonomy":"category","embeddable":true,"href":"https:\/\/www.diarioimagen.net\/index.php?rest_route=%2Fwp%2Fv2%2Fcategories&post=574523"},{"taxonomy":"post_tag","embeddable":true,"href":"https:\/\/www.diarioimagen.net\/index.php?rest_route=%2Fwp%2Fv2%2Ftags&post=574523"}],"curies":[{"name":"wp","href":"https:\/\/api.w.org\/{rel}","templated":true}]}}