{"id":574689,"date":"2023-02-17T00:01:21","date_gmt":"2023-02-17T06:01:21","guid":{"rendered":"https:\/\/www.diarioimagen.net\/?p=574689"},"modified":"2023-02-19T23:15:25","modified_gmt":"2023-02-20T05:15:25","slug":"predios-de-fonatur-seran-declarados-reservas-naturales-lopez-obrador","status":"publish","type":"post","link":"https:\/\/www.diarioimagen.net\/?p=574689","title":{"rendered":"Predios de Fonatur ser\u00e1n declarados reservas naturales: L\u00f3pez Obrador"},"content":{"rendered":"<p>&nbsp;<\/p>\n<ul>\n<li><em><strong>Las 16 mil hect\u00e1reas est\u00e1n ubicadas en seis estados<\/strong><\/em><\/li>\n<\/ul>\n<p>&nbsp;<\/p>\n<div id=\"attachment_574743\" style=\"width: 470px\" class=\"wp-caption aligncenter\"><a href=\"https:\/\/www.diarioimagen.net\/?attachment_id=574743\" rel=\"attachment wp-att-574743\"><img loading=\"lazy\" decoding=\"async\" aria-describedby=\"caption-attachment-574743\" class=\"size-full wp-image-574743\" src=\"https:\/\/www.diarioimagen.net\/wp-content\/uploads\/2023\/02\/amlo-6.jpg\" alt=\"\" width=\"460\" height=\"270\" \/><\/a><p id=\"caption-attachment-574743\" class=\"wp-caption-text\">El presidente Andr\u00e9s Manuel L\u00f3pez Obrador orden\u00f3 la protecci\u00f3n como reservas naturales de 16 mil hect\u00e1reas propiedad de Fonatur ubicadas en seis estados.<\/p><\/div>\n<p>&nbsp;<\/p>\n<p>Para evitar m\u00e1s privatizaci\u00f3n de playas y proteger flora y fauna, el presidente Andr\u00e9s Manuel L\u00f3pez Obrador orden\u00f3 la protecci\u00f3n como reservas naturales de 16 mil hect\u00e1reas propiedad del Fondo Nacional de Fomento al Turismo (Fonatur), distribuidas en seis entidades del pa\u00eds.<\/p>\n<p>Se trata de terrenos que comprenden 66.80 hect\u00e1reas en Baja California, 8 mil 64.69 hect\u00e1reas en Baja California Sur, 981.71 hect\u00e1reas en Guerrero, 5 mil 263.18 hect\u00e1reas en Oaxaca, 115.79 hect\u00e1reas en en Quintana Roo y mil 921.87 en en Sinaloa.<\/p>\n<p>El primer mandatario dijo que uno de los prop\u00f3sitos de esta decisi\u00f3n es proteger la flora y la fauna presente en estos lugares, as\u00ed como garantizar que la poblaci\u00f3n general pueda disfrutar de estos espacios que durante el periodo neoliberal eran privatizados.<\/p>\n<p>\u201cEl prop\u00f3sito principal es proteger la flora, la fauna, especies en v\u00edas de extinci\u00f3n. Lo segundo es que la poblaci\u00f3n puede disfrutar de estos espacios, ya saben ustedes como en el periodo neoliberal se fueron privatizando las playas y la gente no tiene la posibilidad de disfrutar el mar\u201d, afirm\u00f3 el mandatario. Javier May, titular del Fonatur, explic\u00f3 que el objetivo de este decreto es no permitir que se sigan desarrollando complejos tur\u00edsticos que no benefician en nada al pueblo.<\/p>\n<p>\u201cEn Fonatur no queremos m\u00e1s playas privadas ni desarrollo tur\u00edstico a costa del sufrimiento del pueblo; las playas de M\u00e9xico son de todas y de todos los mexicanos (\u2026) Estamos erradicando el turismo depredador para pasar a un turismo responsable con el medio ambiente y con dimensi\u00f3n social\u201d, expuso el funcionario durante la conferencia matutina.<\/p>\n<p>Por su parte, el director de la Comisi\u00f3n Nacional de \u00c1reas Naturales Protegidas, Ad\u00e1n Pe\u00f1a Fuentes, asegur\u00f3 que con la declaratoria quedar\u00e1n protegidas especies end\u00e9micas de las diferentes regiones como la rata canguro y la lagartija de piedra en Baja California Sur, o el jaguar en Oaxaca, as\u00ed como la guacamaya verde o la tortuga golfina en Guerrero, para un total de hasta 15 especies.<\/p>\n<p>El proceso para la declaratoria de las nuevas \u00e1reas naturales protegidas iniciar\u00e1 con la elaboraci\u00f3n de un estudio t\u00e9cnico justificativo; la publicaci\u00f3n de una aviso en el Diario Oficial de la Federaci\u00f3n (DOF) y la realizaci\u00f3n de una consulta p\u00fablica, para finalizar con la publicaci\u00f3n del decreto en el DOF.<\/p>\n<p>Pe\u00f1a Fuentes adelant\u00f3 que la figura de protecci\u00f3n que podr\u00eda aplicarse a los terrenos de Fonatur ser\u00eda la de parque nacionales. Dijo que con esta medida M\u00e9xico superar\u00e1 las m\u00e1s de 190 \u00e1reas naturales protegidas, adem\u00e1s de 1 mill\u00f3n de hect\u00e1reas destinadas voluntariamente a la conservaci\u00f3n.<\/p>\n<p style=\"text-align: center;\"><strong>AMLO anticipa demanda contra due\u00f1os de Aeromar<\/strong><\/p>\n<p>Sobre el caso Aeromar, L\u00f3pez Obrador reconoci\u00f3 que el rescate financiero de una empresa con altos pasivos como los de Aeromar es totalmente inviable por lo que, despu\u00e9s de los proteger a los trabajadores, se proceder\u00e1 a interponer denuncias contra los due\u00f1os de la compa\u00f1\u00eda a\u00e9rea por los adeudos al Estado mexicano.<\/p>\n<p>El mandatario federal consider\u00f3 que la empresa fue mal administrada y como en otros casos, los due\u00f1os han resultado impunes, pues huyen del pa\u00eds para no enfrentar su responsabilidad administrativa. \u201cPodemos decir que fue una empresa mal administrada, son de esos casos donde quiebran las empresas pero no los due\u00f1os; fue como, o es como, lo del Fobraproa: bancos quebrados, banqueros ricos.<\/p>\n<p>Los due\u00f1os se fueron creo que a Israel, dejaron abandonada a la empresa con deudas de tiempo atr\u00e1s mucho antes de la pandemia\u201d, afirm\u00f3.<\/p>\n<p>\u201cNo le pagaban a los trabajadores; nosotros, para que no cerrara la empresa, mantuvimos sin cobrarles deudas al Estado mexicano, al aeropuerto, al SAT, Infonavit, a distintas dependencias a las que les deben; al final dijeron \u2018cerramos, no podemos\u2019 y se est\u00e1 buscando, fue la instrucci\u00f3n que d\u00ed, apoyar a los trabajadores\u201d.<\/p>\n<p>\u201cEs totalmente inviable, en lo comercial, rescatar algo que tiene un pasivo alt\u00edsimo, debe hasta la renta de los aviones y no tienen bienes, deben combustible, no perdieron, quedaron con esas deudas, pero los due\u00f1os por lo general se protegen\u201d, reproch\u00f3 el jefe del Ejecutivo federal.<\/p>\n<p>Respecto a la posibilidad de que los empleados de la aerol\u00ednea puedan ser colocados en la nueva Mexicana de Aviaci\u00f3n, L\u00f3pez Obrador dijo que se est\u00e1n buscando acuerdos con Aerom\u00e9xico, Volaris y VivaAerobus para que se integren a sus plantillas laborales.<\/p>\n<p>\u201cSe est\u00e1 buscando colocarlos, ya se est\u00e1 avanzando en ello, son alrededor de 500 trabajadores y a quienes compraron boletos se les va a reconocer su dinero, las rutas est\u00e1n dispuestas a cubrirlas creo que tres l\u00edneas a\u00e9reas Volaris, Aerom\u00e9xico y se va a devolver el dinero si compraron boletos\u201d, sostuvo el Presidente.<\/p>\n","protected":false},"excerpt":{"rendered":"<p>Para evitar m\u00e1s privatizaci\u00f3n de playas y proteger flora y fauna, el presidente Andr\u00e9s Manuel L\u00f3pez Obrador orden\u00f3 la protecci\u00f3n como reservas naturales de 16 mil hect\u00e1reas propiedad del Fondo Nacional de Fomento al Turismo (Fonatur), distribuidas en seis entidades del pa\u00eds.<\/p>\n","protected":false},"author":3,"featured_media":574743,"comment_status":"open","ping_status":"open","sticky":false,"template":"","format":"standard","meta":{"_monsterinsights_skip_tracking":false,"_monsterinsights_sitenote_active":false,"_monsterinsights_sitenote_note":"","_monsterinsights_sitenote_category":0,"footnotes":""},"categories":[3],"tags":[5520,22090,92554],"class_list":["post-574689","post","type-post","status-publish","format-standard","has-post-thumbnail","hentry","category-nacional","tag-fonatur","tag-predios","tag-reserva"],"_links":{"self":[{"href":"https:\/\/www.diarioimagen.net\/index.php?rest_route=\/wp\/v2\/posts\/574689","targetHints":{"allow":["GET"]}}],"collection":[{"href":"https:\/\/www.diarioimagen.net\/index.php?rest_route=\/wp\/v2\/posts"}],"about":[{"href":"https:\/\/www.diarioimagen.net\/index.php?rest_route=\/wp\/v2\/types\/post"}],"author":[{"embeddable":true,"href":"https:\/\/www.diarioimagen.net\/index.php?rest_route=\/wp\/v2\/users\/3"}],"replies":[{"embeddable":true,"href":"https:\/\/www.diarioimagen.net\/index.php?rest_route=%2Fwp%2Fv2%2Fcomments&post=574689"}],"version-history":[{"count":0,"href":"https:\/\/www.diarioimagen.net\/index.php?rest_route=\/wp\/v2\/posts\/574689\/revisions"}],"wp:featuredmedia":[{"embeddable":true,"href":"https:\/\/www.diarioimagen.net\/index.php?rest_route=\/wp\/v2\/media\/574743"}],"wp:attachment":[{"href":"https:\/\/www.diarioimagen.net\/index.php?rest_route=%2Fwp%2Fv2%2Fmedia&parent=574689"}],"wp:term":[{"taxonomy":"category","embeddable":true,"href":"https:\/\/www.diarioimagen.net\/index.php?rest_route=%2Fwp%2Fv2%2Fcategories&post=574689"},{"taxonomy":"post_tag","embeddable":true,"href":"https:\/\/www.diarioimagen.net\/index.php?rest_route=%2Fwp%2Fv2%2Ftags&post=574689"}],"curies":[{"name":"wp","href":"https:\/\/api.w.org\/{rel}","templated":true}]}}