{"id":574700,"date":"2023-02-17T00:01:12","date_gmt":"2023-02-17T06:01:12","guid":{"rendered":"https:\/\/www.diarioimagen.net\/?p=574700"},"modified":"2023-02-17T03:19:43","modified_gmt":"2023-02-17T09:19:43","slug":"alcaldesa-angelica-moya-y-dif-naucalpan-se-suman-a-la-lucha-contra-el-cancer-infantil","status":"publish","type":"post","link":"https:\/\/www.diarioimagen.net\/?p=574700","title":{"rendered":"Alcaldesa Ang\u00e9lica Moya y DIF Naucalpan se suman a la lucha contra el c\u00e1ncer infantil"},"content":{"rendered":"<p>&nbsp;<\/p>\n<ul>\n<li><strong><em>Colecta de tapitas de pl\u00e1stico y bolas de estambre<\/em><\/strong><\/li>\n<\/ul>\n<p>&nbsp;<\/p>\n<div id=\"attachment_574760\" style=\"width: 470px\" class=\"wp-caption aligncenter\"><a href=\"https:\/\/www.diarioimagen.net\/?attachment_id=574760\" rel=\"attachment wp-att-574760\"><img loading=\"lazy\" decoding=\"async\" aria-describedby=\"caption-attachment-574760\" class=\"size-full wp-image-574760\" src=\"https:\/\/www.diarioimagen.net\/wp-content\/uploads\/2023\/02\/alcaldesa-angelica.jpg\" alt=\"\" width=\"460\" height=\"270\" \/><\/a><p id=\"caption-attachment-574760\" class=\"wp-caption-text\">La alcaldesa Ang\u00e9lica Moya Mar\u00edn y el DIF Naucalpan iniciaron colecta de tapitas de pl\u00e1stico y bolitas de estambre, en apoyo a infantes con c\u00e1ncer.<\/p><\/div>\n<p>&nbsp;<\/p>\n<p><strong>Naucalpan, Estado de M\u00e9xico.\u2014<\/strong> Historias de amor y solidaridad nacen de la colecta de tapitas de pl\u00e1stico y bolitas de estambre que arranc\u00f3 la alcaldesa Ang\u00e9lica Moya Mar\u00edn y el DIF Naucalpan para sumarse a la lucha contra el c\u00e1ncer infantil, primera causa de muerte por enfermedad en el pa\u00eds en la poblaci\u00f3n de entre 5 y 14 a\u00f1os.<\/p>\n<p>En el marco del D\u00eda Internacional contra el C\u00e1ncer Infantil, la presidenta municipal invit\u00f3 a la poblaci\u00f3n naucalpense a participar en esta colecta, as\u00ed como a la que realiza el Sistema Municipal para el Desarrollo Integral de la Familia (SMDIF) con la donaci\u00f3n de cabello para la elaboraci\u00f3n de pelucas oncol\u00f3gicas.<\/p>\n<p>\u201cHay que sumarnos, generar amor y empat\u00eda; hay que pensar en estos peque\u00f1os que est\u00e1n dando la gran batalla por sus vidas. Parece sencillo, pero no es tan f\u00e1cil, cuesta mucho trabajo, por eso el d\u00eda de hoy honro a estos peque\u00f1os h\u00e9roes sin capa, que son las ni\u00f1as y ni\u00f1os que todos los d\u00edas luchan contra esta enfermedad, y a los pap\u00e1s que dan fortaleza a sus hijos\u201d, expres\u00f3.<\/p>\n<p>La directora del SMDIF, Cynthia Elizondo Basurto, explic\u00f3 que mediante la colecta de bolitas de estambre, integrantes de los clubes de adultos mayores del taller de accesorios oncol\u00f3gicos de la instituci\u00f3n, tejer\u00e1n gorritos para donarlos a los peque\u00f1os pacientes.<\/p>\n<p>Invit\u00f3 a los naucalpenses a sumarse al acopio de tapitas de pl\u00e1stico, que ser\u00e1n entregadas a una asociaci\u00f3n civil dedicada a la asistencia m\u00e9dica y tratamiento oncol\u00f3gico, mediante contenedores ubicados en puntos estrat\u00e9gicos de la demarcaci\u00f3n, uno de ellos se localiza en el palacio municipal.<\/p>\n<p>Olivia Bonilla Salazar, presidenta de la asociaci\u00f3n civil SEMABO, que apoya a infantes con la enfermedad, reconoci\u00f3 a la alcaldesa Ang\u00e9lica Moya el poner el tema en la agenda municipal, toda vez que cada a\u00f1o se diagnostican aproximadamente 5 mil nuevos casos de c\u00e1ncer en la poblaci\u00f3n infantil y juvenil, de entre 0 y 19 a\u00f1os de edad.<\/p>\n","protected":false},"excerpt":{"rendered":"<p>Historias de amor y solidaridad nacen de la colecta de tapitas de pl\u00e1stico y bolitas de estambre que arranc\u00f3 la alcaldesa Ang\u00e9lica Moya Mar\u00edn y el DIF Naucalpan para sumarse a la lucha contra el c\u00e1ncer infantil, primera causa de muerte por enfermedad en el pa\u00eds en la poblaci\u00f3n de entre 5 y 14 a\u00f1os.<\/p>\n","protected":false},"author":3,"featured_media":574760,"comment_status":"open","ping_status":"open","sticky":false,"template":"","format":"standard","meta":{"_monsterinsights_skip_tracking":false,"_monsterinsights_sitenote_active":false,"_monsterinsights_sitenote_note":"","_monsterinsights_sitenote_category":0,"footnotes":""},"categories":[5],"tags":[93139,43675,970],"class_list":["post-574700","post","type-post","status-publish","format-standard","has-post-thumbnail","hentry","category-estado-de-mexico","tag-angelica-moya-marin","tag-estado-de-mexico","tag-naucalpan"],"_links":{"self":[{"href":"https:\/\/www.diarioimagen.net\/index.php?rest_route=\/wp\/v2\/posts\/574700","targetHints":{"allow":["GET"]}}],"collection":[{"href":"https:\/\/www.diarioimagen.net\/index.php?rest_route=\/wp\/v2\/posts"}],"about":[{"href":"https:\/\/www.diarioimagen.net\/index.php?rest_route=\/wp\/v2\/types\/post"}],"author":[{"embeddable":true,"href":"https:\/\/www.diarioimagen.net\/index.php?rest_route=\/wp\/v2\/users\/3"}],"replies":[{"embeddable":true,"href":"https:\/\/www.diarioimagen.net\/index.php?rest_route=%2Fwp%2Fv2%2Fcomments&post=574700"}],"version-history":[{"count":0,"href":"https:\/\/www.diarioimagen.net\/index.php?rest_route=\/wp\/v2\/posts\/574700\/revisions"}],"wp:featuredmedia":[{"embeddable":true,"href":"https:\/\/www.diarioimagen.net\/index.php?rest_route=\/wp\/v2\/media\/574760"}],"wp:attachment":[{"href":"https:\/\/www.diarioimagen.net\/index.php?rest_route=%2Fwp%2Fv2%2Fmedia&parent=574700"}],"wp:term":[{"taxonomy":"category","embeddable":true,"href":"https:\/\/www.diarioimagen.net\/index.php?rest_route=%2Fwp%2Fv2%2Fcategories&post=574700"},{"taxonomy":"post_tag","embeddable":true,"href":"https:\/\/www.diarioimagen.net\/index.php?rest_route=%2Fwp%2Fv2%2Ftags&post=574700"}],"curies":[{"name":"wp","href":"https:\/\/api.w.org\/{rel}","templated":true}]}}