{"id":574703,"date":"2023-02-17T00:02:14","date_gmt":"2023-02-17T06:02:14","guid":{"rendered":"https:\/\/www.diarioimagen.net\/?p=574703"},"modified":"2023-02-17T03:18:39","modified_gmt":"2023-02-17T09:18:39","slug":"plasman-el-amor-en-palabras-a-traves-de-libros-del-fondo-editorial-estado-de-mexico","status":"publish","type":"post","link":"https:\/\/www.diarioimagen.net\/?p=574703","title":{"rendered":"Plasman el amor en palabras, a trav\u00e9s de libros del Fondo Editorial Estado de M\u00e9xico"},"content":{"rendered":"<p>&nbsp;<\/p>\n<ul>\n<li><strong><em>Invitaci\u00f3n a descubrir lecturas<\/em><\/strong><\/li>\n<\/ul>\n<p>&nbsp;<\/p>\n<div id=\"attachment_574755\" style=\"width: 470px\" class=\"wp-caption aligncenter\"><a href=\"https:\/\/www.diarioimagen.net\/?attachment_id=574755\" rel=\"attachment wp-att-574755\"><img loading=\"lazy\" decoding=\"async\" aria-describedby=\"caption-attachment-574755\" class=\"size-full wp-image-574755\" src=\"https:\/\/www.diarioimagen.net\/wp-content\/uploads\/2023\/02\/plasman-amor.jpg\" alt=\"\" width=\"460\" height=\"270\" \/><\/a><p id=\"caption-attachment-574755\" class=\"wp-caption-text\">El Fondo Editorial Estado de M\u00e9xico, de la Secretar\u00eda de Cultura y Turismo, invit\u00f3 a descubrir lecturas que tienen como inspiraci\u00f3n los sentimientos que unen a las personas.<\/p><\/div>\n<p>&nbsp;<\/p>\n<p><strong>Toluca, Estado de M\u00e9xico.\u2014<\/strong> En el marco del D\u00eda del Amor y la Amistad, el Fondo Editorial Estado de M\u00e9xico (FOEM), de la Secretar\u00eda de Cultura y Turismo, invit\u00f3 a descubrir lecturas que tienen como inspiraci\u00f3n los sentimientos que unen a las personas y que las convierten en seres queridos.<\/p>\n<p>Con tem\u00e1ticas variadas, el FOEM lleva a los lectores grandes ense\u00f1anzas a trav\u00e9s de historias conmovedoras, como \u201cEl tama\u00f1o del coraz\u00f3n\u201d, de Emma S\u00e1nchez Varela, que con la historia de Rat\u00f3n ratoncito, el lector podr\u00e1 encontrar la respuesta a si es importante el tama\u00f1o del coraz\u00f3n a la hora de amar. Con ilustraciones bellas, las p\u00e1ginas de este libro cobran vida.<\/p>\n<p>\u201cLas cosas de fondo\u201d, de Liliana Allami, cuenta la historia de diversos personajes que llevan al lector a internarse por caminos que le son reconocibles, cotidianos, casi recortados de su propia realidad.<\/p>\n<p>Dentro de estos relatos, se hacen evidentes los conflictos amorosos y el efecto del tiempo en los sentimientos de los personajes. Con matices de humor y un dramatismo crudo, la autora est\u00e1 atenta a la necesidad de intrigar y atrapar al lector.<\/p>\n<p>Para los que son m\u00e1s allegados a la poes\u00eda, \u201cLa rueca inm\u00f3vil de la ermita\u00f1a\u201d, de Lizbeth Padilla, rescata del silencio las voces humanas de lejanos milenios y despliega en sus versos un mundo de antiguas creencias, un mundo que trata de comunicarse con la actualidad.<\/p>\n<p>A trav\u00e9s de diversos g\u00e9neros literarios, el lector puede encontrar lecturas que lo har\u00e1n conectar con lo m\u00e1s profundo de su ser, de reconocer emociones genuinas y de llegar a una reflexi\u00f3n que le servir\u00e1 para el futuro.<\/p>\n","protected":false},"excerpt":{"rendered":"<p>En el marco del D\u00eda del Amor y la Amistad, el Fondo Editorial Estado de M\u00e9xico (FOEM), de la Secretar\u00eda de Cultura y Turismo, invit\u00f3 a descubrir lecturas que tienen como inspiraci\u00f3n los sentimientos que unen a las personas y que las convierten en seres queridos.<\/p>\n","protected":false},"author":3,"featured_media":574755,"comment_status":"open","ping_status":"open","sticky":false,"template":"","format":"standard","meta":{"_monsterinsights_skip_tracking":false,"_monsterinsights_sitenote_active":false,"_monsterinsights_sitenote_note":"","_monsterinsights_sitenote_category":0,"footnotes":""},"categories":[5],"tags":[43675,97352,452],"class_list":["post-574703","post","type-post","status-publish","format-standard","has-post-thumbnail","hentry","category-estado-de-mexico","tag-estado-de-mexico","tag-fondo-editorial-estado-de-mexico","tag-toluca"],"_links":{"self":[{"href":"https:\/\/www.diarioimagen.net\/index.php?rest_route=\/wp\/v2\/posts\/574703","targetHints":{"allow":["GET"]}}],"collection":[{"href":"https:\/\/www.diarioimagen.net\/index.php?rest_route=\/wp\/v2\/posts"}],"about":[{"href":"https:\/\/www.diarioimagen.net\/index.php?rest_route=\/wp\/v2\/types\/post"}],"author":[{"embeddable":true,"href":"https:\/\/www.diarioimagen.net\/index.php?rest_route=\/wp\/v2\/users\/3"}],"replies":[{"embeddable":true,"href":"https:\/\/www.diarioimagen.net\/index.php?rest_route=%2Fwp%2Fv2%2Fcomments&post=574703"}],"version-history":[{"count":0,"href":"https:\/\/www.diarioimagen.net\/index.php?rest_route=\/wp\/v2\/posts\/574703\/revisions"}],"wp:featuredmedia":[{"embeddable":true,"href":"https:\/\/www.diarioimagen.net\/index.php?rest_route=\/wp\/v2\/media\/574755"}],"wp:attachment":[{"href":"https:\/\/www.diarioimagen.net\/index.php?rest_route=%2Fwp%2Fv2%2Fmedia&parent=574703"}],"wp:term":[{"taxonomy":"category","embeddable":true,"href":"https:\/\/www.diarioimagen.net\/index.php?rest_route=%2Fwp%2Fv2%2Fcategories&post=574703"},{"taxonomy":"post_tag","embeddable":true,"href":"https:\/\/www.diarioimagen.net\/index.php?rest_route=%2Fwp%2Fv2%2Ftags&post=574703"}],"curies":[{"name":"wp","href":"https:\/\/api.w.org\/{rel}","templated":true}]}}