{"id":574833,"date":"2023-02-20T00:06:24","date_gmt":"2023-02-20T06:06:24","guid":{"rendered":"https:\/\/www.diarioimagen.net\/?p=574833"},"modified":"2023-02-21T02:02:49","modified_gmt":"2023-02-21T08:02:49","slug":"pan-pal-susto-podcast-sobre-historias-de-salud-se-suma-a-la-programacion-de-uniradio-99-7-fm","status":"publish","type":"post","link":"https:\/\/www.diarioimagen.net\/?p=574833","title":{"rendered":"\u201cPan pa\u2019l susto\u201d, podcast sobre historias de salud, se suma a la programaci\u00f3n de UniRadio 99.7 FM"},"content":{"rendered":"<p><em>\u00a0<\/em><\/p>\n<ul>\n<li><strong><em>A partir del 21 de febrero tambi\u00e9n se integrar\u00e1 el programa de divulgaci\u00f3n \u201cBienestar total\u201d<\/em><\/strong><\/li>\n<\/ul>\n<p><strong>\u00a0<\/strong><\/p>\n<div id=\"attachment_574952\" style=\"width: 470px\" class=\"wp-caption aligncenter\"><a href=\"https:\/\/www.diarioimagen.net\/?attachment_id=574952\" rel=\"attachment wp-att-574952\"><img loading=\"lazy\" decoding=\"async\" aria-describedby=\"caption-attachment-574952\" class=\"size-full wp-image-574952\" src=\"https:\/\/www.diarioimagen.net\/wp-content\/uploads\/2023\/02\/uaem-pan-pal.jpg\" alt=\"\" width=\"460\" height=\"270\" \/><\/a><p id=\"caption-attachment-574952\" class=\"wp-caption-text\">La directora de UniRadio 99.7 FM, Jacqueline Valderrabano Malag\u00f3n, explic\u00f3 que se enriquece su programaci\u00f3n con periodismo de ciencia y divulgaci\u00f3n de la salud.<\/p><\/div>\n<p>&nbsp;<\/p>\n<p><strong>Toluca, Estado de M\u00e9xico.\u2013<\/strong> Como parte de los festejos por el 16\u00b0 Aniversario de UniRadio 99.7 FM, estaci\u00f3n de la Universidad Aut\u00f3noma del Estado de M\u00e9xico (UAEM\u00e9x), se present\u00f3 el podcast \u201cPan pa\u2019l susto\u201d, proyecto que busca desmitificar temas de salud, a trav\u00e9s de historias centradas en el testimonio de personas con alg\u00fan padecimiento, el cual ser\u00e1 transmitido por la radiodifusora universitaria.<\/p>\n<p>En el Teatro Universitario \u201cEsv\u00f3n Gamaliel\u201d, la directora general de Comunicaci\u00f3n Universitaria, Ginarely Valencia Alc\u00e1ntara, explic\u00f3 que este podcast es una colaboraci\u00f3n sonora que fortalece la oferta period\u00edstica de la emisora universitaria y se integrar\u00e1 a la barra program\u00e1tica a partir del 21 de febrero pr\u00f3ximo.<\/p>\n<p>Por su parte, la directora de UniRadio 99.7 FM, Jacqueline Valderrabano Malag\u00f3n, inform\u00f3 que el objetivo de ampliar los contenidos de salud en la barra program\u00e1tica de la radiodifusora universitaria responde a la necesidad de acercar informaci\u00f3n confiable en la materia, por lo que el podcast \u201cPan pa\u00b4l susto\u201d se alternar\u00e1 con el programa \u201cBienestar Total\u201d en el que participar\u00e1n especialistas de las facultades de Medicina, Odontolog\u00eda, Ciencias de la Conducta, as\u00ed como de la Cl\u00ednica Multidisciplinaria de Salud (CMS).<\/p>\n<p>En su oportunidad, los periodistas de ciencia, Maricarmen Clim\u00e9nt Palmer, Aleida Rueda Rodr\u00edguez, Itzel Elizabeth G\u00f3mez Gurrola y Carlos Antonio S\u00e1nchez Rodr\u00edguez, quienes desarrollaron el podcast \u201cPan Pa\u2019l Susto\u201d, compartieron fragmentos de algunos episodios y explicaron que la atenci\u00f3n al dolor fue un elemento en com\u00fan durante su desarrollo.<\/p>\n<p>Clim\u00e9nt Palmer, tambi\u00e9n especialista en comunicaci\u00f3n de riesgos, enfatiz\u00f3 que es necesario cuestionar lo que se piensa de las enfermedades desde un enfoque humano; en tanto, Rueda Rodr\u00edguez, miembro fundadora de la Red Mexicana de Periodistas de Ciencia (RedMPC), coment\u00f3 que uno de los objetivos del podcast es mostrar la manera en que la salud se confronta con problemas sociales, diferencias econ\u00f3micas y geogr\u00e1ficas e incluso, con las emociones de las y los entrevistados.<\/p>\n<p>Finalmente, Itzel Elizabeth G\u00f3mez Gurrola y Carlos Antonio S\u00e1nchez Rodr\u00edguez invitaron a la comunidad universitaria a escuchar el podcast o participar con alguna historia en el proyecto, as\u00ed como tener mayor conciencia sobre la prevenci\u00f3n de enfermedades gracias a un diagn\u00f3stico temprano.<\/p>\n<p>Cabe hacer menci\u00f3n que con esta conferencia iniciaron los festejos del aniversario 16 de la emisora universitaria, que comprenden conferencias, un concierto y convivencia con sus audiencias. Para m\u00e1s informaci\u00f3n, los interesados pueden consultar las redes oficiales en Facebook (@UniRadio997) y Twitter (@UniRadio997FM).<\/p>\n","protected":false},"excerpt":{"rendered":"<p>Como parte de los festejos por el 16\u00b0 Aniversario de UniRadio 99.7 FM, estaci\u00f3n de la Universidad Aut\u00f3noma del Estado de M\u00e9xico (UAEM\u00e9x), se present\u00f3 el podcast \u201cPan pa\u2019l susto\u201d, proyecto que busca desmitificar temas de salud, a trav\u00e9s de historias centradas en el testimonio de personas con alg\u00fan padecimiento, el cual ser\u00e1 transmitido por la radiodifusora universitaria.<\/p>\n","protected":false},"author":3,"featured_media":574952,"comment_status":"open","ping_status":"open","sticky":false,"template":"","format":"standard","meta":{"_monsterinsights_skip_tracking":false,"_monsterinsights_sitenote_active":false,"_monsterinsights_sitenote_note":"","_monsterinsights_sitenote_category":0,"footnotes":""},"categories":[5],"tags":[43675,96547,452,67878,1490],"class_list":["post-574833","post","type-post","status-publish","format-standard","has-post-thumbnail","hentry","category-estado-de-mexico","tag-estado-de-mexico","tag-podcast","tag-toluca","tag-uaemex","tag-universidad-autonoma-del-estado-de-mexico"],"_links":{"self":[{"href":"https:\/\/www.diarioimagen.net\/index.php?rest_route=\/wp\/v2\/posts\/574833","targetHints":{"allow":["GET"]}}],"collection":[{"href":"https:\/\/www.diarioimagen.net\/index.php?rest_route=\/wp\/v2\/posts"}],"about":[{"href":"https:\/\/www.diarioimagen.net\/index.php?rest_route=\/wp\/v2\/types\/post"}],"author":[{"embeddable":true,"href":"https:\/\/www.diarioimagen.net\/index.php?rest_route=\/wp\/v2\/users\/3"}],"replies":[{"embeddable":true,"href":"https:\/\/www.diarioimagen.net\/index.php?rest_route=%2Fwp%2Fv2%2Fcomments&post=574833"}],"version-history":[{"count":0,"href":"https:\/\/www.diarioimagen.net\/index.php?rest_route=\/wp\/v2\/posts\/574833\/revisions"}],"wp:featuredmedia":[{"embeddable":true,"href":"https:\/\/www.diarioimagen.net\/index.php?rest_route=\/wp\/v2\/media\/574952"}],"wp:attachment":[{"href":"https:\/\/www.diarioimagen.net\/index.php?rest_route=%2Fwp%2Fv2%2Fmedia&parent=574833"}],"wp:term":[{"taxonomy":"category","embeddable":true,"href":"https:\/\/www.diarioimagen.net\/index.php?rest_route=%2Fwp%2Fv2%2Fcategories&post=574833"},{"taxonomy":"post_tag","embeddable":true,"href":"https:\/\/www.diarioimagen.net\/index.php?rest_route=%2Fwp%2Fv2%2Ftags&post=574833"}],"curies":[{"name":"wp","href":"https:\/\/api.w.org\/{rel}","templated":true}]}}