{"id":574860,"date":"2023-02-20T00:03:24","date_gmt":"2023-02-20T06:03:24","guid":{"rendered":"https:\/\/www.diarioimagen.net\/?p=574860"},"modified":"2023-02-20T03:12:50","modified_gmt":"2023-02-20T09:12:50","slug":"rehabilitan-instalaciones-de-la-institucion-comunidad-moss","status":"publish","type":"post","link":"https:\/\/www.diarioimagen.net\/?p=574860","title":{"rendered":"Rehabilitan instalaciones de la instituci\u00f3n Comunidad Moss"},"content":{"rendered":"<p>&nbsp;<\/p>\n<ul>\n<li><strong><em>Atiende a discapacitados en Tlalnepantla<br \/>\n<\/em><\/strong><\/li>\n<\/ul>\n<p>&nbsp;<\/p>\n<div id=\"attachment_574967\" style=\"width: 470px\" class=\"wp-caption aligncenter\"><a href=\"https:\/\/www.diarioimagen.net\/?attachment_id=574967\" rel=\"attachment wp-att-574967\"><img loading=\"lazy\" decoding=\"async\" aria-describedby=\"caption-attachment-574967\" class=\"size-full wp-image-574967\" src=\"https:\/\/www.diarioimagen.net\/wp-content\/uploads\/2023\/02\/rehabilitan-instituciones.jpg\" alt=\"\" width=\"460\" height=\"270\" \/><\/a><p id=\"caption-attachment-574967\" class=\"wp-caption-text\">Rehabilitan las instalaciones de Comunidad Moss, Instituci\u00f3n de Asistencia Privada, en Tlalnepantla.<\/p><\/div>\n<p>&nbsp;<\/p>\n<p><strong>Tlalnepantla, Estado de M\u00e9xico.\u2014<\/strong> Para sumar esfuerzos a favor de los sectores en situaci\u00f3n de vulnerabilidad, \u201cJugos del Valle Santa Clara\u201d don\u00f3 cuatro cubetas de pintura de diversos colores, un gal\u00f3n de pintura de aceite para herrer\u00eda y portones, 10 rodillos, 10 brochas, as\u00ed como dos extensiones para rehabilitar y pintar las instalaciones de Comunidad Moss, Instituci\u00f3n de Asistencia Privada (IAP).<\/p>\n<p>Esta IAP se encuentra certificada ante la Junta de Asistencia Privada del Estado de M\u00e9xico (JAPEM), organismo auxiliar de la Secretar\u00eda de Desarrollo Social y se encarga de brindar apoyo y educaci\u00f3n especial a 16 personas con alguna discapacidad y que no cuentan con los recursos necesarios para su tratamiento.<\/p>\n<p>Esta instituci\u00f3n, ubicada en este municipio, ofrece terapia f\u00edsica, rehabilitaci\u00f3n, educaci\u00f3n especial, desarrollo de habilidades y funciona como albergue durante el d\u00eda. Fue creada por padres de familia cuyos hijos tienen discapacidad f\u00edsica, motriz o intelectual y, que por diferentes circunstancias, no pudieron ser atendidos en un centro p\u00fablico.<\/p>\n<p>Al respecto, Alfonso Naveda Faure, Secretario Ejecutivo de la JAPEM, inform\u00f3 que tienen una campa\u00f1a permanente para convocar a la ciudadan\u00eda a que se sume como voluntario en labores de limpieza, cocina, mantenimiento, as\u00ed como para contar y clasificar donativos.<\/p>\n<p>A su vez, exhort\u00f3 a la ciudadan\u00eda a que puedan donar su experiencia profesional para ayudar a quienes m\u00e1s lo necesitan, como psic\u00f3logos, m\u00e9dicos, dentistas, trabajadores sociales, abogados y contadores, entre otros oficios y profesiones.<\/p>\n","protected":false},"excerpt":{"rendered":"<p>Para sumar esfuerzos a favor de los sectores en situaci\u00f3n de vulnerabilidad, \u201cJugos del Valle Santa Clara\u201d don\u00f3 cuatro cubetas de pintura de diversos colores, un gal\u00f3n de pintura de aceite para herrer\u00eda y portones, 10 rodillos, 10 brochas, as\u00ed como dos extensiones para rehabilitar y pintar las instalaciones de Comunidad Moss, Instituci\u00f3n de Asistencia Privada (IAP).<\/p>\n","protected":false},"author":3,"featured_media":574967,"comment_status":"open","ping_status":"open","sticky":false,"template":"","format":"standard","meta":{"_monsterinsights_skip_tracking":false,"_monsterinsights_sitenote_active":false,"_monsterinsights_sitenote_note":"","_monsterinsights_sitenote_category":0,"footnotes":""},"categories":[5],"tags":[43675,71045,83242,169],"class_list":["post-574860","post","type-post","status-publish","format-standard","has-post-thumbnail","hentry","category-estado-de-mexico","tag-estado-de-mexico","tag-iap","tag-japem","tag-tlalnepantla"],"_links":{"self":[{"href":"https:\/\/www.diarioimagen.net\/index.php?rest_route=\/wp\/v2\/posts\/574860","targetHints":{"allow":["GET"]}}],"collection":[{"href":"https:\/\/www.diarioimagen.net\/index.php?rest_route=\/wp\/v2\/posts"}],"about":[{"href":"https:\/\/www.diarioimagen.net\/index.php?rest_route=\/wp\/v2\/types\/post"}],"author":[{"embeddable":true,"href":"https:\/\/www.diarioimagen.net\/index.php?rest_route=\/wp\/v2\/users\/3"}],"replies":[{"embeddable":true,"href":"https:\/\/www.diarioimagen.net\/index.php?rest_route=%2Fwp%2Fv2%2Fcomments&post=574860"}],"version-history":[{"count":0,"href":"https:\/\/www.diarioimagen.net\/index.php?rest_route=\/wp\/v2\/posts\/574860\/revisions"}],"wp:featuredmedia":[{"embeddable":true,"href":"https:\/\/www.diarioimagen.net\/index.php?rest_route=\/wp\/v2\/media\/574967"}],"wp:attachment":[{"href":"https:\/\/www.diarioimagen.net\/index.php?rest_route=%2Fwp%2Fv2%2Fmedia&parent=574860"}],"wp:term":[{"taxonomy":"category","embeddable":true,"href":"https:\/\/www.diarioimagen.net\/index.php?rest_route=%2Fwp%2Fv2%2Fcategories&post=574860"},{"taxonomy":"post_tag","embeddable":true,"href":"https:\/\/www.diarioimagen.net\/index.php?rest_route=%2Fwp%2Fv2%2Ftags&post=574860"}],"curies":[{"name":"wp","href":"https:\/\/api.w.org\/{rel}","templated":true}]}}