{"id":574865,"date":"2023-02-20T00:02:28","date_gmt":"2023-02-20T06:02:28","guid":{"rendered":"https:\/\/www.diarioimagen.net\/?p=574865"},"modified":"2023-02-20T03:14:01","modified_gmt":"2023-02-20T09:14:01","slug":"programa-libro-bus-del-fce-un-exito-en-escuelas-de-tlalnepantla","status":"publish","type":"post","link":"https:\/\/www.diarioimagen.net\/?p=574865","title":{"rendered":"Programa \u201cLibro Bus\u201d, del FCE, un \u00e9xito en escuelas de Tlalnepantla"},"content":{"rendered":"<p><strong>\u00a0<\/strong><\/p>\n<ul>\n<li><em><strong>Extender\u00e1n jornadas una semana m\u00e1s<\/strong><\/em><\/li>\n<\/ul>\n<p><strong>\u00a0<\/strong><\/p>\n<h6>Arturo Baena<\/h6>\n<p>&nbsp;<\/p>\n<div id=\"attachment_574971\" style=\"width: 470px\" class=\"wp-caption aligncenter\"><a href=\"https:\/\/www.diarioimagen.net\/?attachment_id=574971\" rel=\"attachment wp-att-574971\"><img loading=\"lazy\" decoding=\"async\" aria-describedby=\"caption-attachment-574971\" class=\"size-full wp-image-574971\" src=\"https:\/\/www.diarioimagen.net\/wp-content\/uploads\/2023\/02\/programa-librobus.jpg\" alt=\"\" width=\"460\" height=\"270\" \/><\/a><p id=\"caption-attachment-574971\" class=\"wp-caption-text\">El programa \u201cLibro Bus\u201d, del Fondo de Cultura Econ\u00f3mica, se extender\u00e1n al menos una semana m\u00e1s en Tlalnepantla.<\/p><\/div>\n<p>&nbsp;<\/p>\n<p><strong>Tlalnepantla, Estado de M\u00e9xico.\u2014<\/strong> Debido al \u00e9xito que ha tenido en escuelas de nivel b\u00e1sico y medio del municipio las jornadas del programa \u201cLibro Bus\u201d, del Fondo de Cultura Econ\u00f3mica (FCE), se extender\u00e1n al menos una semana m\u00e1s en esta localidad mexiquense.<\/p>\n<p>El diputado Max Correa Hern\u00e1ndez, quien promovi\u00f3 las visitas del \u201cLibro Bus\u201d en los centros educativos en la llamada \u201cTierra de Enmedio\u201d, manifest\u00f3 que este programa consiste en llevar a quienes lo soliciten charlas con escritores, presentaci\u00f3n de cuenta cuentos, y un camioncito que exhibe diversos t\u00edtulos a precios accesibles.<\/p>\n<p>Las Jornada de visita del \u201cLibro Bus\u201d es una estrategia del FCE para promover la lectura por placer y para llevarla a cabo primero se hace una visita a los directivos de las escuelas y padres de familia para explicarles los procedimientos, y se les invita para que se involucren junto con sus hijos y familia. A los alumnos se les impulsa a ahorrar por 15 o 20 d\u00edas para que puedan adquirir el texto que m\u00e1s les atraiga, dijo.<\/p>\n<p>Durante la inauguraci\u00f3n de las Jornadas de lectura en el Instituto Tecnol\u00f3gico de Tlalnepantla (ITTLA) Campus Oriente, el diputado presidente de la Comisi\u00f3n de Asuntos Metropolitanos del Congreso mexiquense, resalt\u00f3 la importancia de leer por placer, ya que nos permite tener ciudadanos con un desarrollo de valores y rescatar el humanismo de la sociedad.<\/p>\n<p>\u201cTambi\u00e9n nos ayuda a involucrar a la familia en la lectura, porque parte de la intenci\u00f3n del programa es que los padres familia vean en los ni\u00f1os su gusto por la lectura y vayan adquiriendo el gusto por ella, e inicien biblioteca personal, o clubs de lectura entre los j\u00f3venes para que se puedan intercambiar los libros\u201d, se\u00f1al\u00f3.<\/p>\n<p>Tras confirmar que Roberto Rico, responsable del programa, se comprometi\u00f3 a dejar unas semanas m\u00e1s en Tlalnepantla el \u201cLibro Bus\u201d, el legislador de Morena infirm\u00f3 que en San Juan Ixhuatepec se realizar\u00e1 un tendido de libros.<\/p>\n<p>\u201cEsperamos la presencia del escritor y director del FCE, Paco Ignacio Taibo II, y se realizar\u00e1 un homenaje a Jorge Belarmino Fern\u00e1ndez Tom\u00e1s, quien era de la brigada Para leer en libertad, y autor de libros sobre el movimiento sindical y obrero\u201d, dijo.<\/p>\n<p>Para los directivos escolares y padres de familia que deseen que el Programa \u201cLibro bus\u201d visite alguna escuela o comunidad de cualquier municipio, Max Correa se\u00f1al\u00f3 que pueden contactarlo en sus redes sociales: Twitter: @maxcorreah, Facebook: https:\/\/www.facebook.com\/maxcorreah e Instagram: https:\/\/instagram.com\/correamax66<\/p>\n<p>Las escuelas visitadas durante esta semana fueron el Instituto Tecnol\u00f3gico de Tlalnepantla Campus Oriente, Secundaria General No 19 Jaime Sabines, y las primarias L\u00e1zaro C\u00e1rdenas, Felipe Carrillo Puerto y Rodrigo Montes de Oca.<\/p>\n","protected":false},"excerpt":{"rendered":"<p>Debido al \u00e9xito que ha tenido en escuelas de nivel b\u00e1sico y medio del municipio las jornadas del programa \u201cLibro Bus\u201d, del Fondo de Cultura Econ\u00f3mica (FCE), se extender\u00e1n al menos una semana m\u00e1s en esta localidad mexiquense.<\/p>\n","protected":false},"author":3,"featured_media":574971,"comment_status":"open","ping_status":"open","sticky":false,"template":"","format":"standard","meta":{"_monsterinsights_skip_tracking":false,"_monsterinsights_sitenote_active":false,"_monsterinsights_sitenote_note":"","_monsterinsights_sitenote_category":0,"footnotes":""},"categories":[5],"tags":[66328,97361,43675,97360,277,169],"class_list":["post-574865","post","type-post","status-publish","format-standard","has-post-thumbnail","hentry","category-estado-de-mexico","tag-cuenta","tag-cuentos","tag-estado-de-mexico","tag-libro-bus","tag-mexiquense","tag-tlalnepantla"],"_links":{"self":[{"href":"https:\/\/www.diarioimagen.net\/index.php?rest_route=\/wp\/v2\/posts\/574865","targetHints":{"allow":["GET"]}}],"collection":[{"href":"https:\/\/www.diarioimagen.net\/index.php?rest_route=\/wp\/v2\/posts"}],"about":[{"href":"https:\/\/www.diarioimagen.net\/index.php?rest_route=\/wp\/v2\/types\/post"}],"author":[{"embeddable":true,"href":"https:\/\/www.diarioimagen.net\/index.php?rest_route=\/wp\/v2\/users\/3"}],"replies":[{"embeddable":true,"href":"https:\/\/www.diarioimagen.net\/index.php?rest_route=%2Fwp%2Fv2%2Fcomments&post=574865"}],"version-history":[{"count":0,"href":"https:\/\/www.diarioimagen.net\/index.php?rest_route=\/wp\/v2\/posts\/574865\/revisions"}],"wp:featuredmedia":[{"embeddable":true,"href":"https:\/\/www.diarioimagen.net\/index.php?rest_route=\/wp\/v2\/media\/574971"}],"wp:attachment":[{"href":"https:\/\/www.diarioimagen.net\/index.php?rest_route=%2Fwp%2Fv2%2Fmedia&parent=574865"}],"wp:term":[{"taxonomy":"category","embeddable":true,"href":"https:\/\/www.diarioimagen.net\/index.php?rest_route=%2Fwp%2Fv2%2Fcategories&post=574865"},{"taxonomy":"post_tag","embeddable":true,"href":"https:\/\/www.diarioimagen.net\/index.php?rest_route=%2Fwp%2Fv2%2Ftags&post=574865"}],"curies":[{"name":"wp","href":"https:\/\/api.w.org\/{rel}","templated":true}]}}