{"id":574873,"date":"2023-02-20T00:02:01","date_gmt":"2023-02-20T06:02:01","guid":{"rendered":"https:\/\/www.diarioimagen.net\/?p=574873"},"modified":"2023-02-20T03:16:44","modified_gmt":"2023-02-20T09:16:44","slug":"bacalar-brilla-con-su-gastronomia-y-belleza-natural-en-punto-mexico","status":"publish","type":"post","link":"https:\/\/www.diarioimagen.net\/?p=574873","title":{"rendered":"Bacalar brilla con su gastronom\u00eda y belleza natural en Punto M\u00e9xico"},"content":{"rendered":"<p>&nbsp;<\/p>\n<h3 style=\"text-align: center;\">Exhibici\u00f3n de la Sectur en CDMX<\/h3>\n<p>&nbsp;<\/p>\n<ul>\n<li><strong><em>Prioridad del gobierno estatal que el turismo llegue a municipios quintanarroenses<\/em><\/strong><\/li>\n<\/ul>\n<p>&nbsp;<\/p>\n<div id=\"attachment_574980\" style=\"width: 470px\" class=\"wp-caption aligncenter\"><a href=\"https:\/\/www.diarioimagen.net\/?attachment_id=574980\" rel=\"attachment wp-att-574980\"><img loading=\"lazy\" decoding=\"async\" aria-describedby=\"caption-attachment-574980\" class=\"size-full wp-image-574980\" src=\"https:\/\/www.diarioimagen.net\/wp-content\/uploads\/2023\/02\/TURISMO01-1.jpg\" alt=\"\" width=\"460\" height=\"270\" \/><\/a><p id=\"caption-attachment-574980\" class=\"wp-caption-text\">Bacalar \u201cPueblo M\u00e1gico\u201d llev\u00f3 la Exposici\u00f3n Artesanal y Gastron\u00f3mica a Punto M\u00e9xico, de la Sectur.<\/p><\/div>\n<p>&nbsp;<\/p>\n<p>Para dar a conocer la gastronom\u00eda t\u00edpica y los diferentes atractivos naturales del municipio de Bacalar \u201cPueblo M\u00e1gico\u201d fue inaugurada la Exposici\u00f3n Artesanal y Gastron\u00f3mica en el Punto M\u00e9xico, espacio de exhibici\u00f3n de la Secretar\u00eda de Turismo federal (Sectur) en la capital del pa\u00eds.<\/p>\n<p>La titular de la Representaci\u00f3n del Gobierno del Estado en la Ciudad de M\u00e9xico, Euterpe Guti\u00e9rrez Valasis, explic\u00f3 que es prioridad que el turismo llegue a todos los municipios de Quintana Roo de manera sostenible, sustentable, respetuosa del medio ambiente y la prosperidad sea compartida.<\/p>\n<p>Durante la inauguraci\u00f3n de la Exposici\u00f3n Artesanal y Gastron\u00f3mica en el Punto M\u00e9xico, espacio de exhibici\u00f3n de la Sectur, particip\u00f3 el presidente municipal de Bacalar, Jos\u00e9 Alfredo Contreras M\u00e9ndez, quien junto con Euterpe Guti\u00e9rrez recibi\u00f3 a los invitados de las diversas entidades del pa\u00eds con una degustaci\u00f3n de la gastronom\u00eda t\u00edpica del Pueblo M\u00e1gico.<\/p>\n<p>Guti\u00e9rrez Valasis dijo que tambi\u00e9n fue inaugurada la muestra artesanal del municipio y la exposici\u00f3n fotogr\u00e1fica del artista Guido Farina, y se presentaron los libros \u201cDesde el azul\u201d, \u201cPor cada azul\u201d y \u201cApenas toco el mar y se oscurece\u201d del profesor y compositor Ram\u00f3n Iv\u00e1n Su\u00e1rez Caamal. Para concluir se exhibieron maderas preciosas representativas de Bacalar y se platic\u00f3 sobre el proceso de tallado. Al evento acudieron los diputados federales por Quintana Roo, Anah\u00ed Gonz\u00e1lez y Alberto Bat\u00fan, as\u00ed como los representantes de los estados de Oaxaca, Tlaxcala, Quer\u00e9taro, Veracruz, Chihuahua, Nayarit, Colima, Coahuila, San Luis Potos\u00ed, Jalisco y Nuevo Le\u00f3n e invitados.<\/p>\n<p style=\"text-align: center;\"><strong>\u201cSea Cloud Spirit\u201d arrib\u00f3 por primera vez a Cozumel\u00a0<\/strong><\/p>\n<p>La isla de Cozumel se mantiene entre las \u00ednsulas preferidas de cruceristas, al recibir el buque Sea Cloud Spirit, que arrib\u00f3 el fin de semana en la terminal portuaria de Punta Langosta, proveniente del Cayo de la Media Luna, Belice y despu\u00e9s continuar\u00e1 su trayecto hacia Progreso, Yucat\u00e1n.<\/p>\n<p>El director general de la Administraci\u00f3n Portuaria Integral de Quintana Roo (Apiqroo) Vagner Elbiorn Vega, explic\u00f3 que la llegada de visitantes a la isla se traduce en la generaci\u00f3n de empleos y prosperidad compartida.<\/p>\n<p>El \u201cSea Cloud Spirit\u201d, con Bandera de Malta, es un buque de tres m\u00e1stiles con 28 velas, el m\u00e1stil principal se eleva 57.90 metros por encima de la l\u00ednea de flotaci\u00f3n, en condiciones \u00f3ptimas de viento puede alcanzar hasta una velocidad de 12 nudos, su eslora (longitud del buque) es de aproximadamente 138 metros, incluido el baupr\u00e9s (poste que se extiende en la parte delantera de un barco de vela).<\/p>\n<p>El titular de la Apiqroo explic\u00f3 que el buque rinde homenaje a la belleza del oc\u00e9ano con una gran cantidad de caracter\u00edsticas de dise\u00f1o cl\u00e1sico que permiten a los hu\u00e9spedes disfrutar y explorar de nuevos horizontes en el mar, a trav\u00e9s de sus impresionantes espacios al aire libre dise\u00f1ados para la relajaci\u00f3n, la cena y el entretenimiento.<\/p>\n<p>\u201cCon estos arribos se impulsa un desarrollo tur\u00edstico sostenible y sustentable, seguiremos reforzando lazos a favor de nuestra hermosa Isla de Cozumel\u201d finaliz\u00f3.<\/p>\n","protected":false},"excerpt":{"rendered":"<p>Para dar a conocer la gastronom\u00eda t\u00edpica y los diferentes atractivos naturales del municipio de Bacalar \u201cPueblo M\u00e1gico\u201d fue inaugurada la Exposici\u00f3n Artesanal y Gastron\u00f3mica en el Punto M\u00e9xico, espacio de exhibici\u00f3n de la Secretar\u00eda de Turismo federal (Sectur) en la capital del pa\u00eds.<\/p>\n","protected":false},"author":3,"featured_media":574980,"comment_status":"open","ping_status":"open","sticky":false,"template":"","format":"standard","meta":{"_monsterinsights_skip_tracking":false,"_monsterinsights_sitenote_active":false,"_monsterinsights_sitenote_note":"","_monsterinsights_sitenote_category":0,"footnotes":""},"categories":[11],"tags":[97364,2865,43681],"class_list":["post-574873","post","type-post","status-publish","format-standard","has-post-thumbnail","hentry","category-turismo","tag-bacalar-pueblo-magico","tag-sectur","tag-turismo"],"_links":{"self":[{"href":"https:\/\/www.diarioimagen.net\/index.php?rest_route=\/wp\/v2\/posts\/574873","targetHints":{"allow":["GET"]}}],"collection":[{"href":"https:\/\/www.diarioimagen.net\/index.php?rest_route=\/wp\/v2\/posts"}],"about":[{"href":"https:\/\/www.diarioimagen.net\/index.php?rest_route=\/wp\/v2\/types\/post"}],"author":[{"embeddable":true,"href":"https:\/\/www.diarioimagen.net\/index.php?rest_route=\/wp\/v2\/users\/3"}],"replies":[{"embeddable":true,"href":"https:\/\/www.diarioimagen.net\/index.php?rest_route=%2Fwp%2Fv2%2Fcomments&post=574873"}],"version-history":[{"count":0,"href":"https:\/\/www.diarioimagen.net\/index.php?rest_route=\/wp\/v2\/posts\/574873\/revisions"}],"wp:featuredmedia":[{"embeddable":true,"href":"https:\/\/www.diarioimagen.net\/index.php?rest_route=\/wp\/v2\/media\/574980"}],"wp:attachment":[{"href":"https:\/\/www.diarioimagen.net\/index.php?rest_route=%2Fwp%2Fv2%2Fmedia&parent=574873"}],"wp:term":[{"taxonomy":"category","embeddable":true,"href":"https:\/\/www.diarioimagen.net\/index.php?rest_route=%2Fwp%2Fv2%2Fcategories&post=574873"},{"taxonomy":"post_tag","embeddable":true,"href":"https:\/\/www.diarioimagen.net\/index.php?rest_route=%2Fwp%2Fv2%2Ftags&post=574873"}],"curies":[{"name":"wp","href":"https:\/\/api.w.org\/{rel}","templated":true}]}}