{"id":574922,"date":"2023-02-20T00:08:29","date_gmt":"2023-02-20T06:08:29","guid":{"rendered":"https:\/\/www.diarioimagen.net\/?p=574922"},"modified":"2023-02-21T01:21:44","modified_gmt":"2023-02-21T07:21:44","slug":"la-busqueda-de-precandidato","status":"publish","type":"post","link":"https:\/\/www.diarioimagen.net\/?p=574922","title":{"rendered":"La b\u00fasqueda de precandidato"},"content":{"rendered":"<h2>Punto por punto<\/h2>\n<h5>Augusto Corro<\/h5>\n<p>&nbsp;<\/p>\n<p>No parece que a los dirigentes de la oposici\u00f3n les interese buscar al precandidato presidencial.<\/p>\n<p>Eso hace suponer que ya eligieron a su abanderado.<\/p>\n<p>Y ese aspirante podr\u00eda ser el diputado blanquiazul Santiago Creel, ex secretario de Gobernaci\u00f3n en el sexenio de Vicente Fox.<\/p>\n<p>En el presente, es el pol\u00edtico m\u00e1s movido en busca de ser designado precandidato presidencial.<\/p>\n<p>Aunque en las encuestas, la senadora Lilly T\u00e9llez tambi\u00e9n tiene una cifra de preferencias electorales que compite con el legislador Creel.<\/p>\n<p>En los c\u00edrculos pol\u00edticos ya est\u00e1 la idea de que Santiago Creel ser\u00e1 el precandidato que enfrentar\u00e1 al partido Movimiento de Regeneraci\u00f3n Nacional (Morena).<\/p>\n<p>Otra posible precandidata panista ser\u00eda la diputada Margarita Zavala, esposa del ex presidente Felipe Calder\u00f3n, de triste memoria; pero ahora est\u00e1 envuelta en problemas.<\/p>\n<p>Tampoco se ve que el pr\u00f3fugo de la justicia mexicana, el blanquiazul, Ricardo Anaya, se encuentre en condiciones de volver a competir en las presidenciales.<\/p>\n<p>Sin embargo, a\u00fan falta por definir cu\u00e1l ser\u00e1 el papel del dirigente priista, Alejandro Moreno C\u00e1rdenas (a) \u201cAlito\u201d.<\/p>\n<p>El l\u00edder tricolor tendr\u00e1 que esperar los resultados de las elecciones que se efectuar\u00e1n en Coahuila y Estado de M\u00e9xico (Edomex).<\/p>\n<p>En la primera entidad, el PRI tiene la posibilidad de ganar la gubernatura ante un partido morenista dividido.<\/p>\n<p>En el Edomex, la situaci\u00f3n ser\u00e1 diferente. A pesar de alrededor de noventa a\u00f1os en el poder, el partido tricolor no tiene segura la victoria.<\/p>\n<p>En caso de que el PRI gane la gubernatura, cambiar\u00eda favorablemente el destino de \u201cAlito\u201d, pues conseguir\u00eda la precandidatura presidencial, como son sus deseos.<\/p>\n<p>Ante la pobreza de aspirantes que contiendan en Va por M\u00e9xico, se habla de buscar al abanderado en la sociedad civil.<\/p>\n<p>S\u00f3lo que los ciudadanos de pie no quieren saber nada de los partidos pol\u00edticos. Las dirigencias no se ocuparon de atenderlos.<\/p>\n<p>En el presente, son los l\u00edderes quienes se encargan del destino de sus organizaciones pol\u00edticas.<\/p>\n<p>Ya lo vemos en Va por M\u00e9xico y su acuerdo cupular. Los tres dirigentes del PAN, PRI y PRD acordaron que el PRI se encargue de los procesos electorales en Coahuila y Edomex.<\/p>\n<p>Y ser\u00e1 Acci\u00f3n Nacional la encargada de designar al precandidato a las elecciones en la Ciudad M\u00e9xico y a las presidenciales.<\/p>\n<p>Lo que digan los panistas tendr\u00e1 que ser aceptado y apoyado por PRI y PRD.<\/p>\n<p>En la coalici\u00f3n mencionada, los perredistas juegan un papel pobre. No tienen nada que ofrecer a sus seguidores.<\/p>\n<p>\u00bfC\u00f3mo es posible que su precandidato sea el senador Miguel \u00c1ngel Mancera o el ex gobernador de Michoac\u00e1n Silvano Aureoles Conejo?<\/p>\n<p>Esos aspirantes reflejan qu\u00e9 en las filas del sol azteca, no tienen ninguna posibilidad de participar en la lucha pol\u00edtica que exige contendientes con capacidad para ganar.<\/p>\n<p>\u00bfCu\u00e1l es el papel que juega el l\u00edder del PRD, Jes\u00fas Zambrano, en Va por M\u00e9xico? Pues el de comparsa, nada m\u00e1s.<\/p>\n<p>Los mejores d\u00edas de los perredistas ya pasaron. Su pol\u00edtica de servilismo al gobierno en turno no les favoreci\u00f3.<\/p>\n<p>El partido del sol azteca no pudo detener su ca\u00edda. Hoy se encuentra en la lona y la preocupaci\u00f3n de sus l\u00edderes es la sobrevivencia.<\/p>\n<p>As\u00ed pues, el PRD es un partido d\u00e9bil que poco o nada ayuda a la alianza partidista.<\/p>\n<p>Las condiciones del PRI son parecidas a las perredistas. El dirigente tricolor, Alejandro Moreno, tiene cuentas pendientes con la justicia.<\/p>\n<p>A Alejandro Moreno se le acus\u00f3 por la presunta comisi\u00f3n de cinco delitos, entre ellos operaciones con recursos de procedencia il\u00edcita y fraude fiscal.<\/p>\n<p>Las reglas la impunidad le favorecieron a \u201cAlito\u201d tras burlarse de la ley.<\/p>\n<p>Por otra parte, la alianza Va por M\u00e9xico no refleja una s\u00f3lida unidad que le permita conseguir resultados positivos en la lucha pol\u00edtica.<\/p>\n<p>\u00bfUsted qu\u00e9 opina amable lector?<\/p>\n<p><em><a href=\"mailto:aco2742@hotmail.com\" target=\"_blank\" rel=\"noopener noreferrer\">aco2742@hotmail.com<\/a><\/em><\/p>\n","protected":false},"excerpt":{"rendered":"<p><span style=\"color: #005497;\"><strong>Augusto Corro<\/strong><\/span><\/p>\n","protected":false},"author":3,"featured_media":0,"comment_status":"open","ping_status":"open","sticky":false,"template":"","format":"standard","meta":{"_monsterinsights_skip_tracking":false,"_monsterinsights_sitenote_active":false,"_monsterinsights_sitenote_note":"","_monsterinsights_sitenote_category":0,"footnotes":""},"categories":[157],"tags":[43686,43674,11515],"class_list":["post-574922","post","type-post","status-publish","format-standard","hentry","category-augusto-corro","tag-augusto-corro","tag-opinion","tag-punto-por-punto"],"_links":{"self":[{"href":"https:\/\/www.diarioimagen.net\/index.php?rest_route=\/wp\/v2\/posts\/574922","targetHints":{"allow":["GET"]}}],"collection":[{"href":"https:\/\/www.diarioimagen.net\/index.php?rest_route=\/wp\/v2\/posts"}],"about":[{"href":"https:\/\/www.diarioimagen.net\/index.php?rest_route=\/wp\/v2\/types\/post"}],"author":[{"embeddable":true,"href":"https:\/\/www.diarioimagen.net\/index.php?rest_route=\/wp\/v2\/users\/3"}],"replies":[{"embeddable":true,"href":"https:\/\/www.diarioimagen.net\/index.php?rest_route=%2Fwp%2Fv2%2Fcomments&post=574922"}],"version-history":[{"count":0,"href":"https:\/\/www.diarioimagen.net\/index.php?rest_route=\/wp\/v2\/posts\/574922\/revisions"}],"wp:attachment":[{"href":"https:\/\/www.diarioimagen.net\/index.php?rest_route=%2Fwp%2Fv2%2Fmedia&parent=574922"}],"wp:term":[{"taxonomy":"category","embeddable":true,"href":"https:\/\/www.diarioimagen.net\/index.php?rest_route=%2Fwp%2Fv2%2Fcategories&post=574922"},{"taxonomy":"post_tag","embeddable":true,"href":"https:\/\/www.diarioimagen.net\/index.php?rest_route=%2Fwp%2Fv2%2Ftags&post=574922"}],"curies":[{"name":"wp","href":"https:\/\/api.w.org\/{rel}","templated":true}]}}