{"id":574934,"date":"2023-02-20T00:10:37","date_gmt":"2023-02-20T06:10:37","guid":{"rendered":"https:\/\/www.diarioimagen.net\/?p=574934"},"modified":"2023-02-20T00:16:12","modified_gmt":"2023-02-20T06:16:12","slug":"sera-la-ultima-llamada","status":"publish","type":"post","link":"https:\/\/www.diarioimagen.net\/?p=574934","title":{"rendered":"\u00bfSer\u00e1 la \u00faltima llamada?"},"content":{"rendered":"<h2>De frente y de perfil<\/h2>\n<h5>Ram\u00f3n Zurita Sahag\u00fan<\/h5>\n<p>&nbsp;<\/p>\n<p>La llamada sociedad civil tendr\u00e1 el pr\u00f3ximo domingo una de sus \u00faltimas oportunidades de mostrar que va en serio la idea de su participaci\u00f3n en el proceso electoral presidencial.<\/p>\n<p>Circulan por la mayor parte de las redes sociales, el llamado para que la ciudadan\u00eda participe en la concentraci\u00f3n que tendr\u00e1 lugar el 26 de febrero en el Z\u00f3calo de la CDMX y en m\u00e1s de 60 ciudades del pa\u00eds, motivada por el rechazo a la reforma electoral, que conlleva nuevas disposiciones para la contienda electoral del 24.<\/p>\n<p>El llamado \u201cplan B\u201d es el enemigo a vencer, aunque puede ser que para el 26 de febrero ya est\u00e9 aprobado y entonces ser\u00e1 la Corte la que defina si procede o no dichas modificaciones.<\/p>\n<p>La marcha de noviembre pasado dej\u00f3 un espacio dif\u00edcil de llenar, ya que los 300, 400, 500 mil asistentes que circularon por Paseo de la Reforma, dif\u00edcilmente sean equiparados a los asistentes al Z\u00f3calo, un espacio m\u00e1s reducido y que con 150 mil concurrentes luce abarrotado.<\/p>\n<p>Sin embargo, el n\u00famero de asistentes que respondan a esta convocatoria no deja de ser una mera cifra, ya que lo principal es confirmar si la sociedad civil se encuentra verdaderamente dispuesta a hacer equipo con los partidos pol\u00edticos de oposici\u00f3n o si marcha sola (genera duda que lo haga) en busca de cambiar el destino del pa\u00eds.<\/p>\n<p>Y es que despu\u00e9s del gran logro de una multitudinaria asistencia a la marcha de noviembre pasado, poca actividad realiz\u00f3 esa llamada sociedad civil, que pareci\u00f3 conforme con mostrar parte del m\u00fasculo con que cuenta.<\/p>\n<p>Se llaman parte de la sociedad civil una serie de organismo que quedan pasmados la mayor parte del tiempo y que solamente salen a presionar cuando cuentan con un respaldo de otros organismos, pero que carecen de iniciativa.<\/p>\n<p>La cercan\u00eda del proceso electoral presidencial no est\u00e1 tan lejana como algunos creen y mientras el partido gobernante est\u00e1 preparado para defender su supremac\u00eda y cuenta con aspirantes s\u00f3lidos, los partidos de oposici\u00f3n y la sociedad civil, carecen de una figura que pueda concentrarlos en un solo ente que compita con los aventajados miembros del partido en el poder.<\/p>\n<p>En esta ocasi\u00f3n, fue seleccionado el ex ministro de la Corte, Jos\u00e9 Ram\u00f3n Coss\u00edo como el orador principal, pero \u00e9ste, al igual que Jos\u00e9 Woldenberg, el orador anterior, son figuras con cierto respeto, pero que no convocan a nadie y no pintan para ser candidatos competitivos.<\/p>\n<p>La oportunidad es \u00fanica para que alcen el brazo aquellos que creen tener posibilidades de representar a la sociedad civil para una competencia interna con los aspirantes de los partidos de oposici\u00f3n y comenzar a trabajar en pro de alg\u00fan personaje que pueda plantarse con grupos organizados, buen discurso, dinero, carisma y empat\u00eda ante quien resulte ser el candidato o candidata del partido gobernante.<\/p>\n<p>Hasta ahora, no asoma por ning\u00fan lado y los personajes que se mueven en los partidos que conforman la alianza Va por M\u00e9xico son de causar pena. Los priistas Ildefonso Guajardo, Alejandro Murat, Beatriz Paredes y Enrique de la Madrid, as\u00ed como los panistas Santiago Creel, Mauricio Vila y Lilly T\u00e9llez, poco impactan en el electorado, mientras que Silvano Aureoles y Miguel \u00c1ngel Mancera, primero deber\u00e1n arreglar los asuntos que dejaron pendientes como gobernantes.<\/p>\n<p style=\"text-align: center;\"><strong>******<\/strong><\/p>\n<p>Finalmente, Federico D\u00f6ring se convirti\u00f3 en coordinador de los diputados panistas en la CDMX, en sustituci\u00f3n de Christian von Roehrich, a quien se considera pr\u00f3fugo de la justicia y vinculado al llamado c\u00e1rtel inmobiliario.<\/p>\n<p><a href=\"mailto:ramonzurita44@hotmail.com\" target=\"_blank\" rel=\"noopener noreferrer\"><em>ramonzurita44@hotmail.com<\/em><\/a><\/p>\n","protected":false},"excerpt":{"rendered":"<p><span style=\"color: #005497;\"><strong>Ram\u00f3n Zurita Sahag\u00fan<\/strong><\/span><\/p>\n","protected":false},"author":3,"featured_media":0,"comment_status":"open","ping_status":"open","sticky":false,"template":"","format":"standard","meta":{"_monsterinsights_skip_tracking":false,"_monsterinsights_sitenote_active":false,"_monsterinsights_sitenote_note":"","_monsterinsights_sitenote_category":0,"footnotes":""},"categories":[234],"tags":[304,43674,43687],"class_list":["post-574934","post","type-post","status-publish","format-standard","hentry","category-ramon-zurita-sahagun","tag-de-frente-y-de-perfil","tag-opinion","tag-ramon-zurita-sahagun"],"_links":{"self":[{"href":"https:\/\/www.diarioimagen.net\/index.php?rest_route=\/wp\/v2\/posts\/574934","targetHints":{"allow":["GET"]}}],"collection":[{"href":"https:\/\/www.diarioimagen.net\/index.php?rest_route=\/wp\/v2\/posts"}],"about":[{"href":"https:\/\/www.diarioimagen.net\/index.php?rest_route=\/wp\/v2\/types\/post"}],"author":[{"embeddable":true,"href":"https:\/\/www.diarioimagen.net\/index.php?rest_route=\/wp\/v2\/users\/3"}],"replies":[{"embeddable":true,"href":"https:\/\/www.diarioimagen.net\/index.php?rest_route=%2Fwp%2Fv2%2Fcomments&post=574934"}],"version-history":[{"count":0,"href":"https:\/\/www.diarioimagen.net\/index.php?rest_route=\/wp\/v2\/posts\/574934\/revisions"}],"wp:attachment":[{"href":"https:\/\/www.diarioimagen.net\/index.php?rest_route=%2Fwp%2Fv2%2Fmedia&parent=574934"}],"wp:term":[{"taxonomy":"category","embeddable":true,"href":"https:\/\/www.diarioimagen.net\/index.php?rest_route=%2Fwp%2Fv2%2Fcategories&post=574934"},{"taxonomy":"post_tag","embeddable":true,"href":"https:\/\/www.diarioimagen.net\/index.php?rest_route=%2Fwp%2Fv2%2Ftags&post=574934"}],"curies":[{"name":"wp","href":"https:\/\/api.w.org\/{rel}","templated":true}]}}