{"id":575023,"date":"2023-02-21T00:02:48","date_gmt":"2023-02-21T06:02:48","guid":{"rendered":"https:\/\/www.diarioimagen.net\/?p=575023"},"modified":"2023-02-21T02:37:34","modified_gmt":"2023-02-21T08:37:34","slug":"solicitan-al-gobernador-del-mazo-dar-mayor-seguridad-en-todos-los-tianguis","status":"publish","type":"post","link":"https:\/\/www.diarioimagen.net\/?p=575023","title":{"rendered":"Solicitan al gobernador Del Mazo dar mayor seguridad en todos los tianguis"},"content":{"rendered":"<p>&nbsp;<\/p>\n<ul>\n<li><strong><em>Temor de nuevos ataques de grupos delictivos<\/em><\/strong><\/li>\n<\/ul>\n<p>&nbsp;<\/p>\n<div id=\"attachment_575112\" style=\"width: 470px\" class=\"wp-caption aligncenter\"><a href=\"https:\/\/www.diarioimagen.net\/?attachment_id=575112\" rel=\"attachment wp-att-575112\"><img loading=\"lazy\" decoding=\"async\" aria-describedby=\"caption-attachment-575112\" class=\"size-full wp-image-575112\" src=\"https:\/\/www.diarioimagen.net\/wp-content\/uploads\/2023\/02\/solicitan-al-gobernador.jpg\" alt=\"\" width=\"460\" height=\"270\" \/><\/a><p id=\"caption-attachment-575112\" class=\"wp-caption-text\">Vendedores y vecinos de las colonias Cebadales, Las Patricias, Mayorazgos y Villas de Cuautitl\u00e1n, afirman que siguen siendo amenazados, pese a los\u00a0 operativos policiacos y la captura de algunos golpeadores.<\/p><\/div>\n<p>&nbsp;<\/p>\n<p><strong>Cuautitl\u00e1n, Estado de M\u00e9xico.\u2014<\/strong> Ante la incertidumbre, zozobra y el temor ante nuevos ataques de grupos delincuenciales que intentan apoderarse de los liderazgos del tradicional tianguis de los martes en este municipio, vecinos de la localidad piden la urgente intervenci\u00f3n del gobernador Alfredo Del Mazo para que se garantice el libre comercio consagrado en la constituci\u00f3n.<\/p>\n<p>Vendedores y vecinos de las colonias Cebadales, Las Patricias, Mayorazgos y Villas de Cuautitl\u00e1n, afirman que pese a la implementaci\u00f3n de operativos policiacos y la captura de algunos golpeadores, siguen siendo amenazados.<\/p>\n<p>Se\u00f1alaron los vecinos, encabezados por Don Armando Hinojosa, Concepci\u00f3n Huerta y Mauricio Medina, que \u201ccada vez es m\u00e1s frecuente la presencia de sujetos armados\u00a0 en plena plaza de los martes, llegan a golpear a propios y extra\u00f1os, van sobre los lideres a quienes intentan amedrentar para que se vayan\u201d, dijeron.<\/p>\n<p>Destacaron que \u201csabemos que no se van a dejar tan f\u00e1cilmente de los malandrines, por lo que antes de que haya derramamiento de sangre pedimos al gobernador<\/p>\n<p>Alfredo Del Mazo su intervenci\u00f3n, pues como vecinos, tenemos miedo que una balacera pueda alcanzar a nuestras familias, pues todos acudimos a hacer nuestras compras a ese lugar\u201d, reiteraron.<\/p>\n<p>Abundaron que \u201ccientos de vecinos de municipios aleda\u00f1os vienen al tianguis cada martes, tienen miedo de realizar sus compras y sabemos que la se\u00f1ora de<\/p>\n<p>nombre Edith L\u00f3pez L\u00f3pez, su hermano Marco y sus hijos Kevin e Isaac, son quienes presuntamente contrataron a golpeadores profesionales, que hace unos d\u00edas vinieron a golpear a varios comerciantes, dijeron los denunciantes\u201d.<\/p>\n<p>Por su parte, Ernesto Mart\u00ednez Saavedra, vecino de la colonia Cebadales, manifest\u00f3 ser testigo de c\u00f3mo los lideres del tianguis fueron golpeados impunemente, pues de la polic\u00eda \u201cni sus luces\u201d, a pesar de que llegaron armados en camionetas sin placas y tras cometer sus fechor\u00edas huyeron tranquilamente.<\/p>\n<p>Amenazaron con volver y matar a quien se oponga a sus pretensiones de quedarse con el tianguis, por ello se pide la intervenci\u00f3n de la Guardia Nacional, Polic\u00eda Estatal y Municipal para que custodien las inmediaciones el mercado y detengan a quienes han venido a romper la tranquilidad y la paz p\u00fablica.<\/p>\n","protected":false},"excerpt":{"rendered":"<p>Ante la incertidumbre, zozobra y el temor ante nuevos ataques de grupos delincuenciales que intentan apoderarse de los liderazgos del tradicional tianguis de los martes en este municipio, vecinos de la localidad piden la urgente intervenci\u00f3n del gobernador Alfredo Del Mazo para que se garantice el libre comercio consagrado en la constituci\u00f3n.<\/p>\n","protected":false},"author":3,"featured_media":575112,"comment_status":"open","ping_status":"open","sticky":false,"template":"","format":"standard","meta":{"_monsterinsights_skip_tracking":false,"_monsterinsights_sitenote_active":false,"_monsterinsights_sitenote_note":"","_monsterinsights_sitenote_category":0,"footnotes":""},"categories":[5],"tags":[2505,681,43675,43677],"class_list":["post-575023","post","type-post","status-publish","format-standard","has-post-thumbnail","hentry","category-estado-de-mexico","tag-alfredo-del-mazo-maza","tag-cuautitlan","tag-estado-de-mexico","tag-seguridad"],"_links":{"self":[{"href":"https:\/\/www.diarioimagen.net\/index.php?rest_route=\/wp\/v2\/posts\/575023","targetHints":{"allow":["GET"]}}],"collection":[{"href":"https:\/\/www.diarioimagen.net\/index.php?rest_route=\/wp\/v2\/posts"}],"about":[{"href":"https:\/\/www.diarioimagen.net\/index.php?rest_route=\/wp\/v2\/types\/post"}],"author":[{"embeddable":true,"href":"https:\/\/www.diarioimagen.net\/index.php?rest_route=\/wp\/v2\/users\/3"}],"replies":[{"embeddable":true,"href":"https:\/\/www.diarioimagen.net\/index.php?rest_route=%2Fwp%2Fv2%2Fcomments&post=575023"}],"version-history":[{"count":0,"href":"https:\/\/www.diarioimagen.net\/index.php?rest_route=\/wp\/v2\/posts\/575023\/revisions"}],"wp:featuredmedia":[{"embeddable":true,"href":"https:\/\/www.diarioimagen.net\/index.php?rest_route=\/wp\/v2\/media\/575112"}],"wp:attachment":[{"href":"https:\/\/www.diarioimagen.net\/index.php?rest_route=%2Fwp%2Fv2%2Fmedia&parent=575023"}],"wp:term":[{"taxonomy":"category","embeddable":true,"href":"https:\/\/www.diarioimagen.net\/index.php?rest_route=%2Fwp%2Fv2%2Fcategories&post=575023"},{"taxonomy":"post_tag","embeddable":true,"href":"https:\/\/www.diarioimagen.net\/index.php?rest_route=%2Fwp%2Fv2%2Ftags&post=575023"}],"curies":[{"name":"wp","href":"https:\/\/api.w.org\/{rel}","templated":true}]}}