{"id":575042,"date":"2023-02-21T00:01:30","date_gmt":"2023-02-21T06:01:30","guid":{"rendered":"https:\/\/www.diarioimagen.net\/?p=575042"},"modified":"2023-02-22T01:21:04","modified_gmt":"2023-02-22T07:21:04","slug":"hay-en-el-pais-32-2-millones-de-trabajadores-en-la-informalidad","status":"publish","type":"post","link":"https:\/\/www.diarioimagen.net\/?p=575042","title":{"rendered":"Hay en el pa\u00eds 32.2 millones de trabajadores en la informalidad"},"content":{"rendered":"<p>&nbsp;<\/p>\n<h3 style=\"text-align: center;\">Ocupadas, 58.3 millones de personas<\/h3>\n<p>&nbsp;<\/p>\n<ul>\n<li><strong><em>Registra Inegi 1.8 millones de desempleados, hasta el cuarto trimestre del a\u00f1o pasado<\/em><\/strong><\/li>\n<\/ul>\n<p>&nbsp;<\/p>\n<div id=\"attachment_575091\" style=\"width: 470px\" class=\"wp-caption aligncenter\"><a href=\"https:\/\/www.diarioimagen.net\/?attachment_id=575091\" rel=\"attachment wp-att-575091\"><img loading=\"lazy\" decoding=\"async\" aria-describedby=\"caption-attachment-575091\" class=\"size-full wp-image-575091\" src=\"https:\/\/www.diarioimagen.net\/wp-content\/uploads\/2023\/02\/EMPLEO.jpg\" alt=\"\" width=\"460\" height=\"270\" \/><\/a><p id=\"caption-attachment-575091\" class=\"wp-caption-text\">En el cuarto trimestre de 2022, los trabajadores del sector informal totalizaron 32.2 millones, de acuerdo a cifras del Inegi.<\/p><\/div>\n<p>&nbsp;<\/p>\n<p>De acuerdo a cifras del Instituto Nacional de Estad\u00edstica y Geograf\u00eda (Inegi), la tasa de desempleo en M\u00e9xico descendi\u00f3 en el cuarto trimestre de 2022 a un 3% de la poblaci\u00f3n econ\u00f3micamente activa (PEA), un dato inferior al 3.7% del mismo periodo de 2021. No obstante, hasta esa fecha, los trabajadores del sector informal totalizaron 32.2 millones.<\/p>\n<p>\u201cUn total de 58.3 millones de personas se encontraban ocupadas, 1.7 millones de personas m\u00e1s con relaci\u00f3n al mismo trimestre de 2021\u201d, indic\u00f3 el organismo aut\u00f3nomo en su reporte, que indic\u00f3 1.8 millones de desempleados.<\/p>\n<p>Asimismo, la tasa de desempleo de octubre a diciembre es menor a la del 3.4% que report\u00f3 el instituto de estad\u00edstica en el tercer trimestre de 2022, con base en la Encuesta Nacional de Ocupaci\u00f3n y Empleo (ENOE).<\/p>\n<p>La PEA del cuarto trimestre del a\u00f1o fue de 60.1 millones de personas de 15 a\u00f1os y m\u00e1s, lo que represent\u00f3 una tasa de participaci\u00f3n de 60.4% y una poblaci\u00f3n superior en 1.4 millones a la de los \u00faltimos tres meses de 2021.<\/p>\n<p>Las personas subocupadas, es decir, las que declararon tener necesidad y disponibilidad para trabajar m\u00e1s horas, fueron 4.4 millones, un 7.5% de la poblaci\u00f3n ocupada, un porcentaje inferior al 10.6% del cuarto trimestre de 2021.<\/p>\n<p style=\"text-align: center;\"><strong>\u00a0Hay 32.2 millones trabajadores en la informalidad<\/strong><\/p>\n<p>Las \u00e1reas con m\u00e1s incrementos interanuales de empleo fueron comercio, con un aumento de 279,000 personas, la industria manufacturera con 260,000, y restaurantes y alojamiento con 217,000.<\/p>\n<p>Los trabajadores del sector informal en el cuarto trimestre totalizaron 32.2 millones, lo que baj\u00f3 la tasa de informalidad a 55.1%, unos 0.7 puntos porcentuales menos que un a\u00f1o antes.<\/p>\n<p>La poblaci\u00f3n ocupada por sector de actividad se distribuy\u00f3 con 62.7% en el sector terciario o de servicios, 24.9% en el secundario o industrial y 11.8% en actividades primarias.<\/p>\n<p>Por g\u00e9nero, la PEA femenina de octubre a diciembre fue de casi 24.4 millones y la masculina de 35.74 millones, con una tasa de participaci\u00f3n econ\u00f3mica de 46.2% en las mujeres en edad de trabajar y de 76.5% en los hombres.<\/p>\n<p>Las cifras de empleo reflejan el comportamiento econ\u00f3mico de M\u00e9xico, que creci\u00f3 un 3% anual en 2022, seg\u00fan la estimaci\u00f3n oportuna del Inegi.<\/p>\n","protected":false},"excerpt":{"rendered":"<p>De acuerdo a cifras del Instituto Nacional de Estad\u00edstica y Geograf\u00eda (Inegi), la tasa de desempleo en M\u00e9xico descendi\u00f3 en el cuarto trimestre de 2022 a un 3% de la poblaci\u00f3n econ\u00f3micamente activa (PEA), un dato inferior al 3.7% del mismo periodo de 2021. No obstante, hasta esa fecha, los trabajadores del sector informal totalizaron 32.2 millones.<\/p>\n","protected":false},"author":3,"featured_media":575091,"comment_status":"open","ping_status":"open","sticky":false,"template":"","format":"standard","meta":{"_monsterinsights_skip_tracking":false,"_monsterinsights_sitenote_active":false,"_monsterinsights_sitenote_note":"","_monsterinsights_sitenote_category":0,"footnotes":""},"categories":[8],"tags":[43678,193,27303,21802],"class_list":["post-575042","post","type-post","status-publish","format-standard","has-post-thumbnail","hentry","category-finanzas","tag-finanzas","tag-inegi","tag-informalidad","tag-pobres"],"_links":{"self":[{"href":"https:\/\/www.diarioimagen.net\/index.php?rest_route=\/wp\/v2\/posts\/575042","targetHints":{"allow":["GET"]}}],"collection":[{"href":"https:\/\/www.diarioimagen.net\/index.php?rest_route=\/wp\/v2\/posts"}],"about":[{"href":"https:\/\/www.diarioimagen.net\/index.php?rest_route=\/wp\/v2\/types\/post"}],"author":[{"embeddable":true,"href":"https:\/\/www.diarioimagen.net\/index.php?rest_route=\/wp\/v2\/users\/3"}],"replies":[{"embeddable":true,"href":"https:\/\/www.diarioimagen.net\/index.php?rest_route=%2Fwp%2Fv2%2Fcomments&post=575042"}],"version-history":[{"count":0,"href":"https:\/\/www.diarioimagen.net\/index.php?rest_route=\/wp\/v2\/posts\/575042\/revisions"}],"wp:featuredmedia":[{"embeddable":true,"href":"https:\/\/www.diarioimagen.net\/index.php?rest_route=\/wp\/v2\/media\/575091"}],"wp:attachment":[{"href":"https:\/\/www.diarioimagen.net\/index.php?rest_route=%2Fwp%2Fv2%2Fmedia&parent=575042"}],"wp:term":[{"taxonomy":"category","embeddable":true,"href":"https:\/\/www.diarioimagen.net\/index.php?rest_route=%2Fwp%2Fv2%2Fcategories&post=575042"},{"taxonomy":"post_tag","embeddable":true,"href":"https:\/\/www.diarioimagen.net\/index.php?rest_route=%2Fwp%2Fv2%2Ftags&post=575042"}],"curies":[{"name":"wp","href":"https:\/\/api.w.org\/{rel}","templated":true}]}}