{"id":575058,"date":"2023-02-21T00:04:34","date_gmt":"2023-02-21T06:04:34","guid":{"rendered":"https:\/\/www.diarioimagen.net\/?p=575058"},"modified":"2023-02-21T01:23:26","modified_gmt":"2023-02-21T07:23:26","slug":"dia-del-ejercito","status":"publish","type":"post","link":"https:\/\/www.diarioimagen.net\/?p=575058","title":{"rendered":"D\u00eda del Ej\u00e9rcito"},"content":{"rendered":"<h2>Desde el portal<\/h2>\n<h5>\u00c1ngel Soriano<\/h5>\n<p>&nbsp;<\/p>\n<p>El presidente Andr\u00e9s Manuel L\u00f3pez Obrador destac\u00f3 la transformaci\u00f3n del Ej\u00e9rcito mexicano de acuerdo a la nueva realidad del pa\u00eds y, sin dejar de cumplir su misi\u00f3n constitucional de la defensa de nuestra soberan\u00eda nacional, se ha utilizado su enorme capacidad organizacional, disciplina y destreza para impulsar el desarrollo nacional en diversos rubros.<\/p>\n<p>Una gran fortaleza acad\u00e9mica forjada en las aulas est\u00e1 ahora al servicio de diversas regiones del pa\u00eds en la construcci\u00f3n de puentes, presas, asistencia t\u00e9cnica y social, y tambi\u00e9n en las grandes obras como el Tren Maya o los aeropuertos Felipe \u00c1ngeles y del sureste del pa\u00eds, involucr\u00e1ndose tambi\u00e9n en el manejo de v\u00edas de comunicaci\u00f3n y de irrigaci\u00f3n.<\/p>\n<p>Van tambi\u00e9n por una l\u00ednea a\u00e9rea, Mexicana de Aviaci\u00f3n, para ocupar la disponibilidad de aeronaves oficiales y los requerimientos de servicio de transporte a precios accesibles; tienen ya el manejo del atractivo tur\u00edstico de las Islas Mar\u00edas, las antiguas c\u00e1rceles ocupadas como \u00e1reas de castigo o de tortura para quienes infringieron la Ley.<\/p>\n<p>En el D\u00eda del Ej\u00e9rcito se destac\u00f3 la transformaci\u00f3n o adaptaci\u00f3n del Ej\u00e9rcito a las nuevas necesidades del pa\u00eds, siempre cumpliendo con su funci\u00f3n de defensa nacional y de tareas de seguridad en momentos en que \u00e9sta es la m\u00e1s demandada en el pa\u00eds; la poblaci\u00f3n urge la recuperaci\u00f3n de la paz social y de la tranquilidad para cumplir con sus labores cotidianas.<\/p>\n<p style=\"text-align: center;\"><strong>TURBULENCIAS<br \/>\nRechaza el Senado vida eterna a minipartidos<\/strong><\/p>\n<p>Este mi\u00e9rcoles ir\u00e1 al pleno las reformas aprobadas en comisiones del Senado y que rechazan, por su inconstitucionalidad, la transferencia de votos hacia los partidos peque\u00f1os para darles vida artificial, lo cual resulta inconsecuente, pues los ciudadanos no votan por ellos y los partidos mayoritarios no tienen porqu\u00e9 disponer del sufragio de los ciudadanos. Este martes entra en primera lectura\u2026 En Zacatecas, el senador Ricardo Monreal inici\u00f3 su precampa\u00f1a en busca de la candidatura presidencial de Morena y destac\u00f3 que se equivocan quienes consideran que apenas se le ocurri\u00f3 anotarse para buscar \u201cla grande\u201d. Me he preparado toda la vida y soy el mejor preparado para suceder al presidente Andr\u00e9s Manuel L\u00f3pez Obrador, destac\u00f3\u2026 En la celebraci\u00f3n del D\u00eda del Ej\u00e9rcito la ministra presidente de la Suprema Corte de la Naci\u00f3n (SCJN) y del Consejo de la Judicatura Federal, Norma Luc\u00eda Pi\u00f1a Hern\u00e1ndez, de plano no asisti\u00f3 al evento para evitar todo roce con el Poder Ejecutivo, incumpliendo sus funciones. Las diferencias personales o ideol\u00f3gicas deben estar por encima del respeto a los s\u00edmbolos patrios y al cumplimiento de las funciones que le corresponden como titular de uno de los Tres Poderes de la Naci\u00f3n. Lamentable falta de educaci\u00f3n de una alta funcionaria\u2026 Y quien confunde tambi\u00e9n intereses personales con la respetabilidad de las instituciones es la ministra Yasm\u00edn Esquivel. El presunto plagio de su tesis desprestigia a la UNAM como la m\u00e1xima instituci\u00f3n nacional de educaci\u00f3n superior y a la SCJN como el Poder Judicial, no son asuntos peque\u00f1os, se trata del desprestigio de los iconos de la dignidad nacional, ahora manchados por conductas facciosas\u2026Sigue en aumento la violencia en Oaxaca,\u00a0 lo mismo en el Centro Hist\u00f3rico de la capital oaxaque\u00f1a que en remotos poblados, se siguen cometiendo cr\u00edmenes que durante d\u00e9cadas no se ve\u00edan, esto debido a la descomposici\u00f3n social y falta de credibilidad en las instituciones de justicia y de sus integrantes\u2026 F\u00e9rrea disputa por el PT en Oaxaca: Lenin L\u00f3pez Nelio contra Benjam\u00edn Robles Montoya, ambos con numerosa familia que acapara los cargos p\u00fablicos en los poderes Ejecutivo y Legislativo, pero nada con la militancia ni con el servicio a la comunidad, la lucha es s\u00f3lo el manejo del presupuesto.<\/p>\n<p><u><a href=\"mailto:asorianocarrasco@yahoo.com\" target=\"_blank\" rel=\"noopener noreferrer\"><em>asorianocarrasco@yahoo.com<\/em><\/a><br \/>\n<em><a href=\"https:\/\/revistabrecha.com\" target=\"_blank\" rel=\"noopener noreferrer\">www.revistabrecha.com<\/a><br \/>\n<\/em><\/u><em>facebook oficial <a href=\"https:\/\/es-la.facebook.com\/RevistaBrecha.Oficial\" target=\"_blank\" rel=\"noopener\">@BrechaRevista<\/a><\/em><\/p>\n","protected":false},"excerpt":{"rendered":"<p><span style=\"color: #005497;\"><strong>\u00c1ngel Soriano<\/strong><\/span><\/p>\n","protected":false},"author":3,"featured_media":0,"comment_status":"open","ping_status":"open","sticky":false,"template":"","format":"standard","meta":{"_monsterinsights_skip_tracking":false,"_monsterinsights_sitenote_active":false,"_monsterinsights_sitenote_note":"","_monsterinsights_sitenote_category":0,"footnotes":""},"categories":[135],"tags":[85,86,43674],"class_list":["post-575058","post","type-post","status-publish","format-standard","hentry","category-angel-soriano-opinion","tag-angel-soriano","tag-desde-el-portal","tag-opinion"],"_links":{"self":[{"href":"https:\/\/www.diarioimagen.net\/index.php?rest_route=\/wp\/v2\/posts\/575058","targetHints":{"allow":["GET"]}}],"collection":[{"href":"https:\/\/www.diarioimagen.net\/index.php?rest_route=\/wp\/v2\/posts"}],"about":[{"href":"https:\/\/www.diarioimagen.net\/index.php?rest_route=\/wp\/v2\/types\/post"}],"author":[{"embeddable":true,"href":"https:\/\/www.diarioimagen.net\/index.php?rest_route=\/wp\/v2\/users\/3"}],"replies":[{"embeddable":true,"href":"https:\/\/www.diarioimagen.net\/index.php?rest_route=%2Fwp%2Fv2%2Fcomments&post=575058"}],"version-history":[{"count":0,"href":"https:\/\/www.diarioimagen.net\/index.php?rest_route=\/wp\/v2\/posts\/575058\/revisions"}],"wp:attachment":[{"href":"https:\/\/www.diarioimagen.net\/index.php?rest_route=%2Fwp%2Fv2%2Fmedia&parent=575058"}],"wp:term":[{"taxonomy":"category","embeddable":true,"href":"https:\/\/www.diarioimagen.net\/index.php?rest_route=%2Fwp%2Fv2%2Fcategories&post=575058"},{"taxonomy":"post_tag","embeddable":true,"href":"https:\/\/www.diarioimagen.net\/index.php?rest_route=%2Fwp%2Fv2%2Ftags&post=575058"}],"curies":[{"name":"wp","href":"https:\/\/api.w.org\/{rel}","templated":true}]}}