{"id":575081,"date":"2023-02-21T00:10:12","date_gmt":"2023-02-21T06:10:12","guid":{"rendered":"https:\/\/www.diarioimagen.net\/?p=575081"},"modified":"2023-02-21T01:42:36","modified_gmt":"2023-02-21T07:42:36","slug":"que-hacer-con-los-ex-presidentes","status":"publish","type":"post","link":"https:\/\/www.diarioimagen.net\/?p=575081","title":{"rendered":"\u00bfQu\u00e9 hacer con los ex presidentes?"},"content":{"rendered":"<h2>De frente y de perfil<\/h2>\n<h5>Ram\u00f3n Zurita Sahag\u00fan<\/h5>\n<p>&nbsp;<\/p>\n<p>El sistema de aprovechar la experiencia pol\u00edtica de los ex presidentes, convirti\u00e9ndolos, incluso, en senadores vitalicios fue acogido durante a\u00f1os en diversos pa\u00edses del mundo, incluso en Latinoam\u00e9rica.<\/p>\n<p>Vigente en algunos pa\u00edses como Espa\u00f1a, Italia, Chile, Brasil, Venezuela, Per\u00fa, Paraguay y naciones africanas, el m\u00e9todo fue reemplazado con el paso de los a\u00f1os.\u00a0 As\u00ed\u00a0\u00a0se aprovechaba la experiencia de los mandatarios salientes y manten\u00edan la opci\u00f3n de ellos para continuar en la actividad pol\u00edtica desde una tribuna p\u00fablica.<\/p>\n<p>De esa forma, los ex presidentes contaban con canales de expresi\u00f3n y pon\u00edan opinar sobre la vida pol\u00edtica del pa\u00eds respectivo.\u00a0 En M\u00e9xico, no hab\u00eda necesidad de ellos, ya que los ex presidentes sab\u00edan que al t\u00e9rmino de sus mandatos se ir\u00edan a sus casas, con una buena cantidad de auxiliares pagados por el siguiente gobierno, una c\u00f3moda pensi\u00f3n y su \u00fanico compromiso era el de mantenerse en la oscuridad, sin comentarios sobre la marcha de la econom\u00eda, pol\u00edtica o temas actuales de la conducci\u00f3n del pa\u00eds.<\/p>\n<p>No importaba lo que ocurr\u00eda, ya que poco se hablaba en ese entonces de los rezagos de sus gobiernos y las faltas cometidas en el ejercicio del poder. Si acaso se actuaba en contra de algunos de sus colaboradores, para compensar las fallas ocurridas en sus administraciones.\u00a0 Y aunque el partido en el poder era uno solo, los cambios de gobierno no eran lo terso que parec\u00eda.<\/p>\n<p>Sin embargo, salvo pinceladas de inconformidad, los ex presidentes viv\u00edan el resto de sus d\u00edas, sin problemas de ninguna clase y ellos conformes con su desempe\u00f1o gozaban de las inmensas fortunas acumuladas en su paso por la pol\u00edtica.<\/p>\n<p>Pasada la mitad del siglo pasado y ya en la d\u00e9cada de los 70, Jos\u00e9 L\u00f3pez Portillo aprovech\u00f3 a dos de los ex presidentes para enviarlos como embajadores: Luis Echeverr\u00eda a las Islas Fidji y luego a la Unesco y Gustavo D\u00edaz Ordaz, a Espa\u00f1a.<\/p>\n<p>Antes de ellos, los ex presidentes eran enviados a algunos puestos burocr\u00e1ticos de segundo y tercer nivel, para mantenerlos ocupados y evitar que intervinieran en temas pol\u00edticos.<\/p>\n<p>L\u00e1zaro C\u00e1rdenas se desempe\u00f1\u00f3 en la Comisi\u00f3n del Balsas; Miguel Alem\u00e1n, en el Consejo de Turismo; Adolfo L\u00f3pez Mateos, presidente del Comit\u00e9 Organizador de los Juegos Ol\u00edmpicos. Adolfo Ruiz Cortines como agente fiduciario de Nacional Financiera.<\/p>\n<p>Fue durante el ejercicio presidencial de L\u00f3pez Mateos cuando se design\u00f3 a varios ex presidentes en cargos sumamente modestos.\u00a0Roque Gonz\u00e1lez Garza, \u00a0Pascual Ortiz Rubio,\u00a0Emilio Portes Gil,\u00a0Abelardo L. Rodr\u00edguez, adem\u00e1s de los ya mencionados.<\/p>\n<p>Salvo alguna excepci\u00f3n los ex presidentes guardaron silencio y as\u00ed se mantuvieron durante d\u00e9cadas, hasta que en 1995 vino el rompimiento p\u00fablico entre Carlos Salinas de Gortari y el presidente en funciones, Ernesto Zedillo.<\/p>\n<p>Los siguientes ex presidentes simplemente, hasta la fecha, contin\u00faan aprovechando los espacios p\u00fablicos y los medios de comunicaci\u00f3n para expresar sus puntos de vista o atacar al presidente en funciones.<\/p>\n<p>Felipe Calder\u00f3n, quien es sumamente criticado por el presidente L\u00f3pez Obrador, es el que m\u00e1s reciente sale a la palestra para comentar los pasos a seguir para marcar un nuevo rumbo pol\u00edtico y sugiere la creaci\u00f3n de un nuevo partido pol\u00edtico en un futuro cercano, aunque por ahora lo mejor ser\u00eda, dice, incorporar a la sociedad civil en un frente con los partidos de oposici\u00f3n.<\/p>\n<p style=\"text-align: center;\"><strong>*****<\/strong><\/p>\n<p>Veracruz salta a la escena nacional como uno de los estados con mayor opacidad en torno a su gobierno estatal, donde asoman rasgos de corrupci\u00f3n en la administraci\u00f3n p\u00fablica y se\u00f1alamientos de una gran estela de familiares del gobernador en cargos p\u00fablicos. La aparici\u00f3n de empresas fantasmas es uno de los principales alegatos.<\/p>\n<p><a href=\"mailto:ramonzurita44@hotmail.com\" target=\"_blank\" rel=\"noopener noreferrer\"><em>ramonzurita44@hotmail.com<\/em><\/a><\/p>\n","protected":false},"excerpt":{"rendered":"<p><span style=\"color: #005497;\"><strong>Ram\u00f3n Zurita Sahag\u00fan<\/strong><\/span><\/p>\n","protected":false},"author":3,"featured_media":0,"comment_status":"open","ping_status":"open","sticky":false,"template":"","format":"standard","meta":{"_monsterinsights_skip_tracking":false,"_monsterinsights_sitenote_active":false,"_monsterinsights_sitenote_note":"","_monsterinsights_sitenote_category":0,"footnotes":""},"categories":[234],"tags":[304,43674,43687],"class_list":["post-575081","post","type-post","status-publish","format-standard","hentry","category-ramon-zurita-sahagun","tag-de-frente-y-de-perfil","tag-opinion","tag-ramon-zurita-sahagun"],"_links":{"self":[{"href":"https:\/\/www.diarioimagen.net\/index.php?rest_route=\/wp\/v2\/posts\/575081","targetHints":{"allow":["GET"]}}],"collection":[{"href":"https:\/\/www.diarioimagen.net\/index.php?rest_route=\/wp\/v2\/posts"}],"about":[{"href":"https:\/\/www.diarioimagen.net\/index.php?rest_route=\/wp\/v2\/types\/post"}],"author":[{"embeddable":true,"href":"https:\/\/www.diarioimagen.net\/index.php?rest_route=\/wp\/v2\/users\/3"}],"replies":[{"embeddable":true,"href":"https:\/\/www.diarioimagen.net\/index.php?rest_route=%2Fwp%2Fv2%2Fcomments&post=575081"}],"version-history":[{"count":0,"href":"https:\/\/www.diarioimagen.net\/index.php?rest_route=\/wp\/v2\/posts\/575081\/revisions"}],"wp:attachment":[{"href":"https:\/\/www.diarioimagen.net\/index.php?rest_route=%2Fwp%2Fv2%2Fmedia&parent=575081"}],"wp:term":[{"taxonomy":"category","embeddable":true,"href":"https:\/\/www.diarioimagen.net\/index.php?rest_route=%2Fwp%2Fv2%2Fcategories&post=575081"},{"taxonomy":"post_tag","embeddable":true,"href":"https:\/\/www.diarioimagen.net\/index.php?rest_route=%2Fwp%2Fv2%2Ftags&post=575081"}],"curies":[{"name":"wp","href":"https:\/\/api.w.org\/{rel}","templated":true}]}}