{"id":575164,"date":"2023-02-22T00:02:09","date_gmt":"2023-02-22T06:02:09","guid":{"rendered":"https:\/\/www.diarioimagen.net\/?p=575164"},"modified":"2023-02-22T02:45:49","modified_gmt":"2023-02-22T08:45:49","slug":"la-priista-alejandra-del-moral-vela-sigue-acortando-distancia-en-encuestas","status":"publish","type":"post","link":"https:\/\/www.diarioimagen.net\/?p=575164","title":{"rendered":"La priista Alejandra Del Moral Vela sigue acortando distancia en encuestas"},"content":{"rendered":"<p>&nbsp;<\/p>\n<ul>\n<li><em><strong>Rumbo a la elecci\u00f3n del pr\u00f3ximo junio<\/strong><\/em><\/li>\n<\/ul>\n<p><strong>\u00a0<\/strong><\/p>\n<h6>Arturo Baena<\/h6>\n<p>&nbsp;<\/p>\n<div id=\"attachment_575221\" style=\"width: 470px\" class=\"wp-caption aligncenter\"><a href=\"https:\/\/www.diarioimagen.net\/?attachment_id=575221\" rel=\"attachment wp-att-575221\"><img loading=\"lazy\" decoding=\"async\" aria-describedby=\"caption-attachment-575221\" class=\"size-full wp-image-575221\" src=\"https:\/\/www.diarioimagen.net\/wp-content\/uploads\/2023\/02\/priista-alejandra.jpg\" alt=\"\" width=\"460\" height=\"270\" \/><\/a><p id=\"caption-attachment-575221\" class=\"wp-caption-text\">Alejandra Del Moral Vela contin\u00faa acortando distancia con la coalici\u00f3n Morena-PT-Verde Ecologista, al registrar un crecimiento en las preferencias electorales.<\/p><\/div>\n<p>&nbsp;<\/p>\n<p><strong>Valle de M\u00e9xico.\u2014<\/strong> Tras el cierre de la etapa de precampa\u00f1a en el Estado de M\u00e9xico, Alejandra Del Moral Vela contin\u00faa acortando distancia con la coalici\u00f3n Morena-PT-Verde Ecologista, al registrar un crecimiento en las preferencias electorales.<\/p>\n<p>Este incremento en las \u00faltimas semanas es registrado por casas encuestadoras como \u201cLaEncuesta.Mx\u201d, que de acuerdo con informaci\u00f3n recabada del 13 al 15 de febrero de 2023, la diferencia entre las coaliciones de Morena-PT-Verde Ecologista y la de los partidos Revolucionario Institucional (PRI), Acci\u00f3n Nacional (PAN), de la Revoluci\u00f3n Democr\u00e1tica (PRD) y Nueva Alianza, ya es de s\u00f3lo 4.3 puntos.<\/p>\n<p>Los resultados de esta encuesta colocan a la coalici\u00f3n de Morena-PT-Verde Ecologista, que encabeza Delfina G\u00f3mez \u00c1lvarez, con 47.8 por ciento, mientras que los partidos que abanderan a Alejandra Del Moral, PRI-PAN-PRD-Nueva Alianza, tienen 43.5 por ciento en las preferencias.<\/p>\n<p>A la pregunta de \u00bfcu\u00e1l partido pol\u00edtico considera que ganar\u00e1 la elecci\u00f3n? la coalici\u00f3n que encabeza Del Moral ganar\u00eda con el 49.1 por ciento, mientras que la que respalda a Delfina G\u00f3mez quedar\u00eda en 42.1 por ciento.<\/p>\n<p>Esta encuesta se\u00f1ala que el 46.9 por ciento votar\u00eda por la ex secretaria de Educaci\u00f3n P\u00fablica, mientras que el 40.1 lo har\u00eda por Del Moral Vela, por lo que la diferencia es de s\u00f3lo 6.8 por ciento.<\/p>\n<p>Estos datos reflejan que el proceso electoral en el Estado de M\u00e9xico comienza a cerrarse.<\/p>\n","protected":false},"excerpt":{"rendered":"<p>Tras el cierre de la etapa de precampa\u00f1a en el Estado de M\u00e9xico, Alejandra Del Moral Vela contin\u00faa acortando distancia con la coalici\u00f3n Morena-PT-Verde Ecologista, al registrar un crecimiento en las preferencias electorales.<\/p>\n","protected":false},"author":3,"featured_media":575221,"comment_status":"open","ping_status":"open","sticky":false,"template":"","format":"standard","meta":{"_monsterinsights_skip_tracking":false,"_monsterinsights_sitenote_active":false,"_monsterinsights_sitenote_note":"","_monsterinsights_sitenote_category":0,"footnotes":""},"categories":[5],"tags":[2833,43675,34],"class_list":["post-575164","post","type-post","status-publish","format-standard","has-post-thumbnail","hentry","category-estado-de-mexico","tag-alejandra-del-moral-vela","tag-estado-de-mexico","tag-valle-de-mexico"],"_links":{"self":[{"href":"https:\/\/www.diarioimagen.net\/index.php?rest_route=\/wp\/v2\/posts\/575164","targetHints":{"allow":["GET"]}}],"collection":[{"href":"https:\/\/www.diarioimagen.net\/index.php?rest_route=\/wp\/v2\/posts"}],"about":[{"href":"https:\/\/www.diarioimagen.net\/index.php?rest_route=\/wp\/v2\/types\/post"}],"author":[{"embeddable":true,"href":"https:\/\/www.diarioimagen.net\/index.php?rest_route=\/wp\/v2\/users\/3"}],"replies":[{"embeddable":true,"href":"https:\/\/www.diarioimagen.net\/index.php?rest_route=%2Fwp%2Fv2%2Fcomments&post=575164"}],"version-history":[{"count":0,"href":"https:\/\/www.diarioimagen.net\/index.php?rest_route=\/wp\/v2\/posts\/575164\/revisions"}],"wp:featuredmedia":[{"embeddable":true,"href":"https:\/\/www.diarioimagen.net\/index.php?rest_route=\/wp\/v2\/media\/575221"}],"wp:attachment":[{"href":"https:\/\/www.diarioimagen.net\/index.php?rest_route=%2Fwp%2Fv2%2Fmedia&parent=575164"}],"wp:term":[{"taxonomy":"category","embeddable":true,"href":"https:\/\/www.diarioimagen.net\/index.php?rest_route=%2Fwp%2Fv2%2Fcategories&post=575164"},{"taxonomy":"post_tag","embeddable":true,"href":"https:\/\/www.diarioimagen.net\/index.php?rest_route=%2Fwp%2Fv2%2Ftags&post=575164"}],"curies":[{"name":"wp","href":"https:\/\/api.w.org\/{rel}","templated":true}]}}