{"id":575291,"date":"2023-02-23T00:03:22","date_gmt":"2023-02-23T06:03:22","guid":{"rendered":"https:\/\/www.diarioimagen.net\/?p=575291"},"modified":"2023-02-23T01:33:10","modified_gmt":"2023-02-23T07:33:10","slug":"economia-circular-opcion-para-detener-la-depredacion-ambiental-max-correa","status":"publish","type":"post","link":"https:\/\/www.diarioimagen.net\/?p=575291","title":{"rendered":"Econom\u00eda circular, opci\u00f3n para detener la depredaci\u00f3n ambiental: Max Correa"},"content":{"rendered":"<p>&nbsp;<\/p>\n<ul>\n<li><em><strong>Propuesta del legislador morenista<\/strong><\/em><\/li>\n<\/ul>\n<p>&nbsp;<\/p>\n<div id=\"attachment_575344\" style=\"width: 470px\" class=\"wp-caption aligncenter\"><a href=\"https:\/\/www.diarioimagen.net\/?attachment_id=575344\" rel=\"attachment wp-att-575344\"><img loading=\"lazy\" decoding=\"async\" aria-describedby=\"caption-attachment-575344\" class=\"size-full wp-image-575344\" src=\"https:\/\/www.diarioimagen.net\/wp-content\/uploads\/2023\/02\/economia-circular.jpg\" alt=\"\" width=\"460\" height=\"270\" \/><\/a><p id=\"caption-attachment-575344\" class=\"wp-caption-text\">El diputado morenista Max Correa Hern\u00e1ndez propuso la iniciativa para crear la Ley de Econom\u00eda Circular del Estado de M\u00e9xico.<\/p><\/div>\n<p>&nbsp;<\/p>\n<p><strong>Toluca, Estado de M\u00e9xico.\u2014<\/strong> Ante la necesidad de preservar el medio ambiente y los recursos naturales, el diputado Max Correa Hern\u00e1ndez propuso la iniciativa para crear la Ley de Econom\u00eda Circular del Estado de M\u00e9xico, que pretende lograr que los desechos que generan las empresas y personas se reutilicen.<\/p>\n<p>En tribuna parlamentaria, Correa Hern\u00e1ndez argument\u00f3 que actualmente en M\u00e9xico se producen 126 mil toneladas diarias de residuos s\u00f3lidos urbanos org\u00e1nicos e inorg\u00e1nicos, mientras que en la entidad mexiquense son 17 mil toneladas diarias, de las cuales el 80 por ciento se generan en las zonas urbanas y metropolitanas, y que desafortunadamente terminan en un confinamiento, relleno sanitario o a tiraderos a cielo abierto<\/p>\n<p>En este sentido, el legislador de Morena se\u00f1al\u00f3 que los expertos ambientalistas aseguran que la severa crisis ambiental que enfrentamos por la grave contaminaci\u00f3n del suelo, agua y aire, se debe en gran medida a las actividades antropog\u00e9nicas de econom\u00eda lineal que se aplica actualmente en casi todos los sectores industriales y p\u00fablicos, y por el modo de vida y dise\u00f1o de los hogares.<\/p>\n<p>Por ello, dijo que ante la crisis medioambiental varios pa\u00edses iniciaron acciones y programas en materia de Econom\u00eda Circular que aprovecha la interconexi\u00f3n que brinda la globalizaci\u00f3n de la econom\u00eda mundial. Explic\u00f3 que la econom\u00eda circular \u201ces un modelo que crea instituciones, procesos y tecnolog\u00eda que evita el regreso a la naturaleza de desechos que generan las industrias, organizaciones y personas, valorizando los residuos como fuente de materias primas secundarias o materias primas de segundo uso, con lo que se fomenta la disminuci\u00f3n del consumo de materias primas v\u00edrgenes.<\/p>\n","protected":false},"excerpt":{"rendered":"<p>Ante la necesidad de preservar el medio ambiente y los recursos naturales, el diputado Max Correa Hern\u00e1ndez propuso la iniciativa para crear la Ley de Econom\u00eda Circular del Estado de M\u00e9xico, que pretende lograr que los desechos que generan las empresas y personas se reutilicen.<\/p>\n","protected":false},"author":3,"featured_media":575344,"comment_status":"open","ping_status":"open","sticky":false,"template":"","format":"standard","meta":{"_monsterinsights_skip_tracking":false,"_monsterinsights_sitenote_active":false,"_monsterinsights_sitenote_note":"","_monsterinsights_sitenote_category":0,"footnotes":""},"categories":[5],"tags":[43675,96323,452],"class_list":["post-575291","post","type-post","status-publish","format-standard","has-post-thumbnail","hentry","category-estado-de-mexico","tag-estado-de-mexico","tag-max-correa-hernandez","tag-toluca"],"_links":{"self":[{"href":"https:\/\/www.diarioimagen.net\/index.php?rest_route=\/wp\/v2\/posts\/575291","targetHints":{"allow":["GET"]}}],"collection":[{"href":"https:\/\/www.diarioimagen.net\/index.php?rest_route=\/wp\/v2\/posts"}],"about":[{"href":"https:\/\/www.diarioimagen.net\/index.php?rest_route=\/wp\/v2\/types\/post"}],"author":[{"embeddable":true,"href":"https:\/\/www.diarioimagen.net\/index.php?rest_route=\/wp\/v2\/users\/3"}],"replies":[{"embeddable":true,"href":"https:\/\/www.diarioimagen.net\/index.php?rest_route=%2Fwp%2Fv2%2Fcomments&post=575291"}],"version-history":[{"count":0,"href":"https:\/\/www.diarioimagen.net\/index.php?rest_route=\/wp\/v2\/posts\/575291\/revisions"}],"wp:featuredmedia":[{"embeddable":true,"href":"https:\/\/www.diarioimagen.net\/index.php?rest_route=\/wp\/v2\/media\/575344"}],"wp:attachment":[{"href":"https:\/\/www.diarioimagen.net\/index.php?rest_route=%2Fwp%2Fv2%2Fmedia&parent=575291"}],"wp:term":[{"taxonomy":"category","embeddable":true,"href":"https:\/\/www.diarioimagen.net\/index.php?rest_route=%2Fwp%2Fv2%2Fcategories&post=575291"},{"taxonomy":"post_tag","embeddable":true,"href":"https:\/\/www.diarioimagen.net\/index.php?rest_route=%2Fwp%2Fv2%2Ftags&post=575291"}],"curies":[{"name":"wp","href":"https:\/\/api.w.org\/{rel}","templated":true}]}}