{"id":575416,"date":"2023-02-24T00:03:50","date_gmt":"2023-02-24T06:03:50","guid":{"rendered":"https:\/\/www.diarioimagen.net\/?p=575416"},"modified":"2023-02-24T02:23:05","modified_gmt":"2023-02-24T08:23:05","slug":"fortalecen-la-unidad-entre-infonavit-y-coparmex-en-apoyo-a-los-trabajadores","status":"publish","type":"post","link":"https:\/\/www.diarioimagen.net\/?p=575416","title":{"rendered":"Fortalecen la unidad entre Infonavit y Coparmex en apoyo a los trabajadores"},"content":{"rendered":"<p>&nbsp;<\/p>\n<ul>\n<li><strong><em>Firman convenio<\/em><\/strong><\/li>\n<\/ul>\n<p>&nbsp;<\/p>\n<div id=\"attachment_575506\" style=\"width: 470px\" class=\"wp-caption aligncenter\"><a href=\"https:\/\/www.diarioimagen.net\/?attachment_id=575506\" rel=\"attachment wp-att-575506\"><img loading=\"lazy\" decoding=\"async\" aria-describedby=\"caption-attachment-575506\" class=\"size-full wp-image-575506\" src=\"https:\/\/www.diarioimagen.net\/wp-content\/uploads\/2023\/02\/fortalecen-unidad.jpg\" alt=\"\" width=\"460\" height=\"270\" \/><\/a><p id=\"caption-attachment-575506\" class=\"wp-caption-text\">Dayra Vergara Vargas, delegada regional del Infonavit, explic\u00f3 que los acuerdos firmados est\u00e1n encaminados a fortalecer la unidad entre el Instituto y empresarios.<\/p><\/div>\n<p>&nbsp;<\/p>\n<p><strong>Valle de M\u00e9xico.\u2014<\/strong> La delegada regional del Infonavit en el Estado de M\u00e9xico, Dayra Vergara Vargas, dijo que los cr\u00e9ditos que est\u00e1n en VSM subieron este a\u00f1o s\u00f3lo un 5.2%, la Unidad de Medida y Actualizaci\u00f3n (UMA) es la que aument\u00f3 7.82% por un acuerdo del Consejo de Administraci\u00f3n del Infonavit<\/p>\n<p>En entrevista, al concluir la firma de convenio con Coparmex Metropolitano que encabeza Erick Cuenca Gurrola, La delegada regional del Infonavit aclar\u00f3 que los cr\u00e9ditos en VSM que no cambiaron a pesos subieron 5.2%.<\/p>\n<p>Vergara Vargas explic\u00f3 que los acuerdos firmados est\u00e1n encaminados a fortalecer la unidad entre Infonavit y empresarios con beneficios en favor de trabajadores y los propios due\u00f1os de empresas.<\/p>\n<p>Ejemplifico que \u201ctodos los desarrolladores\/constructores, si van a tener un desarrollo puedan ir a la Ventanilla \u00danica que se instalar\u00e1 en algunos municipios para agilizar sus procesos de autorizaci\u00f3n de tr\u00e1mites para echar a andar el desarrollo.<\/p>\n<p>\u201cEs una Ventanilla Especializada que pueda conjuntar los tr\u00e1mites, para que sus autorizaciones se agilicen y haya m\u00e1s posibilidad de ofertar vivienda\u201d. Agreg\u00f3 que las empresas tendr\u00edan, Mesas de Trabajo, Mesas de Atenci\u00f3n, Talleres y Asesor\u00eda sobre los programas de regularizaci\u00f3n de adeudos fiscales.<\/p>\n","protected":false},"excerpt":{"rendered":"<p>La delegada regional del Infonavit en el Estado de M\u00e9xico, Dayra Vergara Vargas, dijo que los cr\u00e9ditos que est\u00e1n en VSM subieron este a\u00f1o s\u00f3lo un 5.2%, la Unidad de Medida y Actualizaci\u00f3n (UMA) es la que aument\u00f3 7.82% por un acuerdo del Consejo de Administraci\u00f3n del Infonavit<\/p>\n","protected":false},"author":3,"featured_media":575506,"comment_status":"open","ping_status":"open","sticky":false,"template":"","format":"standard","meta":{"_monsterinsights_skip_tracking":false,"_monsterinsights_sitenote_active":false,"_monsterinsights_sitenote_note":"","_monsterinsights_sitenote_category":0,"footnotes":""},"categories":[5],"tags":[308,2851,43673,2996],"class_list":["post-575416","post","type-post","status-publish","format-standard","has-post-thumbnail","hentry","category-estado-de-mexico","tag-coparmex","tag-infonavit","tag-nacional","tag-unidad"],"_links":{"self":[{"href":"https:\/\/www.diarioimagen.net\/index.php?rest_route=\/wp\/v2\/posts\/575416","targetHints":{"allow":["GET"]}}],"collection":[{"href":"https:\/\/www.diarioimagen.net\/index.php?rest_route=\/wp\/v2\/posts"}],"about":[{"href":"https:\/\/www.diarioimagen.net\/index.php?rest_route=\/wp\/v2\/types\/post"}],"author":[{"embeddable":true,"href":"https:\/\/www.diarioimagen.net\/index.php?rest_route=\/wp\/v2\/users\/3"}],"replies":[{"embeddable":true,"href":"https:\/\/www.diarioimagen.net\/index.php?rest_route=%2Fwp%2Fv2%2Fcomments&post=575416"}],"version-history":[{"count":0,"href":"https:\/\/www.diarioimagen.net\/index.php?rest_route=\/wp\/v2\/posts\/575416\/revisions"}],"wp:featuredmedia":[{"embeddable":true,"href":"https:\/\/www.diarioimagen.net\/index.php?rest_route=\/wp\/v2\/media\/575506"}],"wp:attachment":[{"href":"https:\/\/www.diarioimagen.net\/index.php?rest_route=%2Fwp%2Fv2%2Fmedia&parent=575416"}],"wp:term":[{"taxonomy":"category","embeddable":true,"href":"https:\/\/www.diarioimagen.net\/index.php?rest_route=%2Fwp%2Fv2%2Fcategories&post=575416"},{"taxonomy":"post_tag","embeddable":true,"href":"https:\/\/www.diarioimagen.net\/index.php?rest_route=%2Fwp%2Fv2%2Ftags&post=575416"}],"curies":[{"name":"wp","href":"https:\/\/api.w.org\/{rel}","templated":true}]}}