{"id":575519,"date":"2023-02-24T00:05:18","date_gmt":"2023-02-24T06:05:18","guid":{"rendered":"https:\/\/www.diarioimagen.net\/?p=575519"},"modified":"2023-02-24T02:37:29","modified_gmt":"2023-02-24T08:37:29","slug":"la-insensata-peticion-de-mario","status":"publish","type":"post","link":"https:\/\/www.diarioimagen.net\/?p=575519","title":{"rendered":"La insensata petici\u00f3n de Mario"},"content":{"rendered":"<h2>Perfil de M\u00e9xico<\/h2>\n<h5>Armando R\u00edos Ruiz<\/h5>\n<p>&nbsp;<\/p>\n<p>El dirigente Nacional de Morena, Mario Delgado, lanz\u00f3 una petici\u00f3n absurda e insensata. Pidi\u00f3 que se investigue al ex presidente Felipe Calder\u00f3n y quitar el registro al Partido Acci\u00f3n Nacional, por el resultado del juicio a Genaro Garc\u00eda Luna en Nueva York, en el que fue encontrado culpable de varios cargos.<\/p>\n<p>Habla como si el PAN hubiera sido el instigador de sus actos o una especie de escuela en la cual se forman los peores delincuentes. \u00bfQu\u00e9 tiene que ver este partido con los procederes de sus miembros? A Mario lo mueve m\u00e1s el deseo de recibir una sonrisa de su amo y se\u00f1or. Sabe que el patr\u00f3n desear\u00eda con toda su alma, ver al michoacano tras las rejas, porque se adue\u00f1\u00f3 de su presidencia.<\/p>\n<p>A quienes tienen la inteligencia donde acaba la espalda, como el dirigente de Morena, les llaman \u201cgl\u00fateos veloces\u201d. Est\u00e1n atentos a cualquier acontecimiento que les permita imitar al mandatario\u00a0 o adivinar sus deseos, para lanzar lo m\u00e1s r\u00e1pido posible, palabras sandias y huecas, pero que pueden tener un efecto de agradecimiento a su favor. Como el caso del juicio.<\/p>\n<p>Hace dos a\u00f1os, el Presidente orden\u00f3 una votaci\u00f3n ciudadana para llevar a cinco ex presidentes a juicio, entre los que figuraba, obviamente, el m\u00e1s odiado. Hubo una gran expectativa ciudadana, aunque a la hora de la verdad, acudi\u00f3 a las urnas instaladas a lo largo y ancho del territorio nacional, s\u00f3lo siete por ciento a dejar su voto. Remotamente lejos del 40 que se requer\u00eda.<\/p>\n<p>Pero Mario Delgado cojea de la misma pata que sus correligionarios, entre quienes da demasiado trabajo encontrar a uno que evidencie inteligencia siquiera normal. Como la diputada Bennelly Jocabeth Hern\u00e1ndez Ruedas, quien propuso aumentar la multa por injurias al Presidente. Pero no pens\u00f3 en las multas al\u00a0 alto funcionario por agraviar todos los d\u00edas a quienes considera sus enemigos.<\/p>\n<p>El Ejecutivo ten\u00eda el derecho, en 2021 que se llev\u00f3 a cabo el ejercicio para enjuiciar a los ex presidentes, de realizar acusaciones con todos los elementos que le da la ley. Sin embargo,\u00a0 prefiri\u00f3 hacerlo de otra manera, que dej\u00f3 evidenciada la poca, la casi nula importancia que la ciudadan\u00eda confiri\u00f3 a su intenci\u00f3n.<\/p>\n<p>Garc\u00eda Luna fue sometido a deliberaciones judiciales en Estados Unidos, en donde se le acus\u00f3 de la comisi\u00f3n de diversos delitos, cuando fungi\u00f3 como el superpolic\u00eda del entonces Presidente, Felipe Calder\u00f3n, tiempo durante el cual se coludi\u00f3 con diversos grupos de narcotraficantes. No obstante. No basta que el dirigente de Morena proponga persecuciones necias.<\/p>\n<p>Esto significar\u00eda que el amigo o el hermano de un delincuente puedan ser perseguidos y encarcelados s\u00f3lo por el hecho de serlo. Significar\u00eda que hasta un santo podr\u00eda sufrir los embates de la ley, s\u00f3lo porque el hermano anda en malos pasos. Ser\u00eda como pretender castigar a una familia completa, acusada de atender indebidamente la formaci\u00f3n del hijo. No acabar\u00edan nunca las autoridades, de enjuiciar a los millones de delincuentes que hay en M\u00e9xico.<\/p>\n<p>\u00bfPor qu\u00e9 no mejor empezar un juicio en contra de Calder\u00f3n? Aunque habr\u00eda que investigar primero si particip\u00f3 en los il\u00edcitos que ni siquiera menciona el dirigente. Luego presentar una denuncia formal ante la autoridad competente y despu\u00e9s instar a que se inicie el proceso. Eso s\u00ed puede hacerse, en lugar de actuar a ciegas, s\u00f3lo por la ocurrencia de un pol\u00edtico de poco alcance intelectual.<\/p>\n<p>Pero en todo caso, tambi\u00e9n tendr\u00eda que aceptar una investigaci\u00f3n en su contra, por lo escrito en el libro <em>El rey del cash<\/em>, de que \u00e9l mismo particip\u00f3 en un asunto con aportaciones de dinero en efectivo en 2006, para la campa\u00f1a del jefe m\u00e1ximo a la Presidencia de la Rep\u00fablica. Que obviamente neg\u00f3.<\/p>\n<p>Bautiz\u00f3 al PAN como una organizaci\u00f3n m\u00e1s criminal que pol\u00edtica. Se mordi\u00f3 la lengua por no advertir que, en lo que va del sexenio, hay m\u00e1s de 140 mil muertos por una pol\u00edtica equivocada de combate a los criminales y casi 400 mil ni\u00f1os de c\u00e1ncer, por falta de medicinas. Los feminicidios ni siquiera causan la menor molestia, ni al Presidente ni a las autoridades encargadas de procurar justicia. Los desaparecidos est\u00e1n demasiado bien desaparecidos para investigar la causa.<\/p>\n<p><a href=\"mailto:ariosruiz@gmail.com\" target=\"_blank\" rel=\"noopener noreferrer\"><em>ariosruiz@gmail.com<\/em><\/a><\/p>\n","protected":false},"excerpt":{"rendered":"<p><span style=\"color: #005497;\"><strong>Armando R\u00edos Ruiz<\/strong><\/span><\/p>\n","protected":false},"author":3,"featured_media":0,"comment_status":"open","ping_status":"open","sticky":false,"template":"","format":"standard","meta":{"_monsterinsights_skip_tracking":false,"_monsterinsights_sitenote_active":false,"_monsterinsights_sitenote_note":"","_monsterinsights_sitenote_category":0,"footnotes":""},"categories":[88405],"tags":[88407,43674,91193],"class_list":["post-575519","post","type-post","status-publish","format-standard","hentry","category-armando-rios-ruiz","tag-armando-rios-ruiz","tag-opinion","tag-perfil-de-mexico"],"_links":{"self":[{"href":"https:\/\/www.diarioimagen.net\/index.php?rest_route=\/wp\/v2\/posts\/575519","targetHints":{"allow":["GET"]}}],"collection":[{"href":"https:\/\/www.diarioimagen.net\/index.php?rest_route=\/wp\/v2\/posts"}],"about":[{"href":"https:\/\/www.diarioimagen.net\/index.php?rest_route=\/wp\/v2\/types\/post"}],"author":[{"embeddable":true,"href":"https:\/\/www.diarioimagen.net\/index.php?rest_route=\/wp\/v2\/users\/3"}],"replies":[{"embeddable":true,"href":"https:\/\/www.diarioimagen.net\/index.php?rest_route=%2Fwp%2Fv2%2Fcomments&post=575519"}],"version-history":[{"count":0,"href":"https:\/\/www.diarioimagen.net\/index.php?rest_route=\/wp\/v2\/posts\/575519\/revisions"}],"wp:attachment":[{"href":"https:\/\/www.diarioimagen.net\/index.php?rest_route=%2Fwp%2Fv2%2Fmedia&parent=575519"}],"wp:term":[{"taxonomy":"category","embeddable":true,"href":"https:\/\/www.diarioimagen.net\/index.php?rest_route=%2Fwp%2Fv2%2Fcategories&post=575519"},{"taxonomy":"post_tag","embeddable":true,"href":"https:\/\/www.diarioimagen.net\/index.php?rest_route=%2Fwp%2Fv2%2Ftags&post=575519"}],"curies":[{"name":"wp","href":"https:\/\/api.w.org\/{rel}","templated":true}]}}