{"id":575559,"date":"2023-02-27T00:01:34","date_gmt":"2023-02-27T06:01:34","guid":{"rendered":"https:\/\/www.diarioimagen.net\/?p=575559"},"modified":"2023-02-27T02:42:38","modified_gmt":"2023-02-27T08:42:38","slug":"la-noche-dorada-fiesta-de-los-anos-20-para-agasajar-a-socios-comerciales-de-grupo-presidente","status":"publish","type":"post","link":"https:\/\/www.diarioimagen.net\/?p=575559","title":{"rendered":"La noche dorada, fiesta de los a\u00f1os 20 para agasajar a socios comerciales de Grupo Presidente"},"content":{"rendered":"<h2>De cinco estrellas<\/h2>\n<h5>Victoria Gonz\u00e1lez Prado<\/h5>\n<p>&nbsp;<\/p>\n<ul>\n<li><strong><em>Esperan derrama econ\u00f3mica de 100 millones de pesos en la Fiesta del Toro de Tequisquiapan<\/em><\/strong><\/li>\n<\/ul>\n<p>&nbsp;<\/p>\n<div id=\"attachment_575652\" style=\"width: 310px\" class=\"wp-caption alignright\"><a href=\"https:\/\/www.diarioimagen.net\/?attachment_id=575652\" rel=\"attachment wp-att-575652\"><img loading=\"lazy\" decoding=\"async\" aria-describedby=\"caption-attachment-575652\" class=\"wp-image-575652\" src=\"https:\/\/www.diarioimagen.net\/wp-content\/uploads\/2023\/02\/turismo-11.jpg\" alt=\"\" width=\"300\" height=\"450\" \/><\/a><p id=\"caption-attachment-575652\" class=\"wp-caption-text\">Carolina Gonz\u00e1lez y Francisco Barriga.<\/p><\/div>\n<p>Han transcurrido s\u00f3lo 58 d\u00edas de este 2023 y tengo que recordar la \u201cNoche Dorada\u201d organizada por <strong>Francisco Barriga Ben\u00edtez<\/strong>, responsable del Segmento <em>Leisure<\/em>, director de <em>E-Commerce<\/em> <em>Tour &amp; Travel<\/em> y central de reservaciones y <strong>Carolina Gonz\u00e1lez Labastida<\/strong>, gerente corporativo de ventas <em>Tour &amp; Travel<\/em> nacional y receptivo, ambos de Grupo Presidente.<\/p>\n<p>La intenci\u00f3n no fue otra que agradecer a socios comerciales y amigos del segmento <em>Leisure,<\/em> como Despegar, <em>Expedia, Magnicharters, Hotelbeds, Volaris,<\/em> Viajes Palacio, Naturle\u00f3n, Imacop, Euromundo y poco m\u00e1s de 120 invitados.<\/p>\n<p>As\u00ed el Sal\u00f3n Castillo del hotel Presidente Intercontinental Mexico City, estuvo repleto de invitados que lucieron sus mejores galas al estilo de los a\u00f1os veinte. Y vaya si lo hicieron bien. Vestidos holgados, lisos, un poco escotados. Algunos a mitad de la pierna dejando ver las medias, elemento indispensable del atuendo, brillos, lentejuelas y los zapatos de punta redonda como accesorio imprescindible; tambi\u00e9n sombreros peque\u00f1os, guantes, collares de perlas muy largos, maquillaje excesivo y cabello corto lleno de ondas.<\/p>\n<p>Los caballeros, no se quedaron atr\u00e1s y lucieron trajes con pantalones de perneras m\u00e1s anchas y abrigos sueltos. Trajes de rayas anchas y ropa hecha de <em>tweed<\/em> y cuadros escoceses estilos populares entre los hombres. Sin faltar sombreros apropiados seg\u00fan el clima. El sombrero de fieltro, el m\u00e1s usado, deb\u00eda hacer juego con su ropa de abrigo.\u00a0 As\u00ed todos muy <em>ad hoc <\/em>participaron en la gran \u201cNoche dorada\u201d.<\/p>\n<p><strong>Francisco<\/strong> nos coment\u00f3 \u201ces una fiesta para nuestros socios comerciales, con quienes durante todo el a\u00f1o mantenemos relaci\u00f3n por el trabajo que realizamos con ellos. Por eso al cerrar el a\u00f1o, nos gusta reunirnos. Motivos nos sobran. Acercarnos despu\u00e9s de dos a\u00f1os de estar lejos, pasar una noche divertida, convivir y aprovechar para anunciar nuestras pr\u00f3ximas aperturas y proyectos.<\/p>\n<p>Seguimos creciendo, asegur\u00f3 Francisco, \u201ctenemos 23 hoteles como Grupo Presidente y acabamos de abrir en Monterrey, hace un mes, un <em>dual brand<\/em> mitad es <em>Hyatt House<\/em> y mitad <em>Haytt Place. <\/em>En enero abrimos Numu, \u2014por cierto ya abri\u00f3 en San Miguel de Allende\u2014 y tenemos el proyecto de <em>Glamping<\/em> una parte en Sotuta, zona centro-sur del estado de Yucat\u00e1n y otra parte en Campeche, previstos para abrir en marzo o abril del 2023. Ya tenemos las caba\u00f1as y estamos trabajando en la experiencia.<\/p>\n<p>\u201cTodo esto queremos anunciarlo a nuestros socios comerciales, seguir trabajando con ellos e impulsar las nuevas aperturas. Tambi\u00e9n, est\u00e1n aqu\u00ed algunos miembros de la Asociaci\u00f3n Metropolitana de Agencias de Viajes \u201cLa Metro\u201d con quienes tambi\u00e9n tenemos, de alguna manera, colaboraci\u00f3n\u201d.<\/p>\n<p>Al preguntarle a <strong>Francisco<\/strong> sobre el balance del a\u00f1o que terminaba, 2022, asegur\u00f3, \u201cfue a\u00f1o r\u00e9cord para nosotros en la parte de playas. Excedimos las expectativas. En la parte de ciudades no crecimos con ese mismo ritmo, pues todav\u00eda hay segmentos que est\u00e1n en recuperaci\u00f3n. Pero, en 2023 ser\u00e1 positivo el crecimiento en las ciudades\u201d.<\/p>\n<p>Reiter\u00f3 que en los hoteles de playa \u201csuperamos ya las cifras de 2019. Nos ayud\u00f3 la inercia que M\u00e9xico mantuvo puertas abiertas, la demanda de los mercados, sobre todo de Estados Unidos, al querer viajar a Canc\u00fan, Ixtapa, Los Cabos y que M\u00e9xico se posicionar\u00e1 dentro de los <em>top <\/em>para viajar\u201d.<\/p>\n<p>Durante la reuni\u00f3n se entregaron reconocimientos a todos y cada uno de los socios comerciales y por supuesto, no falt\u00f3 el concurso a los mejor vestidos de \u00e9poca.<\/p>\n<p>En el sal\u00f3n hubo un autom\u00f3vil de la \u00e9poca que sirvi\u00f3 como escenario para que todos quisieran tomarse la fotograf\u00eda del recuerdo.<\/p>\n<p>\u2730\u2730\u2730\u2730\u2730 Con una derrama econ\u00f3mica de 100 millones de pesos y una ocupaci\u00f3n hotelera de entre el 90 y 95 por ciento de las mil 200 habitaciones con que cuenta el Pueblo M\u00e1gico de Tequisquiapan, se llevar\u00e1 a cabo la tradicional Feria del Toro, el primer y segundo fin de semana de marzo, evento muy esperado y donde se festeja la magia del arte taurino y la majestuosidad del toro de lidia, as\u00ed lo asegur\u00f3 Janet Lozada, directora de turismo municipal.<\/p>\n<p>En conferencia de prensa, <strong>Jos\u00e9 Antonio Mej\u00eda Lira<\/strong>, presidente municipal de Tequisquiapan; <strong>Janet Lozada Guti\u00e9rrez<\/strong>, directora de turismo municipal; <strong>Flavio Ram\u00edrez L\u00f3pez<\/strong>, representante del Patronato Taurino y de las fiestas de Tequisquiapan; <strong>Juli\u00e1n Hamdam<\/strong>, empresario taurino, y <strong>Heriberto Murrieta<\/strong>, cronista, dieron a conocer los detalles.<\/p>\n<p>Entre los eventos que podr\u00e1s disfrutar destacan: el viernes 3 la inauguraci\u00f3n de la Feria con el concierto de Flans y Pandora. El s\u00e1bado 4, un desfile inaugural con las Manolas, exposici\u00f3n pict\u00f3rica \u201cVive el Toro\u201d y el espect\u00e1culo ecuestre de los caballos de Pedro Domecq. Adem\u00e1s, una muestra gastron\u00f3mica con chefs paelleros.<\/p>\n<p>El domingo 5, los enanitos toreros de M\u00e9xico. Viernes 10, concierto de <strong>Pepe Aguilar<\/strong>, s\u00e1bado 11, la corrida de toros con el cartel integrado por la tercia: <strong>Octavio Garc\u00eda<\/strong> \u201cEl Payo\u201d, <strong>Diego Silveti<\/strong> y <strong>Francisco Mart\u00ednez<\/strong>, con toros de Xajay y tres de <strong>Juli\u00e1n Hamd\u00e1m<\/strong>. El domingo 12, concierto de <strong>Gerardo Urquiza<\/strong> y fiesta flamenca.<\/p>\n<p>En su oportunidad <strong>Heriberto Murrieta <\/strong>se refiri\u00f3 al respeto y tolerancia que debe existir entre quienes gustan de la fiesta brava y quienes no. Asegur\u00f3 que se puede convivir en armonon\u00eda respetando los gustos de quienes est\u00e1n a favor y quienes est\u00e1n en contra de la fiesta brava. Por \u00faltimo, asegur\u00f3 que en Quer\u00e9taro est\u00e1n las ganader\u00edas m\u00e1s importantes del pa\u00eds.<\/p>\n<p>El presidente municipal destac\u00f3 que en Tequisquiapan hay balnearios, aguas termales y temazcales. Las famosas minas de \u00f3palo, sus calles coloridas y adoquinadas, famosas queser\u00edas y distintas bodegas de vino y vi\u00f1edos que pueden ser visitadas adem\u00e1s de innumerables actividades.<\/p>\n<p>Cabe se\u00f1alar que se exhibir\u00e1n tesoros de ganaderos locales como capotes, carteles hist\u00f3ricos, cabezas de toros, exhibiciones pict\u00f3ricas y la presentaci\u00f3n exclusiva de un cuadro original de <strong>Pablo Picasso<\/strong> denominado \u201cLa suerte de varas\u201d.<\/p>\n<p>&nbsp;<\/p>\n<blockquote>\n<p style=\"text-align: right;\">\u201c<strong>El<\/strong> <strong>\u00e1ngel de la fama tiene sus alas hechas de papel&#8230; peri\u00f3dico\u201d.<br \/>\n<\/strong><\/p>\n<\/blockquote>\n<p>&nbsp;<\/p>\n<p><em><span class=\"Apple-converted-space\"><a href=\"mailto:victoriagprado@gmail.com\" target=\"_blank\" rel=\"noopener noreferrer\">victoriagprado@gmail.com<\/a><br \/>\nTwitter: <a href=\"https:\/\/twitter.com\/victoriagprado\" target=\"_blank\" rel=\"noopener noreferrer\">@victoriagprado<\/a><\/span><\/em><\/p>\n","protected":false},"excerpt":{"rendered":"<p>Han transcurrido s\u00f3lo 58 d\u00edas de este 2023 y tengo que recordar la \u201cNoche Dorada\u201d organizada por <strong>Francisco Barriga Ben\u00edtez<\/strong>, responsable del Segmento <em>Leisure<\/em>, director de <em>E-Commerce<\/em> <em>Tour &amp; Travel<\/em> y central de reservaciones y <strong>Carolina Gonz\u00e1lez Labastida<\/strong>, gerente corporativo de ventas <em>Tour &#038; Travel<\/em> nacional y receptivo, ambos de Grupo Presidente.<\/p>\n","protected":false},"author":3,"featured_media":575654,"comment_status":"open","ping_status":"open","sticky":false,"template":"","format":"standard","meta":{"_monsterinsights_skip_tracking":false,"_monsterinsights_sitenote_active":false,"_monsterinsights_sitenote_note":"","_monsterinsights_sitenote_category":0,"footnotes":""},"categories":[11],"tags":[107,43674,106],"class_list":["post-575559","post","type-post","status-publish","format-standard","has-post-thumbnail","hentry","category-turismo","tag-de-cinco-estrellas","tag-opinion","tag-victoria-gonzalez-prado"],"_links":{"self":[{"href":"https:\/\/www.diarioimagen.net\/index.php?rest_route=\/wp\/v2\/posts\/575559","targetHints":{"allow":["GET"]}}],"collection":[{"href":"https:\/\/www.diarioimagen.net\/index.php?rest_route=\/wp\/v2\/posts"}],"about":[{"href":"https:\/\/www.diarioimagen.net\/index.php?rest_route=\/wp\/v2\/types\/post"}],"author":[{"embeddable":true,"href":"https:\/\/www.diarioimagen.net\/index.php?rest_route=\/wp\/v2\/users\/3"}],"replies":[{"embeddable":true,"href":"https:\/\/www.diarioimagen.net\/index.php?rest_route=%2Fwp%2Fv2%2Fcomments&post=575559"}],"version-history":[{"count":0,"href":"https:\/\/www.diarioimagen.net\/index.php?rest_route=\/wp\/v2\/posts\/575559\/revisions"}],"wp:featuredmedia":[{"embeddable":true,"href":"https:\/\/www.diarioimagen.net\/index.php?rest_route=\/wp\/v2\/media\/575654"}],"wp:attachment":[{"href":"https:\/\/www.diarioimagen.net\/index.php?rest_route=%2Fwp%2Fv2%2Fmedia&parent=575559"}],"wp:term":[{"taxonomy":"category","embeddable":true,"href":"https:\/\/www.diarioimagen.net\/index.php?rest_route=%2Fwp%2Fv2%2Fcategories&post=575559"},{"taxonomy":"post_tag","embeddable":true,"href":"https:\/\/www.diarioimagen.net\/index.php?rest_route=%2Fwp%2Fv2%2Ftags&post=575559"}],"curies":[{"name":"wp","href":"https:\/\/api.w.org\/{rel}","templated":true}]}}