{"id":575897,"date":"2023-03-01T00:01:25","date_gmt":"2023-03-01T06:01:25","guid":{"rendered":"https:\/\/www.diarioimagen.net\/?p=575897"},"modified":"2023-03-01T03:18:20","modified_gmt":"2023-03-01T09:18:20","slug":"viva-aerobus-anuncia-la-ruta-monterrey-bogota-a-partir-del-8-de-junio-proximo","status":"publish","type":"post","link":"https:\/\/www.diarioimagen.net\/?p=575897","title":{"rendered":"Viva Aerobus anuncia la ruta Monterrey-Bogot\u00e1 a partir del 8 de junio pr\u00f3ximo"},"content":{"rendered":"<h2>De cinco estrellas<\/h2>\n<h5>Victoria Gonz\u00e1lez Prado<\/h5>\n<p>&nbsp;<\/p>\n<ul>\n<li><strong><em>Trabaja <\/em>Airbnb<em> con WWF M\u00e9xico para frenar la crisis de biodiversidad<\/em><\/strong><\/li>\n<li><strong><em>Conoce todo sobre los ajolotes en la Ciudad de M\u00e9xico<\/em><\/strong><\/li>\n<\/ul>\n<p>&nbsp;<\/p>\n<div id=\"attachment_575940\" style=\"width: 470px\" class=\"wp-caption aligncenter\"><a href=\"https:\/\/www.diarioimagen.net\/?attachment_id=575940\" rel=\"attachment wp-att-575940\"><img loading=\"lazy\" decoding=\"async\" aria-describedby=\"caption-attachment-575940\" class=\"size-full wp-image-575940\" src=\"https:\/\/www.diarioimagen.net\/wp-content\/uploads\/2023\/03\/turismo.jpg\" alt=\"\" width=\"460\" height=\"270\" \/><\/a><p id=\"caption-attachment-575940\" class=\"wp-caption-text\">Anuncian en la ANATO la ruta Monterrey-Bogot\u00e1 a partir de junio.<\/p><\/div>\n<p>&nbsp;<\/p>\n<p>Viva Aerobus, celebra que a partir de junio 8 iniciar\u00e1 la ruta Monterrey-Bogot\u00e1 con dos vuelos a la semana, as\u00ed lo anunci\u00f3 durante la Vitrina Tur\u00edstica 2023 organizada por la Asociaci\u00f3n Colombiana de Agencias de Viaje y Turismo (ANATO), ProColombia, el Instituto Distrital de Turismo de Bogot\u00e1 (IDT) y, OPAIN \u2014concesionario del Aeropuerto El Dorado\u2014. La nueva ruta es un servicio hist\u00f3rico que, por primera vez, conecta a la capital colombiana con Monterrey, ciudad del noreste de M\u00e9xico mediante vuelos directos.<\/p>\n<p><strong>Carmen Caballero<\/strong>, presidente de ProColombia, dijo que la aerol\u00ednea comience la ruta Bogot\u00e1-Monterrey, es nueva conexi\u00f3n que demuestra el gran avance que Colombia ha tenido en la labor de promoci\u00f3n del pa\u00eds como destino ideal, lo que adem\u00e1s permite que viajeros internacionales, en especial los mexicanos, tengan m\u00e1s alternativas para conocer nuestros territorios tur\u00edsticos sostenibles y en armon\u00eda con la vida. Sin duda alguna, seguimos dinamizando las relaciones comerciales con M\u00e9xico, un mercado clave para nosotros.<\/p>\n<p>Los vuelos desde 104 d\u00f3lares el viaje sencillo m\u00e1s impuestos y con duraci\u00f3n aproximada de poco m\u00e1s cuatro horas, ser\u00e1n operados con aeronaves <em>Airbus A320<\/em> y <em>A321<\/em>, aviones que forman parte de la flota m\u00e1s moderna de M\u00e9xico y la cuarta m\u00e1s joven de Norteam\u00e9rica con edad promedio de tan solo 5.2 a\u00f1os.<\/p>\n<p>La aerol\u00ednea pone a disposici\u00f3n de los pasajeros colombianos una red de rutas a\u00e9reas que conectan a Monterrey con 30 destinos al interior de M\u00e9xico. A ello se suma que, como miembro de Grupo IAMSA \u2013el conglomerado de transporte a\u00e9reo y terrestre l\u00edder en M\u00e9xico\u2013, Viva Aerobus ofrece la posibilidad de complementar su viaje v\u00eda terrestre a trav\u00e9s de las l\u00edneas de autobuses m\u00e1s reconocidas en el pa\u00eds con descuentos de hasta 50 por ciento y llegar as\u00ed a m\u00e1s destinos.<\/p>\n<p>De acuerdo con informaci\u00f3n de la Secretar\u00eda de Turismo de M\u00e9xico, en 2022, m\u00e1s de 858 mil pasajeros procedentes de Colombia visitaron M\u00e9xico, lo que representa 4.2 por ciento del total de visitantes a\u00e9reos internacionales en este pa\u00eds lo que signific\u00f3 un crecimiento 88 por ciento superior en comparaci\u00f3n con 2021.<\/p>\n<p><strong>Walfred Castro<\/strong>, director de comunicaci\u00f3n de Viva Aerobus indic\u00f3: \u201cqueremos que m\u00e1s personas descubran la grandeza y el encanto de Bogot\u00e1 y Monterrey. Ahora es m\u00e1s f\u00e1cil hacerlo con una alternativa de vuelo sin escalas, con una flota nueva y a precios bajos. M\u00e9xico y Colombia est\u00e1n m\u00e1s cerca que nunca\u201d.<\/p>\n<p>Con el fin de apoyar a los pasajeros colombianos a M\u00e9xico para que viajen sin contratiempos, estableci\u00f3 un n\u00famero de atenci\u00f3n telef\u00f3nica exclusivo (+57-800-5189402) y disponible 24\/7 al que podr\u00e1n comunicarse para recibir orientaci\u00f3n sobre su viaje y sobre los requisitos migratorios para ingresar al pa\u00eds.<\/p>\n<p>\u2730\u2730\u2730\u2730\u2730 La plataforma <em>Airbnb <\/em>trabajar\u00e1 junto <em>con World Wildlife Fund <\/em>(WWF) M\u00e9xico para contribuir a frenar la emergencia clim\u00e1tica y la crisis de biodiversidad en tres destinos nacionales: Quintana Roo, Ciudad de M\u00e9xico y Jalisco.<\/p>\n<p>En Quintana Roo, ambas organizaciones apoyar\u00e1n con la restauraci\u00f3n de ecosistemas tropicales, promover\u00e1n alternativas de turismo regenerativo y cambio clim\u00e1tico, y desarrollar\u00e1n servicios de turismo comunitario junto con la poblaci\u00f3n local.<\/p>\n<p>Este proyecto busca proteger y restaurar los ecosistemas terrestres y sus zonas de conexi\u00f3n para establecer corredores que permitan la conservaci\u00f3n del jaguar; generar destinos con pr\u00e1cticas tur\u00edsticas saludables, donde el desarrollo tur\u00edstico y la conservaci\u00f3n ambiental de la diversidad biol\u00f3gica trabajen en conjunto; y asesorar a los l\u00edderes locales, regionales y nacionales sobre las tendencias emergentes y las preocupaciones sobre el turismo para equilibrar el desarrollo y la conservaci\u00f3n.<\/p>\n<p>En la Ciudad de M\u00e9xico, la restauraci\u00f3n del humedal de Xochimilco tiene como objetivo rescatar las pr\u00e1cticas tradicionales y sostenibles de la agricultura chinampera. El proyecto apoyar\u00e1 la conservaci\u00f3n efectiva de este vasto humedal, que sustenta ecosistemas clave y regula microclimas que mantienen a especies de fauna y flora de esta zona semi urbanizada.<\/p>\n<p>En <strong>Jalisco<\/strong>, concretamente en Puerto Vallarta, desarrollar\u00e1n una plataforma integral con pescadores, mercados y comunidades para la limpieza de oc\u00e9anos y playas, recolecci\u00f3n de redes de pesca, sensibilizaci\u00f3n y regulaci\u00f3n de las artes de pesca, que beneficiar\u00e1 a especies como las ballenas.<\/p>\n<p><strong>Aleksandra Ristovic<\/strong>, l\u00edder regional de Iniciativas de Pol\u00edticas P\u00fablicas para Am\u00e9rica Latina de <em>Airbnb <\/em>y <strong>Mar\u00eda Jos\u00e9 Villanueva<\/strong>, directora de Conservaci\u00f3n de WWF M\u00e9xico coincidieron en se\u00f1alar que \u201cel turismo sostenible es el futuro\u201d.<\/p>\n<p>Este a\u00f1o WWF en M\u00e9xico, Costa Rica, Brasil, Colombia y Chile recibi\u00f3 alrededor de 2 millones de d\u00f3lares. Esta contribuci\u00f3n es parte de los cerca de 10 millones de d\u00f3lares del Fondo Comunitario de <em>Airbnb <\/em>2023 que est\u00e1n siendo concedidos a m\u00e1s de 20 organizaciones, en 19 pa\u00edses y que trabajan por la protecci\u00f3n del planeta, el medio ambiente y las comunidades.<\/p>\n<p>La contribuci\u00f3n de la plataforma para impulsar proyectos de turismo sostenible comenz\u00f3 en 2020, por medio de una alianza con <em>WWF en M\u00e9xico<\/em> mediante la campa\u00f1a M\u00e9xico por Tierra que tiene la finalidad de contribuir a redistribuir el turismo en el pa\u00eds, promover la conservaci\u00f3n del patrimonio natural y cultural, as\u00ed como promover el desarrollo econ\u00f3mico local al vincular a viajeros con micro y peque\u00f1os empresarios tur\u00edsticos en los destinos.<\/p>\n<p>\u2730\u2730\u2730\u2730\u2730\u00a0Si te gustan los animales y te encuentras en la Ciudad de M\u00e9xico, entonces \u00a1tienes que conocer a los ajolotes! Son parte importante de la cultura mexicana e incluso se han hecho famosos por todo el mundo. Por suerte para ti, hay muchas opciones para aprender m\u00e1s sobre estas fascinantes criaturas.<\/p>\n<p>Estos son algunos de los lugares que deber\u00edas visitar:<\/p>\n<p>En el Museo del Axolote y Centro de Conservaci\u00f3n de Anfibios no solo podr\u00e1s aprender sobre los ajolotes, sino tambi\u00e9n sobre todo tipo de anfibios. Tienen humedal artificial y laboratorios donde cr\u00edan y cuidan a estas criaturas. Y lo mejor, la entrada es gratuita.<\/p>\n<p>Si quieres ver de cerca a los ajolotes, dir\u00edgete a Axolotitl\u00e1n donde conocer\u00e1s a la tierna Gorda, el ajolote que pos\u00f3 para el billete de 50 pesos, y tambi\u00e9n conocer\u00e1s la situaci\u00f3n actual de estos animales.<\/p>\n<p>Mientras tanto en el Centro de Investigaciones Biol\u00f3gicas y Acu\u00edcolas de Cuemanco (CIBAC) observar\u00e1s a los ajolotes, aprender\u00e1s sobre sus rasgos y caracter\u00edsticas e incluso podr\u00e1s ayudar en sus esfuerzos de conservaci\u00f3n.<\/p>\n<p>Pero espera, \u00a1hay m\u00e1s! El Parque Ecol\u00f3gico y Mercado de Plantas de Xochimilco es lugar impresionante en el sur de Ciudad de M\u00e9xico, donde podr\u00e1s dar pasear en barca y ver los famosos \u201cjardines flotantes\u201d. All\u00ed tambi\u00e9n descubrir\u00e1s el ecosistema \u00fanico de Xochimilco y el papel vital que desempe\u00f1an los ajolotes en el medio ambiente. No te arrepentir\u00e1s de explorar este lugar.<\/p>\n<p>Por \u00faltimo, para aquellos que quieran aprender m\u00e1s sobre la historia y la cultura de los ajolotes, el Museo de Historia Natural es el destino perfecto. Este museo presenta fascinantes exposiciones sobre diversos temas, como la anatom\u00eda, el comportamiento y papel ecol\u00f3gico de los ajolote. \u00bfQu\u00e9 esperas? \u00a1Sal y explora el mundo!<\/p>\n<p>&nbsp;<\/p>\n<blockquote>\n<p style=\"text-align: right;\">\u201c<strong>El<\/strong> <strong>\u00e1ngel de la fama tiene sus alas hechas de papel&#8230; peri\u00f3dico\u201d.<br \/>\n<\/strong><\/p>\n<\/blockquote>\n<p>&nbsp;<\/p>\n<p><em><span class=\"Apple-converted-space\"><a href=\"mailto:victoriagprado@gmail.com\" target=\"_blank\" rel=\"noopener noreferrer\">victoriagprado@gmail.com<\/a><br \/>\nTwitter: <a href=\"https:\/\/twitter.com\/victoriagprado\" target=\"_blank\" rel=\"noopener noreferrer\">@victoriagprado<\/a><\/span><\/em><\/p>\n","protected":false},"excerpt":{"rendered":"<p>Viva Aerobus, celebra que a partir de junio 8 iniciar\u00e1 la ruta Monterrey-Bogot\u00e1 con dos vuelos a la semana, as\u00ed lo anunci\u00f3 durante la Vitrina Tur\u00edstica 2023 organizada por la Asociaci\u00f3n Colombiana de Agencias de Viaje y Turismo (ANATO), ProColombia, el Instituto Distrital de Turismo de Bogot\u00e1 (IDT) y, OPAIN \u2014concesionario del Aeropuerto El Dorado\u2014. La nueva ruta es un servicio hist\u00f3rico que, por primera vez, conecta a la capital colombiana con Monterrey, ciudad del noreste de M\u00e9xico mediante vuelos directos.<\/p>\n","protected":false},"author":3,"featured_media":575940,"comment_status":"open","ping_status":"open","sticky":false,"template":"","format":"standard","meta":{"_monsterinsights_skip_tracking":false,"_monsterinsights_sitenote_active":false,"_monsterinsights_sitenote_note":"","_monsterinsights_sitenote_category":0,"footnotes":""},"categories":[11],"tags":[107,43674,43681,106],"class_list":["post-575897","post","type-post","status-publish","format-standard","has-post-thumbnail","hentry","category-turismo","tag-de-cinco-estrellas","tag-opinion","tag-turismo","tag-victoria-gonzalez-prado"],"_links":{"self":[{"href":"https:\/\/www.diarioimagen.net\/index.php?rest_route=\/wp\/v2\/posts\/575897","targetHints":{"allow":["GET"]}}],"collection":[{"href":"https:\/\/www.diarioimagen.net\/index.php?rest_route=\/wp\/v2\/posts"}],"about":[{"href":"https:\/\/www.diarioimagen.net\/index.php?rest_route=\/wp\/v2\/types\/post"}],"author":[{"embeddable":true,"href":"https:\/\/www.diarioimagen.net\/index.php?rest_route=\/wp\/v2\/users\/3"}],"replies":[{"embeddable":true,"href":"https:\/\/www.diarioimagen.net\/index.php?rest_route=%2Fwp%2Fv2%2Fcomments&post=575897"}],"version-history":[{"count":0,"href":"https:\/\/www.diarioimagen.net\/index.php?rest_route=\/wp\/v2\/posts\/575897\/revisions"}],"wp:featuredmedia":[{"embeddable":true,"href":"https:\/\/www.diarioimagen.net\/index.php?rest_route=\/wp\/v2\/media\/575940"}],"wp:attachment":[{"href":"https:\/\/www.diarioimagen.net\/index.php?rest_route=%2Fwp%2Fv2%2Fmedia&parent=575897"}],"wp:term":[{"taxonomy":"category","embeddable":true,"href":"https:\/\/www.diarioimagen.net\/index.php?rest_route=%2Fwp%2Fv2%2Fcategories&post=575897"},{"taxonomy":"post_tag","embeddable":true,"href":"https:\/\/www.diarioimagen.net\/index.php?rest_route=%2Fwp%2Fv2%2Ftags&post=575897"}],"curies":[{"name":"wp","href":"https:\/\/api.w.org\/{rel}","templated":true}]}}