{"id":576009,"date":"2023-03-02T00:06:53","date_gmt":"2023-03-02T06:06:53","guid":{"rendered":"https:\/\/www.diarioimagen.net\/?p=576009"},"modified":"2023-03-03T03:26:20","modified_gmt":"2023-03-03T09:26:20","slug":"arranca-compania-universitaria-de-teatro-de-la-uaemex-segunda-temporada-de-2023","status":"publish","type":"post","link":"https:\/\/www.diarioimagen.net\/?p=576009","title":{"rendered":"Arranca Compa\u00f1\u00eda Universitaria de Teatro de la UAEM\u00e9x segunda temporada de 2023"},"content":{"rendered":"<p><em>\u00a0<\/em><\/p>\n<ul>\n<li><strong><em>En marzo tambi\u00e9n habr\u00e1 el Ciclo \u201cMujeres en escena 2023\u201d, que se presentar\u00e1 todos los mi\u00e9rcoles, a las 19:00 horas, en el Teatro Universitario \u201cLos Jaguares\u201d<\/em><\/strong><\/li>\n<\/ul>\n<p><strong>\u00a0<\/strong><\/p>\n<div id=\"attachment_576104\" style=\"width: 470px\" class=\"wp-caption aligncenter\"><a href=\"https:\/\/www.diarioimagen.net\/?attachment_id=576104\" rel=\"attachment wp-att-576104\"><img loading=\"lazy\" decoding=\"async\" aria-describedby=\"caption-attachment-576104\" class=\"size-full wp-image-576104\" src=\"https:\/\/www.diarioimagen.net\/wp-content\/uploads\/2023\/03\/uaem-teatro.jpg\" alt=\"\" width=\"460\" height=\"270\" \/><\/a><p id=\"caption-attachment-576104\" class=\"wp-caption-text\">Seis obras en escena conformar\u00e1n la segunda temporada de la Compa\u00f1\u00eda Universitaria de Teatro UAEM\u00e9x, que va del 4 de marzo al 30 de abril.<\/p><\/div>\n<p>&nbsp;<\/p>\n<p><strong>Toluca, Estado de M\u00e9xico.\u2013<\/strong> Con seis puestas en escena, se llevar\u00e1 a cabo la Segunda Temporada de Teatro Universitario 2023 de la Compa\u00f1\u00eda Universitaria de Teatro de la Universidad Aut\u00f3noma del Estado de M\u00e9xico (UAEM\u00e9x); diversa, aguda y cr\u00edtica, al abordar tem\u00e1ticas como la violencia hacia la mujer y de g\u00e9nero, la desaparici\u00f3n de personas y las madres buscadoras, el racismo, el clasismo y la discriminaci\u00f3n.<\/p>\n<p>El director de la Compa\u00f1\u00eda, Juan Carlos Embriz Gonzaga, detall\u00f3 que la cartelera, que va de marzo a abril, ofrece opciones para todo p\u00fablico y tendr\u00e1 como sedes los teatros universitarios \u201cLos Jaguares\u201d y de C\u00e1mara \u201cEsv\u00f3n Gamaliel\u201d.<\/p>\n<p>Para el p\u00fablico infantil y general, a partir del 4 de marzo y hasta el 30 de abril, los s\u00e1bados y domingos, a las 13:00 horas, en el Teatro Universitario \u201cLos Jaguares\u201d, se presentar\u00e1 <em>Las peque\u00f1as aventuras del Gran Quijote<\/em>, creaci\u00f3n colectiva inspirada en el cl\u00e1sico de la lectura universal <em>Don Quijote de la Mancha<\/em>, de Miguel de Cervantes Saavedra. La obra es una propuesta divertida y amena que tiene como prop\u00f3sito incentivar la lectura.<\/p>\n<p>Asimismo, regresa a escena la exitosa obra infantil <em>Un rey de chocolate<\/em>, dirigida por Jorge Arredondo, la cual se presentar\u00e1 en el Teatro Universitario \u201cEsv\u00f3n Gamaliel\u201d, los s\u00e1bados y domingos, a las 13:00 horas, del 4 de marzo al 29 de abril. La puesta en escena aborda temas de discriminaci\u00f3n, apoyada en canciones de Francisco Gabilondo Soler, Cri-Cri.<\/p>\n<p>En tanto, <em>Mariposa Blanca<\/em>, dirigida por Israel R\u00edos, es un mon\u00f3logo que se desarrolla en un ambiente japon\u00e9s, homenaje a las mujeres y madres buscadoras de sus hijos y familiares desaparecidos. La puesta en escena se presentar\u00e1 de jueves a s\u00e1bado, a las 17:00 horas, y domingo, a las 16:00 horas, en el Teatro Universitario \u201cLos Jaguares\u201d. La obra es apta para adolescentes y adultos.<\/p>\n<p>Abordando el tema de racismo, clasismo y violencia hacia grupos ind\u00edgenas, la obra <em>El \u00e1rbol<\/em>, de Elena Garro, y dirigida por Jos\u00e9 Cotero, se presentar\u00e1 del 9 de marzo al 30 de abril, de jueves a s\u00e1bado, a las 19:00 horas, y el domingo, a las 18:00 horas, en el Teatro \u201cLos Jaguares. La obra es apta para adolescentes y adultos.<\/p>\n<p>La puesta en escena <em>Nosotras que los queremos tanto<\/em>, de Hugo Salcedo, y dirigida por Sandra Macedo, que expone la violencia hacia la mujer en varios momentos y en diferentes modalidades, tiene como prop\u00f3sito alentar la pr\u00e1ctica de la sororidad y se presentar\u00e1 en el Teatro Universitario \u201cEsv\u00f3n Gamaliel\u201d, del 9 de marzo al 29 de abril, de jueves a s\u00e1bado, a las 17:00 horas. La obra es apta para adolescentes y adultos.<\/p>\n<p>Por \u00faltimo, la obra <em>Etiqueta es humano<\/em>, creada y dirigida por Leah Alejandra y Norma Carrillo, es una apuesta para visibilizar a la comunidad LGBT y aborda la violencia que padecen, principalmente, por la desinformaci\u00f3n. La puesta en escena estar\u00e1 del 9 de marzo al 30 de abril, de jueves a s\u00e1bado, a las 19:00 horas, y los domingos, a las 18:00 horas.<\/p>\n<p>Asimismo, como parte de esta segunda temporada, la Compa\u00f1\u00eda Universitaria de Teatro UAEM\u00e9x tendr\u00e1 el Ciclo \u201cMujeres en escena 2023\u201d, conformado por cinco obras especiales con tem\u00e1ticas alusivas a la mujer, que se presentar\u00e1n los mi\u00e9rcoles, a las 19:00 horas, en el Teatro Universitario \u201cLos Jaguares\u201d.<\/p>\n<p><em>Y nosotras \u00bfd\u00f3nde quedamos?<\/em> estar\u00e1 en escena el 1 de marzo; <em>El eterno femenino<\/em>, el 8 de marzo; <em>\u00a1Ay amor, ya no me quieras tanto!<\/em>\u201d, el 15 de marzo; <em>Mujer ten\u00edas que ser<\/em>, el 22 de marzo y <em>Cuesti\u00f3n de suerte<\/em>, el 29 de marzo.<\/p>\n<p>En tanto, en el marco del D\u00eda Mundial del Teatro 2023, la Compa\u00f1\u00eda realizar\u00e1 diversas actividades los d\u00edas 27 y 28 de marzo como el tradicional desfile, que tendr\u00e1 como ruta el p\u00f3rtico del Edificio de Rector\u00eda hacia el Teatro Universitario \u201cLos Jaguares\u201d.<\/p>\n<p>Mientras que el 20 abril, a las 19:00 horas, en el Teatro Universitario \u201cEsv\u00f3n Gamaliel\u201d, se presentar\u00e1 <em>Este amoroso tormento<\/em> como parte de las actividades del 20 aniversario luctuoso de Esv\u00f3n Gamaliel Calvillo P\u00e9rez.<\/p>\n","protected":false},"excerpt":{"rendered":"<p>Con seis puestas en escena, se llevar\u00e1 a cabo la Segunda Temporada de Teatro Universitario 2023 de la Compa\u00f1\u00eda Universitaria de Teatro de la Universidad Aut\u00f3noma del Estado de M\u00e9xico (UAEM\u00e9x); diversa, aguda y cr\u00edtica, al abordar tem\u00e1ticas como la violencia hacia la mujer y de g\u00e9nero, la desaparici\u00f3n de personas y las madres buscadoras, el racismo, el clasismo y la discriminaci\u00f3n.<\/p>\n","protected":false},"author":3,"featured_media":576104,"comment_status":"open","ping_status":"open","sticky":false,"template":"","format":"standard","meta":{"_monsterinsights_skip_tracking":false,"_monsterinsights_sitenote_active":false,"_monsterinsights_sitenote_note":"","_monsterinsights_sitenote_category":0,"footnotes":""},"categories":[5],"tags":[43675,452,67878],"class_list":["post-576009","post","type-post","status-publish","format-standard","has-post-thumbnail","hentry","category-estado-de-mexico","tag-estado-de-mexico","tag-toluca","tag-uaemex"],"_links":{"self":[{"href":"https:\/\/www.diarioimagen.net\/index.php?rest_route=\/wp\/v2\/posts\/576009","targetHints":{"allow":["GET"]}}],"collection":[{"href":"https:\/\/www.diarioimagen.net\/index.php?rest_route=\/wp\/v2\/posts"}],"about":[{"href":"https:\/\/www.diarioimagen.net\/index.php?rest_route=\/wp\/v2\/types\/post"}],"author":[{"embeddable":true,"href":"https:\/\/www.diarioimagen.net\/index.php?rest_route=\/wp\/v2\/users\/3"}],"replies":[{"embeddable":true,"href":"https:\/\/www.diarioimagen.net\/index.php?rest_route=%2Fwp%2Fv2%2Fcomments&post=576009"}],"version-history":[{"count":0,"href":"https:\/\/www.diarioimagen.net\/index.php?rest_route=\/wp\/v2\/posts\/576009\/revisions"}],"wp:featuredmedia":[{"embeddable":true,"href":"https:\/\/www.diarioimagen.net\/index.php?rest_route=\/wp\/v2\/media\/576104"}],"wp:attachment":[{"href":"https:\/\/www.diarioimagen.net\/index.php?rest_route=%2Fwp%2Fv2%2Fmedia&parent=576009"}],"wp:term":[{"taxonomy":"category","embeddable":true,"href":"https:\/\/www.diarioimagen.net\/index.php?rest_route=%2Fwp%2Fv2%2Fcategories&post=576009"},{"taxonomy":"post_tag","embeddable":true,"href":"https:\/\/www.diarioimagen.net\/index.php?rest_route=%2Fwp%2Fv2%2Ftags&post=576009"}],"curies":[{"name":"wp","href":"https:\/\/api.w.org\/{rel}","templated":true}]}}