{"id":576025,"date":"2023-03-02T00:04:40","date_gmt":"2023-03-02T06:04:40","guid":{"rendered":"https:\/\/www.diarioimagen.net\/?p=576025"},"modified":"2023-03-02T02:15:12","modified_gmt":"2023-03-02T08:15:12","slug":"destaca-salud-de-edomex-labor-de-la-cruz-roja","status":"publish","type":"post","link":"https:\/\/www.diarioimagen.net\/?p=576025","title":{"rendered":"Destaca Salud de Edomex labor de la Cruz Roja\u00a0"},"content":{"rendered":"<p>&nbsp;<\/p>\n<p><a href=\"https:\/\/www.diarioimagen.net\/?attachment_id=576114\" rel=\"attachment wp-att-576114\"><img loading=\"lazy\" decoding=\"async\" class=\"aligncenter size-full wp-image-576114\" src=\"https:\/\/www.diarioimagen.net\/wp-content\/uploads\/2023\/03\/destaca-salud.jpg\" alt=\"\" width=\"460\" height=\"270\" \/><\/a><\/p>\n<p>&nbsp;<\/p>\n<p><strong>Tlalnepantla, Estado de M\u00e9xico.\u2014 <\/strong>Al atestiguar la entrega de \u00e1reas remodeladas del Hospital de la Delegaci\u00f3n \u201cL\u00e1zaro C\u00e1rdenas\u201d, perteneciente a la Cruz Roja Mexicana, Delegaci\u00f3n Estado de M\u00e9xico, el secretario de Salud estatal, Francisco Fern\u00e1ndez Clamont, destac\u00f3 la labor conjunta con esta instituci\u00f3n al brindar servicios m\u00e9dicos a favor de la poblaci\u00f3n vulnerable.<\/p>\n<p>Con la representaci\u00f3n del gobernador Alfredo Del Mazo Maza, el titular de Salud, Fern\u00e1ndez Clamont, refiri\u00f3 que es loable el esfuerzo y trabajo para modernizar las diversas instalaciones de esta organizaci\u00f3n humanitaria y agradeci\u00f3 sus acciones emprendidas, que forman parte de la red de servicios de salud en la entidad mexiquense.<\/p>\n<p>&nbsp;<\/p>\n","protected":false},"excerpt":{"rendered":"<p>Al atestiguar la entrega de \u00e1reas remodeladas del Hospital de la Delegaci\u00f3n \u201cL\u00e1zaro C\u00e1rdenas\u201d, perteneciente a la Cruz Roja Mexicana, Delegaci\u00f3n Estado de M\u00e9xico, el secretario de Salud estatal, Francisco Fern\u00e1ndez Clamont, destac\u00f3 la labor conjunta con esta instituci\u00f3n al brindar servicios m\u00e9dicos a favor de la poblaci\u00f3n vulnerable.<\/p>\n","protected":false},"author":3,"featured_media":576114,"comment_status":"open","ping_status":"open","sticky":false,"template":"","format":"standard","meta":{"_monsterinsights_skip_tracking":false,"_monsterinsights_sitenote_active":false,"_monsterinsights_sitenote_note":"","_monsterinsights_sitenote_category":0,"footnotes":""},"categories":[5],"tags":[919,43675,43692,169],"class_list":["post-576025","post","type-post","status-publish","format-standard","has-post-thumbnail","hentry","category-estado-de-mexico","tag-cruz-roja","tag-estado-de-mexico","tag-salud","tag-tlalnepantla"],"_links":{"self":[{"href":"https:\/\/www.diarioimagen.net\/index.php?rest_route=\/wp\/v2\/posts\/576025","targetHints":{"allow":["GET"]}}],"collection":[{"href":"https:\/\/www.diarioimagen.net\/index.php?rest_route=\/wp\/v2\/posts"}],"about":[{"href":"https:\/\/www.diarioimagen.net\/index.php?rest_route=\/wp\/v2\/types\/post"}],"author":[{"embeddable":true,"href":"https:\/\/www.diarioimagen.net\/index.php?rest_route=\/wp\/v2\/users\/3"}],"replies":[{"embeddable":true,"href":"https:\/\/www.diarioimagen.net\/index.php?rest_route=%2Fwp%2Fv2%2Fcomments&post=576025"}],"version-history":[{"count":0,"href":"https:\/\/www.diarioimagen.net\/index.php?rest_route=\/wp\/v2\/posts\/576025\/revisions"}],"wp:featuredmedia":[{"embeddable":true,"href":"https:\/\/www.diarioimagen.net\/index.php?rest_route=\/wp\/v2\/media\/576114"}],"wp:attachment":[{"href":"https:\/\/www.diarioimagen.net\/index.php?rest_route=%2Fwp%2Fv2%2Fmedia&parent=576025"}],"wp:term":[{"taxonomy":"category","embeddable":true,"href":"https:\/\/www.diarioimagen.net\/index.php?rest_route=%2Fwp%2Fv2%2Fcategories&post=576025"},{"taxonomy":"post_tag","embeddable":true,"href":"https:\/\/www.diarioimagen.net\/index.php?rest_route=%2Fwp%2Fv2%2Ftags&post=576025"}],"curies":[{"name":"wp","href":"https:\/\/api.w.org\/{rel}","templated":true}]}}