{"id":576152,"date":"2023-03-03T00:04:45","date_gmt":"2023-03-03T06:04:45","guid":{"rendered":"https:\/\/www.diarioimagen.net\/?p=576152"},"modified":"2023-03-03T03:30:12","modified_gmt":"2023-03-03T09:30:12","slug":"realizaran-en-naucalpan-varios-foros-tematicos-de-participacion-ciudadana","status":"publish","type":"post","link":"https:\/\/www.diarioimagen.net\/?p=576152","title":{"rendered":"Realizar\u00e1n en Naucalpan varios foros tem\u00e1ticos de participaci\u00f3n ciudadana"},"content":{"rendered":"<p>&nbsp;<\/p>\n<p><a href=\"https:\/\/www.diarioimagen.net\/?attachment_id=576252\" rel=\"attachment wp-att-576252\"><img loading=\"lazy\" decoding=\"async\" class=\"aligncenter size-full wp-image-576252\" src=\"https:\/\/www.diarioimagen.net\/wp-content\/uploads\/2023\/03\/realizaran-en-naucalpan.jpg\" alt=\"\" width=\"460\" height=\"270\" \/><\/a><\/p>\n<p>&nbsp;<\/p>\n<p><strong>Naucalpan, Estado de M\u00e9xico.\u2014<\/strong> Entre 10 y 15 foros tem\u00e1ticos, Proyecto 200, Unidad Naucalpense de Movimientos Sociales, Unamos llevar\u00e1 a cabo a partir del 7 de marzo de 2023.<\/p>\n<p>As\u00ed lo dio a conocer Antonio Lara V\u00e1zquez, fundador del colectivo, quien subray\u00f3 que los encuentros tendr\u00e1n como objetivo, establecer una agenda social en el nivel municipal de manera propositiva.<\/p>\n<p>Destac\u00f3 que en las mesas de trabajo, girar\u00e1n en torno a impulsar desde el Proyecto 200, Unamos, las distintas visiones de futuro de Naucalpan de acuerdo a los diagn\u00f3sticos del presente.<\/p>\n","protected":false},"excerpt":{"rendered":"<p>Entre 10 y 15 foros tem\u00e1ticos, Proyecto 200, Unidad Naucalpense de Movimientos Sociales, Unamos llevar\u00e1 a cabo a partir del 7 de marzo de 2023.<\/p>\n","protected":false},"author":3,"featured_media":576252,"comment_status":"open","ping_status":"open","sticky":false,"template":"","format":"standard","meta":{"_monsterinsights_skip_tracking":false,"_monsterinsights_sitenote_active":false,"_monsterinsights_sitenote_note":"","_monsterinsights_sitenote_category":0,"footnotes":""},"categories":[5],"tags":[97452,97453],"class_list":["post-576152","post","type-post","status-publish","format-standard","has-post-thumbnail","hentry","category-estado-de-mexico","tag-foros-tematicos","tag-proyecto-2000"],"_links":{"self":[{"href":"https:\/\/www.diarioimagen.net\/index.php?rest_route=\/wp\/v2\/posts\/576152","targetHints":{"allow":["GET"]}}],"collection":[{"href":"https:\/\/www.diarioimagen.net\/index.php?rest_route=\/wp\/v2\/posts"}],"about":[{"href":"https:\/\/www.diarioimagen.net\/index.php?rest_route=\/wp\/v2\/types\/post"}],"author":[{"embeddable":true,"href":"https:\/\/www.diarioimagen.net\/index.php?rest_route=\/wp\/v2\/users\/3"}],"replies":[{"embeddable":true,"href":"https:\/\/www.diarioimagen.net\/index.php?rest_route=%2Fwp%2Fv2%2Fcomments&post=576152"}],"version-history":[{"count":0,"href":"https:\/\/www.diarioimagen.net\/index.php?rest_route=\/wp\/v2\/posts\/576152\/revisions"}],"wp:featuredmedia":[{"embeddable":true,"href":"https:\/\/www.diarioimagen.net\/index.php?rest_route=\/wp\/v2\/media\/576252"}],"wp:attachment":[{"href":"https:\/\/www.diarioimagen.net\/index.php?rest_route=%2Fwp%2Fv2%2Fmedia&parent=576152"}],"wp:term":[{"taxonomy":"category","embeddable":true,"href":"https:\/\/www.diarioimagen.net\/index.php?rest_route=%2Fwp%2Fv2%2Fcategories&post=576152"},{"taxonomy":"post_tag","embeddable":true,"href":"https:\/\/www.diarioimagen.net\/index.php?rest_route=%2Fwp%2Fv2%2Ftags&post=576152"}],"curies":[{"name":"wp","href":"https:\/\/api.w.org\/{rel}","templated":true}]}}