{"id":576156,"date":"2023-03-03T00:01:25","date_gmt":"2023-03-03T06:01:25","guid":{"rendered":"https:\/\/www.diarioimagen.net\/?p=576156"},"modified":"2023-03-03T03:31:39","modified_gmt":"2023-03-03T09:31:39","slug":"higinio-martinez-solicita-licencia-al-senado-para-unirse-a-campana-de-candidata-morenista","status":"publish","type":"post","link":"https:\/\/www.diarioimagen.net\/?p=576156","title":{"rendered":"Higinio Mart\u00ednez solicita licencia al Senado para unirse a campa\u00f1a de candidata morenista"},"content":{"rendered":"<p>&nbsp;<\/p>\n<ul>\n<li><em><strong>De cara a comicios de junio pr\u00f3ximo<\/strong><\/em><\/li>\n<\/ul>\n<p>&nbsp;<\/p>\n<div id=\"attachment_576256\" style=\"width: 470px\" class=\"wp-caption aligncenter\"><a href=\"https:\/\/www.diarioimagen.net\/?attachment_id=576256\" rel=\"attachment wp-att-576256\"><img loading=\"lazy\" decoding=\"async\" aria-describedby=\"caption-attachment-576256\" class=\"size-full wp-image-576256\" src=\"https:\/\/www.diarioimagen.net\/wp-content\/uploads\/2023\/03\/higinio-martinez.jpg\" alt=\"\" width=\"460\" height=\"270\" \/><\/a><p id=\"caption-attachment-576256\" class=\"wp-caption-text\">El senador Higinio Mart\u00ednez Miranda solicit\u00f3 licencia indefinida al cargo para incorporarse de lleno a las tareas de campa\u00f1a de Delfina G\u00f3mez.<\/p><\/div>\n<p>&nbsp;<\/p>\n<p><strong>Naucalpan, Estado de M\u00e9xico.\u2014<\/strong> El senador por el Estado de M\u00e9xico, Higinio Mart\u00ednez Miranda, solicit\u00f3 licencia indefinida al cargo, para incorporarse de lleno a las tareas asignadas por su partido Morena en donde se renovar\u00e1 la gubernatura este a\u00f1o y donde fue designado por la dirigencia nacional como delegado especial.<\/p>\n<p>Por unanimidad, en la sesi\u00f3n de este mi\u00e9rcoles el pleno del Senado aprob\u00f3 la solicitud de licencia, con fundamento en los art\u00edculos 62 de la Constituci\u00f3n Pol\u00edtica y el art\u00edculo 8, numeral 1, fracci\u00f3n XIII, 11, 12 y 13 del Reglamento del Senado.<\/p>\n<p>\u201cSe concede licencia del senador Higinio Mart\u00ednez Miranda para separarse de sus funciones legislativas por tiempo indefinido a partir del 2 de marzo del a\u00f1o en curso. Comun\u00edquese\u201d, notific\u00f3 la presidenta Alejandra Reynoso. En el arranque del proceso electoral 2023, el pasado 4 de enero la maestra Delfina G\u00f3mez propuso al ex alcalde de Texcoco como delegado especial, al se\u00f1alar que sin duda alguna el Estado de M\u00e9xico necesita mucha atenci\u00f3n con m\u00e1s de 18 millones de habitantes.<\/p>\n<p>\u201cEntonces necesitamos mucho apoyo y qui\u00e9n m\u00e1s que alguien que ha estado durante mucho tiempo en la pol\u00edtica del estado y mis respetos porque es una persona visionaria, que ha mostrado mucho cari\u00f1o y trabajo por su estado, nuestro compa\u00f1ero y amigo el Doctor Higinio Mart\u00ednez Miranda. Le ped\u00ed a nuestro presidente Mario Delgado me permitiera nombrarlo como delegado especial para el proceso electoral\u201d, indic\u00f3 la maestra.<\/p>\n","protected":false},"excerpt":{"rendered":"<p>El senador por el Estado de M\u00e9xico, Higinio Mart\u00ednez Miranda, solicit\u00f3 licencia indefinida al cargo, para incorporarse de lleno a las tareas asignadas por su partido Morena en donde se renovar\u00e1 la gubernatura este a\u00f1o y donde fue designado por la dirigencia nacional como delegado especial.<\/p>\n","protected":false},"author":3,"featured_media":576256,"comment_status":"open","ping_status":"open","sticky":false,"template":"","format":"standard","meta":{"_monsterinsights_skip_tracking":false,"_monsterinsights_sitenote_active":false,"_monsterinsights_sitenote_note":"","_monsterinsights_sitenote_category":0,"footnotes":""},"categories":[5],"tags":[43675,96138,970],"class_list":["post-576156","post","type-post","status-publish","format-standard","has-post-thumbnail","hentry","category-estado-de-mexico","tag-estado-de-mexico","tag-higinio-martinez-miranda","tag-naucalpan"],"_links":{"self":[{"href":"https:\/\/www.diarioimagen.net\/index.php?rest_route=\/wp\/v2\/posts\/576156","targetHints":{"allow":["GET"]}}],"collection":[{"href":"https:\/\/www.diarioimagen.net\/index.php?rest_route=\/wp\/v2\/posts"}],"about":[{"href":"https:\/\/www.diarioimagen.net\/index.php?rest_route=\/wp\/v2\/types\/post"}],"author":[{"embeddable":true,"href":"https:\/\/www.diarioimagen.net\/index.php?rest_route=\/wp\/v2\/users\/3"}],"replies":[{"embeddable":true,"href":"https:\/\/www.diarioimagen.net\/index.php?rest_route=%2Fwp%2Fv2%2Fcomments&post=576156"}],"version-history":[{"count":0,"href":"https:\/\/www.diarioimagen.net\/index.php?rest_route=\/wp\/v2\/posts\/576156\/revisions"}],"wp:featuredmedia":[{"embeddable":true,"href":"https:\/\/www.diarioimagen.net\/index.php?rest_route=\/wp\/v2\/media\/576256"}],"wp:attachment":[{"href":"https:\/\/www.diarioimagen.net\/index.php?rest_route=%2Fwp%2Fv2%2Fmedia&parent=576156"}],"wp:term":[{"taxonomy":"category","embeddable":true,"href":"https:\/\/www.diarioimagen.net\/index.php?rest_route=%2Fwp%2Fv2%2Fcategories&post=576156"},{"taxonomy":"post_tag","embeddable":true,"href":"https:\/\/www.diarioimagen.net\/index.php?rest_route=%2Fwp%2Fv2%2Ftags&post=576156"}],"curies":[{"name":"wp","href":"https:\/\/api.w.org\/{rel}","templated":true}]}}