{"id":576318,"date":"2023-03-06T00:33:08","date_gmt":"2023-03-06T06:33:08","guid":{"rendered":"https:\/\/www.diarioimagen.net\/?p=576318"},"modified":"2023-03-07T01:27:20","modified_gmt":"2023-03-07T07:27:20","slug":"la-zona-centro-norte-registra-casi-50-de-los-delitos-del-pais","status":"publish","type":"post","link":"https:\/\/www.diarioimagen.net\/?p=576318","title":{"rendered":"La zona centro-norte registra casi 50% de los delitos del pa\u00eds"},"content":{"rendered":"<p><strong>\u00a0<\/strong><\/p>\n<ul>\n<li><em><strong>An\u00e1lisis de la organizaci\u00f3n Signos Vitales<\/strong><\/em><\/li>\n<\/ul>\n<p>&nbsp;<\/p>\n<div id=\"attachment_576405\" style=\"width: 470px\" class=\"wp-caption aligncenter\"><a href=\"https:\/\/www.diarioimagen.net\/?attachment_id=576405\" rel=\"attachment wp-att-576405\"><img loading=\"lazy\" decoding=\"async\" aria-describedby=\"caption-attachment-576405\" class=\"size-full wp-image-576405\" src=\"https:\/\/www.diarioimagen.net\/wp-content\/uploads\/2023\/03\/ejecuciones.jpg\" alt=\"\" width=\"460\" height=\"270\" \/><\/a><p id=\"caption-attachment-576405\" class=\"wp-caption-text\">De los 2 millones 141,951 delitos reportados enero a diciembre de 2022 en el pa\u00eds, la regi\u00f3n centro-norte del pa\u00eds encabez\u00f3 la lista con 1 mill\u00f3n 34,298.<\/p><\/div>\n<p>&nbsp;<\/p>\n<p>La zona centro-norte de M\u00e9xico es la regi\u00f3n con mayor crecimiento econ\u00f3mico en comparaci\u00f3n con el resto del pa\u00eds, pero tambi\u00e9n concentra mayor \u00edndice de cr\u00edmenes y violencia, de acuerdo con un an\u00e1lisis de Signos Vitales.<\/p>\n<p>De acuerdo a datos de diferentes instituciones como el Secretariado Ejecutivo del Sistema Nacional de Seguridad P\u00fablica, de enero a diciembre de 2022, se reportaron 2 millones 141,951 delitos en toda la naci\u00f3n, la regi\u00f3n centro-norte del pa\u00eds encabez\u00f3 la lista con 1 mill\u00f3n 34,298 (48.3%).<\/p>\n<p>Seguida por la Zona Metropolitana del Valle de M\u00e9xico con 630,154 (29.4%) cr\u00edmenes y en tercer lugar se ubic\u00f3 la regi\u00f3n sur de M\u00e9xico que report\u00f3 487,499 (22.3%) incidencias delictivas. Estos, seg\u00fan datos recolectados por el diagn\u00f3stico sociopol\u00edtico-econ\u00f3mico \u201cEl norte de M\u00e9xico: Claroscuros de una regi\u00f3n desigual\u201d. En el caso de las entidades con mayor n\u00famero de cr\u00edmenes reportados durante los 12 meses del a\u00f1o pasado, el Estado de M\u00e9xico encabeza la lista con 397,513 (18.5% del total nacional) y la Ciudad de M\u00e9xico con 232,641 (10.8% del total nacional).<\/p>\n<p>Aunque la organizaci\u00f3n Signos Vitales destac\u00f3 que Guanajuato (141,340), Jalisco (128,401), Baja California (109,721) y Nuevo Le\u00f3n (105,732) concentran gran parte de la incidencia delictiva del pa\u00eds. Las cuatro entidades suman 485,194 cr\u00edmenes, lo que significa 22.6% de todos los ocurridos en el pa\u00eds. Por otro lado, la organizaci\u00f3n determin\u00f3 que ocho de los 10 municipios m\u00e1s violentos de M\u00e9xico, tomando los homicidios dolosos como principal indicador de violencia, se ubican en la zona centro-norte de la Rep\u00fablica Mexicana. Tijuana encabeza la lista con 1,525 casos; m\u00e1s del doble de Ciudad Ju\u00e1rez, que con 749 casos se ubica en segundo lugar.<\/p>\n<p>Le\u00f3n (507), Cajeme (413), Celaya (383), Acapulco (361), Chihuahua (307), Morelia (296), Benito Ju\u00e1rez (289) y Zamora (273) completan las diez ciudades con mayor n\u00famero de homicidios.<\/p>\n<p>De esta lista, solo Acapulco (Guerrero) y Benito Ju\u00e1rez (Quintana Roo) no est\u00e1n ubicados en la zona.<\/p>\n<p>Al pasar a temas de feminicidio, la regi\u00f3n centro-norte de M\u00e9xico destaca porque, de los 10 municipios con m\u00e1s cr\u00edmenes de este tipo, siete \u2013Ju\u00e1rez, Nuevo Le\u00f3n (14); Ju\u00e1rez, Chihuahua (13); Morelia, Michoac\u00e1n (12); Guadalupe, Nuevo Le\u00f3n (11); Manzanillo, Colima (9); General Escobedo, Nuevo Le\u00f3n (9) y Le\u00f3n, Guanajuato (8)\u2013 se ubican en esta parte de M\u00e9xico.<\/p>\n<p>De igual manera, el reporte se\u00f1al\u00f3 que, desde el inicio de la actual administraci\u00f3n, encabezada por Andr\u00e9s Manuel L\u00f3pez Obrador, y hasta mayo del a\u00f1o pasado, 163 militares ocupaban cargos de civiles. Al menos 30, se encuentran en esta regi\u00f3n.<\/p>\n","protected":false},"excerpt":{"rendered":"<p>La zona centro-norte de M\u00e9xico es la regi\u00f3n con mayor crecimiento econ\u00f3mico en comparaci\u00f3n con el resto del pa\u00eds, pero tambi\u00e9n concentra mayor \u00edndice de cr\u00edmenes y violencia, de acuerdo con un an\u00e1lisis de Signos Vitales.<\/p>\n","protected":false},"author":3,"featured_media":576405,"comment_status":"open","ping_status":"open","sticky":false,"template":"","format":"standard","meta":{"_monsterinsights_skip_tracking":false,"_monsterinsights_sitenote_active":false,"_monsterinsights_sitenote_note":"","_monsterinsights_sitenote_category":0,"footnotes":""},"categories":[7],"tags":[8654,67825,43677,19027],"class_list":["post-576318","post","type-post","status-publish","format-standard","has-post-thumbnail","hentry","category-seguridad","tag-delincuencia","tag-registra","tag-seguridad","tag-zona"],"_links":{"self":[{"href":"https:\/\/www.diarioimagen.net\/index.php?rest_route=\/wp\/v2\/posts\/576318","targetHints":{"allow":["GET"]}}],"collection":[{"href":"https:\/\/www.diarioimagen.net\/index.php?rest_route=\/wp\/v2\/posts"}],"about":[{"href":"https:\/\/www.diarioimagen.net\/index.php?rest_route=\/wp\/v2\/types\/post"}],"author":[{"embeddable":true,"href":"https:\/\/www.diarioimagen.net\/index.php?rest_route=\/wp\/v2\/users\/3"}],"replies":[{"embeddable":true,"href":"https:\/\/www.diarioimagen.net\/index.php?rest_route=%2Fwp%2Fv2%2Fcomments&post=576318"}],"version-history":[{"count":0,"href":"https:\/\/www.diarioimagen.net\/index.php?rest_route=\/wp\/v2\/posts\/576318\/revisions"}],"wp:featuredmedia":[{"embeddable":true,"href":"https:\/\/www.diarioimagen.net\/index.php?rest_route=\/wp\/v2\/media\/576405"}],"wp:attachment":[{"href":"https:\/\/www.diarioimagen.net\/index.php?rest_route=%2Fwp%2Fv2%2Fmedia&parent=576318"}],"wp:term":[{"taxonomy":"category","embeddable":true,"href":"https:\/\/www.diarioimagen.net\/index.php?rest_route=%2Fwp%2Fv2%2Fcategories&post=576318"},{"taxonomy":"post_tag","embeddable":true,"href":"https:\/\/www.diarioimagen.net\/index.php?rest_route=%2Fwp%2Fv2%2Ftags&post=576318"}],"curies":[{"name":"wp","href":"https:\/\/api.w.org\/{rel}","templated":true}]}}