{"id":576324,"date":"2023-03-06T00:01:32","date_gmt":"2023-03-06T06:01:32","guid":{"rendered":"https:\/\/www.diarioimagen.net\/?p=576324"},"modified":"2023-03-06T01:24:10","modified_gmt":"2023-03-06T07:24:10","slug":"empresarios-y-sociedad-civil-reconocen-avance-en-seguridad-publica-en-naucalpan","status":"publish","type":"post","link":"https:\/\/www.diarioimagen.net\/?p=576324","title":{"rendered":"Empresarios y sociedad civil reconocen avance en seguridad p\u00fablica en Naucalpan"},"content":{"rendered":"<p>&nbsp;<\/p>\n<ul>\n<li><em><strong>Acciones de la alcaldesa Ang\u00e9lica Moya Mar\u00edn<\/strong><\/em><\/li>\n<\/ul>\n<p><strong>\u00a0<\/strong><\/p>\n<h6>Arturo Baena<\/h6>\n<p>&nbsp;<\/p>\n<div id=\"attachment_576421\" style=\"width: 470px\" class=\"wp-caption aligncenter\"><a href=\"https:\/\/www.diarioimagen.net\/?attachment_id=576421\" rel=\"attachment wp-att-576421\"><img loading=\"lazy\" decoding=\"async\" aria-describedby=\"caption-attachment-576421\" class=\"size-full wp-image-576421\" src=\"https:\/\/www.diarioimagen.net\/wp-content\/uploads\/2023\/03\/empresarios-sociedad.jpg\" alt=\"\" width=\"460\" height=\"270\" \/><\/a><p id=\"caption-attachment-576421\" class=\"wp-caption-text\">Durante la s\u00e9ptima sesi\u00f3n del Consejo Municipal de Seguridad P\u00fablica, encabezada por la alcaldesa Ang\u00e9lica Moya Mar\u00edn, se reconoceiron avances en seguridad p\u00fablica.<\/p><\/div>\n<p>&nbsp;<\/p>\n<p><strong>Naucalpan, Estado de M\u00e9xico.\u2014<\/strong> L\u00edderes sociales, empresariales y sociedad en general reconocieron los avances en materia de seguridad p\u00fablica que ha implementado el gobierno que encabeza la alcaldesa Ang\u00e9lica Moya Mar\u00edn en este municipio.<\/p>\n<p>Y es que en esta localidad se registr\u00f3 una reducci\u00f3n en los delitos de feminicidio, robo a transporte, a negocio, de veh\u00edculo automotor, a casa habitaci\u00f3n y narcomenudeo, de diciembre de 2021 a diciembre de 2022, de acuerdo con cifras del Secretariado Ejecutivo del Sistema Nacional de Seguridad P\u00fablica (SESNSP).<\/p>\n<p>Durante la s\u00e9ptima sesi\u00f3n ordinaria del Consejo Municipal de Seguridad P\u00fablica, encabezada por la alcaldesa Ang\u00e9lica Moya Mar\u00edn, el titular de la Direcci\u00f3n General de Seguridad Ciudadana y Movilidad Segura, Francisco Rosas Olmos, precis\u00f3 que, de diciembre del 2021 a diciembre del 2022, se registr\u00f3 una baja en feminicidios de\u00a0 33.3 por ciento; robo a transporte, 9.8 por ciento; robo a negocio, 10.7; robo de veh\u00edculo, 10.6; robo a casa habitaci\u00f3n, 10.08, y narcomenudeo, 45. Indic\u00f3 que como consecuencia de estos resultados, tambi\u00e9n se redujo la percepci\u00f3n de inseguridad en el municipio, de acuerdo datos de la Encuesta Nacional de Seguridad P\u00fablica Urbana publicada por el Instituto Nacional de Informaci\u00f3n Estad\u00edstica y Geogr\u00e1fica (Inegi).<\/p>\n<p>En esta sesi\u00f3n se dio seguimiento a la problem\u00e1tica planteada por el Consejo de Participaci\u00f3n Ciudadana de Lomas del Cadete, sobre el incremento de robo a transporte p\u00fablico en las rutas 02 y 12, cuando atraviesan las colonias Ju\u00e1rez, Lomas del Cadete, Plan de Ayala y las Manchas I, II y III.<\/p>\n<p>El comisario Pablo Francisco Rosas Olmos se\u00f1al\u00f3 que se reuni\u00f3 con las autoridades auxiliares de estas comunidades, as\u00ed como con los transportistas y acordaron informar sobre el modus operandi de los probables responsables del robo a transporte p\u00fablico, as\u00ed como incrementar el n\u00famero de operativos Pasajero Seguro para disminuir la incidencia delictiva.<\/p>\n<p>A su vez, la alcaldesa Moya Mar\u00edn afirm\u00f3 que la participaci\u00f3n ciudadana es fundamental para la implementaci\u00f3n de estrategias que garanticen mejores condiciones de seguridad para la ciudadan\u00eda. \u201cEs muy importante la participaci\u00f3n de los vecinos en estas reuniones, pienso que sus aportaciones nos permite no ser un gobierno autorreferenciado, sino que seamos un gobierno que ve hacia fuera y no hacia adentro\u201d.<\/p>\n","protected":false},"excerpt":{"rendered":"<p>L\u00edderes sociales, empresariales y sociedad en general reconocieron los avances en materia de seguridad p\u00fablica que ha implementado el gobierno que encabeza la alcaldesa Ang\u00e9lica Moya Mar\u00edn en este municipio.<\/p>\n","protected":false},"author":3,"featured_media":576421,"comment_status":"open","ping_status":"open","sticky":false,"template":"","format":"standard","meta":{"_monsterinsights_skip_tracking":false,"_monsterinsights_sitenote_active":false,"_monsterinsights_sitenote_note":"","_monsterinsights_sitenote_category":0,"footnotes":""},"categories":[5],"tags":[10071,43675,970,70743],"class_list":["post-576324","post","type-post","status-publish","format-standard","has-post-thumbnail","hentry","category-estado-de-mexico","tag-empresarios","tag-estado-de-mexico","tag-naucalpan","tag-sociedad-civil"],"_links":{"self":[{"href":"https:\/\/www.diarioimagen.net\/index.php?rest_route=\/wp\/v2\/posts\/576324","targetHints":{"allow":["GET"]}}],"collection":[{"href":"https:\/\/www.diarioimagen.net\/index.php?rest_route=\/wp\/v2\/posts"}],"about":[{"href":"https:\/\/www.diarioimagen.net\/index.php?rest_route=\/wp\/v2\/types\/post"}],"author":[{"embeddable":true,"href":"https:\/\/www.diarioimagen.net\/index.php?rest_route=\/wp\/v2\/users\/3"}],"replies":[{"embeddable":true,"href":"https:\/\/www.diarioimagen.net\/index.php?rest_route=%2Fwp%2Fv2%2Fcomments&post=576324"}],"version-history":[{"count":0,"href":"https:\/\/www.diarioimagen.net\/index.php?rest_route=\/wp\/v2\/posts\/576324\/revisions"}],"wp:featuredmedia":[{"embeddable":true,"href":"https:\/\/www.diarioimagen.net\/index.php?rest_route=\/wp\/v2\/media\/576421"}],"wp:attachment":[{"href":"https:\/\/www.diarioimagen.net\/index.php?rest_route=%2Fwp%2Fv2%2Fmedia&parent=576324"}],"wp:term":[{"taxonomy":"category","embeddable":true,"href":"https:\/\/www.diarioimagen.net\/index.php?rest_route=%2Fwp%2Fv2%2Fcategories&post=576324"},{"taxonomy":"post_tag","embeddable":true,"href":"https:\/\/www.diarioimagen.net\/index.php?rest_route=%2Fwp%2Fv2%2Ftags&post=576324"}],"curies":[{"name":"wp","href":"https:\/\/api.w.org\/{rel}","templated":true}]}}