{"id":576328,"date":"2023-03-06T00:04:08","date_gmt":"2023-03-06T06:04:08","guid":{"rendered":"https:\/\/www.diarioimagen.net\/?p=576328"},"modified":"2023-03-06T01:26:02","modified_gmt":"2023-03-06T07:26:02","slug":"organiza-la-secretaria-de-turismo-estatal-domingos-culturales-en-toluca","status":"publish","type":"post","link":"https:\/\/www.diarioimagen.net\/?p=576328","title":{"rendered":"Organiza la Secretar\u00eda de Turismo estatal\u00a0\u201cDomingos culturales\u201d, en Toluca"},"content":{"rendered":"<p>&nbsp;<\/p>\n<div id=\"attachment_576427\" style=\"width: 470px\" class=\"wp-caption aligncenter\"><a href=\"https:\/\/www.diarioimagen.net\/?attachment_id=576427\" rel=\"attachment wp-att-576427\"><img loading=\"lazy\" decoding=\"async\" aria-describedby=\"caption-attachment-576427\" class=\"size-full wp-image-576427\" src=\"https:\/\/www.diarioimagen.net\/wp-content\/uploads\/2023\/03\/organiza-secretaria.jpg\" alt=\"\" width=\"460\" height=\"270\" \/><\/a><p id=\"caption-attachment-576427\" class=\"wp-caption-text\">El diputado morenista Gerardo Ulloa P\u00e9rez. presentar\u00e1 una iniciativa parar reformar el C\u00f3digo Penal del Estado de M\u00e9xico.<\/p><\/div>\n<p>&nbsp;<\/p>\n<p><strong>Toluca, Estado de M\u00e9xico.\u2014 <\/strong>Uno de los programas consolidados de la Secretar\u00eda de Cultura y Turismo del Estado de M\u00e9xico es el de \u201cDomingos Culturales\u201d que, en el mes de marzo, ofrece variadas actividades para chicos y grandes.<\/p>\n<p>Como parte de \u00e9ste habr\u00e1 presentaciones art\u00edsticas en el Museo de Antropolog\u00eda e Historia y en el Museo de Arte Moderno, ubicados al interior del Centro Cultural Mexiquense, en Toluca.<\/p>\n<p>El 12 de marzo en ese mismo espacio y a la misma hora se presentar\u00e1 la agrupaci\u00f3n \u201cNokniume\u201d, con cantos en lenguas originarias, algunas son parte de su primer disco grabado hace m\u00e1s de un a\u00f1o.<\/p>\n","protected":false},"excerpt":{"rendered":"<p>Uno de los programas consolidados de la Secretar\u00eda de Cultura y Turismo del Estado de M\u00e9xico es el de \u201cDomingos Culturales\u201d que, en el mes de marzo, ofrece variadas actividades para chicos y grandes.<\/p>\n","protected":false},"author":3,"featured_media":576427,"comment_status":"open","ping_status":"open","sticky":false,"template":"","format":"standard","meta":{"_monsterinsights_skip_tracking":false,"_monsterinsights_sitenote_active":false,"_monsterinsights_sitenote_note":"","_monsterinsights_sitenote_category":0,"footnotes":""},"categories":[5],"tags":[97464,440],"class_list":["post-576328","post","type-post","status-publish","format-standard","has-post-thumbnail","hentry","category-estado-de-mexico","tag-domingos-culturales","tag-secretaria-de-turismo"],"_links":{"self":[{"href":"https:\/\/www.diarioimagen.net\/index.php?rest_route=\/wp\/v2\/posts\/576328","targetHints":{"allow":["GET"]}}],"collection":[{"href":"https:\/\/www.diarioimagen.net\/index.php?rest_route=\/wp\/v2\/posts"}],"about":[{"href":"https:\/\/www.diarioimagen.net\/index.php?rest_route=\/wp\/v2\/types\/post"}],"author":[{"embeddable":true,"href":"https:\/\/www.diarioimagen.net\/index.php?rest_route=\/wp\/v2\/users\/3"}],"replies":[{"embeddable":true,"href":"https:\/\/www.diarioimagen.net\/index.php?rest_route=%2Fwp%2Fv2%2Fcomments&post=576328"}],"version-history":[{"count":0,"href":"https:\/\/www.diarioimagen.net\/index.php?rest_route=\/wp\/v2\/posts\/576328\/revisions"}],"wp:featuredmedia":[{"embeddable":true,"href":"https:\/\/www.diarioimagen.net\/index.php?rest_route=\/wp\/v2\/media\/576427"}],"wp:attachment":[{"href":"https:\/\/www.diarioimagen.net\/index.php?rest_route=%2Fwp%2Fv2%2Fmedia&parent=576328"}],"wp:term":[{"taxonomy":"category","embeddable":true,"href":"https:\/\/www.diarioimagen.net\/index.php?rest_route=%2Fwp%2Fv2%2Fcategories&post=576328"},{"taxonomy":"post_tag","embeddable":true,"href":"https:\/\/www.diarioimagen.net\/index.php?rest_route=%2Fwp%2Fv2%2Ftags&post=576328"}],"curies":[{"name":"wp","href":"https:\/\/api.w.org\/{rel}","templated":true}]}}