{"id":576392,"date":"2023-03-06T00:10:30","date_gmt":"2023-03-06T06:10:30","guid":{"rendered":"https:\/\/www.diarioimagen.net\/?p=576392"},"modified":"2023-03-05T23:59:43","modified_gmt":"2023-03-06T05:59:43","slug":"gurria-quiere-ser-candidato-presidencial","status":"publish","type":"post","link":"https:\/\/www.diarioimagen.net\/?p=576392","title":{"rendered":"Gurr\u00eda quiere ser candidato presidencial"},"content":{"rendered":"<h2>De frente y de perfil<\/h2>\n<h5>Ram\u00f3n Zurita Sahag\u00fan<\/h5>\n<p>&nbsp;<\/p>\n<p>En \u00e9poca de destapes de aspirantes presidenciales, dispuestos a competir en los comicios electorales de 2024, Jos\u00e9 \u00c1ngel Gurr\u00eda Trevi\u00f1o, pasa lista y se dice dispuesto a participar como candidato de una gran alianza que conjunte a los partidos de oposici\u00f3n y de la sociedad civil.<\/p>\n<p>Con una larga hoja de servicio en la administraci\u00f3n p\u00fablica nacional y como uno de los pocos mexicanos que encabez\u00f3 un organismo de nivel internacional, el tamaulipeco se muestra listo para entrar en la competencia y disputar con cualquiera de las \u201ccorcholatas\u201d de Morena.<\/p>\n<p>Considerado como uno de los expertos nacionales con mayor conocimiento en los temas financieros y fiscales, Gurr\u00eda Trevi\u00f1o cuenta con un proyecto en esos temas que habr\u00e1 de poner a consideraci\u00f3n de los partidos y organizaciones civiles con las que busca el respaldo para obtener la nominaci\u00f3n.<\/p>\n<p>Durante 15 a\u00f1os (2006-2021) actu\u00f3 como secretario general de la Organizaci\u00f3n para la Cooperaci\u00f3n y el Desarrollo Econ\u00f3mico (OCDE) con sede en Par\u00eds, de donde retorn\u00f3 hace un par de a\u00f1os con la intenci\u00f3n de incorporase a su pa\u00eds en las tareas necesarias para marcar la ruta hacia el progreso.<\/p>\n<p>En 1999, el entonces secretario de Hacienda pretendi\u00f3 competir por la nominaci\u00f3n presidencial del PRI, pero el partido tricolor hab\u00eda cambiado las reglas y se requer\u00eda haber ganado una elecci\u00f3n de representaci\u00f3n en las urnas, condici\u00f3n que no reun\u00eda.<\/p>\n<p>Jos\u00e9 \u00c1ngel se qued\u00f3 con las ganas y emigr\u00f3 al organismo internacional, donde realiz\u00f3 un relevante papel, tanto que fue reelecto y concluy\u00f3 con quince a\u00f1os al frente del organismo.<\/p>\n<p>Secretario de Hacienda, de Relaciones Exteriores, director de Nafinsa y del Banco de Comercio Exterior, entre sus principales logros dentro de la administraci\u00f3n p\u00fablica, algunos malquerientes le dedicaron el mote de \u201c\u00c1ngel de la Dependencia\u201d, aunque su gesti\u00f3n como titular de las finanzas p\u00fablicas arroj\u00f3 que por vez primera en varias d\u00e9cadas el gobierno mexicano no pasar\u00e1 de una administraci\u00f3n sexenal a otra con crisis financiera.<\/p>\n<p>Gurr\u00eda sabe que conseguir la nominaci\u00f3n no es tarea sencilla, ya que en la pretendida alianza de la oposici\u00f3n hay varios nombres que se ventilan abiertamente y algunos de ellos se encuentran ya en plena exposici\u00f3n como son los de los panistas Santiago Creel, Mauricio Vila, Lilly T\u00e9llez, Mar\u00eda Eugenia Campos; del PRI Beatriz Paredes, Enrique de la Madrid, Claudia Ruiz y que Alfredo Del Mazo se encuentra a la espera de saber el resultado de los comicios en el estado de M\u00e9xico, para decidir si sumarse o simplemente abstenerse.<\/p>\n<p>Sin embargo, hasta el momento de los nombres mencionados ninguno re\u00fane la trayectoria administrativa de Gurr\u00eda, quien cuenta con la medalla del reconocimiento internacional que le dio su gesti\u00f3n de tres lustros en la OCDE.<\/p>\n<p>Por lo pronto, el financiero se dedica a entablar contacto con organismo de distintos tipos, cambiar impresiones con ellos y queda a la espera de los tiempos electorales.<\/p>\n<p style=\"text-align: center;\"><strong>*****<\/strong><\/p>\n<p>Ten\u00eda mucho tiempo que un gobernador o gobernadora no reun\u00eda a tantos personajes de la pol\u00edtica en un informe de gobierno como lo hizo Mar\u00eda Eugenia Campos, quien desde que tom\u00f3 posesi\u00f3n como mandataria de Chihuahua manifest\u00f3 su intenci\u00f3n de ser candidata presidencial. Maru cont\u00f3 con la presencia del secretario de Gobernaci\u00f3n, Ad\u00e1n Augusto L\u00f3pez; el ex presidente Vicente Fox, varios gobernadores y el presidente de la C\u00e1mara de Diputados, Santiago Creel\u2026Extra\u00f1o result\u00f3 el mensaje publicado por Otto Granados, quien fue secretario de Educaci\u00f3n P\u00fablica y gobernador de Aguascalientes en los tiempos del PRI: Granados establece \u201ctengo unos 35 a\u00f1os de conocer bien a Ricardo Monreal y en distintas circunstancias. Nunca me ha decepcionado, siempre ha sido c\u00ednico, charlat\u00e1n y mit\u00f3mano. Lo que con la edad se le ha agudizado es ser tambi\u00e9n un peque\u00f1o miedoso y un gran pusil\u00e1nime\u201d. Lo interesante de este texto es saber la intenci\u00f3n que conlleva o si es fuego amigo o de hacer presencia, ya que Otto tiene fama de ser sumamente reservado.<\/p>\n<p><a href=\"mailto:ramonzurita44@hotmail.com\" target=\"_blank\" rel=\"noopener noreferrer\"><em>ramonzurita44@hotmail.com<\/em><\/a><\/p>\n","protected":false},"excerpt":{"rendered":"<p><span style=\"color: #005497;\"><strong>Ram\u00f3n Zurita Sahag\u00fan<\/strong><\/span><\/p>\n","protected":false},"author":3,"featured_media":0,"comment_status":"open","ping_status":"open","sticky":false,"template":"","format":"standard","meta":{"_monsterinsights_skip_tracking":false,"_monsterinsights_sitenote_active":false,"_monsterinsights_sitenote_note":"","_monsterinsights_sitenote_category":0,"footnotes":""},"categories":[234],"tags":[304,43674,43687],"class_list":["post-576392","post","type-post","status-publish","format-standard","hentry","category-ramon-zurita-sahagun","tag-de-frente-y-de-perfil","tag-opinion","tag-ramon-zurita-sahagun"],"_links":{"self":[{"href":"https:\/\/www.diarioimagen.net\/index.php?rest_route=\/wp\/v2\/posts\/576392","targetHints":{"allow":["GET"]}}],"collection":[{"href":"https:\/\/www.diarioimagen.net\/index.php?rest_route=\/wp\/v2\/posts"}],"about":[{"href":"https:\/\/www.diarioimagen.net\/index.php?rest_route=\/wp\/v2\/types\/post"}],"author":[{"embeddable":true,"href":"https:\/\/www.diarioimagen.net\/index.php?rest_route=\/wp\/v2\/users\/3"}],"replies":[{"embeddable":true,"href":"https:\/\/www.diarioimagen.net\/index.php?rest_route=%2Fwp%2Fv2%2Fcomments&post=576392"}],"version-history":[{"count":0,"href":"https:\/\/www.diarioimagen.net\/index.php?rest_route=\/wp\/v2\/posts\/576392\/revisions"}],"wp:attachment":[{"href":"https:\/\/www.diarioimagen.net\/index.php?rest_route=%2Fwp%2Fv2%2Fmedia&parent=576392"}],"wp:term":[{"taxonomy":"category","embeddable":true,"href":"https:\/\/www.diarioimagen.net\/index.php?rest_route=%2Fwp%2Fv2%2Fcategories&post=576392"},{"taxonomy":"post_tag","embeddable":true,"href":"https:\/\/www.diarioimagen.net\/index.php?rest_route=%2Fwp%2Fv2%2Ftags&post=576392"}],"curies":[{"name":"wp","href":"https:\/\/api.w.org\/{rel}","templated":true}]}}