{"id":576473,"date":"2023-03-07T00:03:45","date_gmt":"2023-03-07T06:03:45","guid":{"rendered":"https:\/\/www.diarioimagen.net\/?p=576473"},"modified":"2023-03-07T02:39:42","modified_gmt":"2023-03-07T08:39:42","slug":"el-diputado-omar-ortega-toma-protesta-a-estructura-electoral-del-prd-en-naucalpan","status":"publish","type":"post","link":"https:\/\/www.diarioimagen.net\/?p=576473","title":{"rendered":"El diputado Omar Ortega toma protesta a estructura electoral del PRD en Naucalpan"},"content":{"rendered":"<p>&nbsp;<\/p>\n<ul>\n<li><em><strong>Compromiso con alianza Va Por el Estado de M\u00e9xico<\/strong><\/em><\/li>\n<\/ul>\n<p>&nbsp;<\/p>\n<div id=\"attachment_576547\" style=\"width: 470px\" class=\"wp-caption aligncenter\"><a href=\"https:\/\/www.diarioimagen.net\/?attachment_id=576547\" rel=\"attachment wp-att-576547\"><img loading=\"lazy\" decoding=\"async\" aria-describedby=\"caption-attachment-576547\" class=\"size-full wp-image-576547\" src=\"https:\/\/www.diarioimagen.net\/wp-content\/uploads\/2023\/03\/diputado-omar.jpg\" alt=\"\" width=\"460\" height=\"270\" \/><\/a><p id=\"caption-attachment-576547\" class=\"wp-caption-text\">El diputado Omar Ortega confi\u00f3 en que el PRD sabr\u00e1 responder al llamado de la defensa del Edomex.<\/p><\/div>\n<p>&nbsp;<\/p>\n<p><strong>Naucalpan, Estado de M\u00e9xico.\u2014<\/strong> Luego de tomar protesta a la estructura de representaci\u00f3n electoral del Partido de la Revoluci\u00f3n Democr\u00e1tica (PRD) en esta localidad, el diputado Omar Ortega confi\u00f3 en que este instituto pol\u00edtico sabr\u00e1 responder al llamado de la defensa del Edomex.<\/p>\n<p>En el acto llevado a cabo en la explanada central del Parque Naucalli y frente al dirigente estatal, Agust\u00edn Barrera, y la tercera regidora del ayuntamiento local, Lucina Cort\u00e9s, el legislador refrend\u00f3 el compromiso con la la alianza \u201cVa por el Estado de M\u00e9xico\u201d y especialmente por su partido.<\/p>\n<p>Dej\u00f3 claro el prop\u00f3sito de generar las condiciones desde el PRD para un mejor desarrollo econ\u00f3mico en la entidad y en materia de seguridad.<\/p>\n<p>Reiter\u00f3 que ante la falta de precisamente de seguridad y la estrategia fallida en este orden desde el gobierno federal, el Partido de la Revoluci\u00f3n Democr\u00e1tica impulsa leyes en el Congreso mexiquense.<\/p>\n<p>Destac\u00f3 entre otras iniciativas, \u201cla Ley me Cuido Sola\u201d, que consiste en legalizar la portaci\u00f3n y el uso de armas no letales como m\u00e9todo de defensa entre las mujeres y puedan utilizar pistolas el\u00e9ctricas, aerosol pimienta y gas lacrim\u00f3geno.<\/p>\n<p>El perredista lament\u00f3 el grave problema de la inseguridad en el pa\u00eds, en el que reiter\u00f3 que hoy se vive con miedo, con impotencia, rabia, desesperaci\u00f3n y con el \u201cJes\u00fas en la boca\u201d.<\/p>\n<p>\u201cNo nos podemos dar el lujo de que la gente vaya a comprar cualquier cosa a la tienda a cuatro casas o cinco, a la calle siguiente y no sabemos si vayan a regresar y no se diga a padres de familia y estudiantes que salen a laborar\u201d, acot\u00f3 y enfatiz\u00f3 que se tiene que cambiar la seguridad en el pa\u00eds.<\/p>\n<p>Reproch\u00f3 la militarizaci\u00f3n justamente del pa\u00eds, en las tareas de prevenci\u00f3n en lugar de abatir y combatir el delito, siendo que prevalecen las fuerzas de seguridad para esos niveles.<\/p>\n","protected":false},"excerpt":{"rendered":"<p>Luego de tomar protesta a la estructura de representaci\u00f3n electoral del Partido de la Revoluci\u00f3n Democr\u00e1tica (PRD) en esta localidad, el diputado Omar Ortega confi\u00f3 en que este instituto pol\u00edtico sabr\u00e1 responder al llamado de la defensa del Edomex.<\/p>\n","protected":false},"author":3,"featured_media":576547,"comment_status":"open","ping_status":"open","sticky":false,"template":"","format":"standard","meta":{"_monsterinsights_skip_tracking":false,"_monsterinsights_sitenote_active":false,"_monsterinsights_sitenote_note":"","_monsterinsights_sitenote_category":0,"footnotes":""},"categories":[5],"tags":[43675,970,97469,211],"class_list":["post-576473","post","type-post","status-publish","format-standard","has-post-thumbnail","hentry","category-estado-de-mexico","tag-estado-de-mexico","tag-naucalpan","tag-omar-ortega","tag-prd"],"_links":{"self":[{"href":"https:\/\/www.diarioimagen.net\/index.php?rest_route=\/wp\/v2\/posts\/576473","targetHints":{"allow":["GET"]}}],"collection":[{"href":"https:\/\/www.diarioimagen.net\/index.php?rest_route=\/wp\/v2\/posts"}],"about":[{"href":"https:\/\/www.diarioimagen.net\/index.php?rest_route=\/wp\/v2\/types\/post"}],"author":[{"embeddable":true,"href":"https:\/\/www.diarioimagen.net\/index.php?rest_route=\/wp\/v2\/users\/3"}],"replies":[{"embeddable":true,"href":"https:\/\/www.diarioimagen.net\/index.php?rest_route=%2Fwp%2Fv2%2Fcomments&post=576473"}],"version-history":[{"count":0,"href":"https:\/\/www.diarioimagen.net\/index.php?rest_route=\/wp\/v2\/posts\/576473\/revisions"}],"wp:featuredmedia":[{"embeddable":true,"href":"https:\/\/www.diarioimagen.net\/index.php?rest_route=\/wp\/v2\/media\/576547"}],"wp:attachment":[{"href":"https:\/\/www.diarioimagen.net\/index.php?rest_route=%2Fwp%2Fv2%2Fmedia&parent=576473"}],"wp:term":[{"taxonomy":"category","embeddable":true,"href":"https:\/\/www.diarioimagen.net\/index.php?rest_route=%2Fwp%2Fv2%2Fcategories&post=576473"},{"taxonomy":"post_tag","embeddable":true,"href":"https:\/\/www.diarioimagen.net\/index.php?rest_route=%2Fwp%2Fv2%2Ftags&post=576473"}],"curies":[{"name":"wp","href":"https:\/\/api.w.org\/{rel}","templated":true}]}}