{"id":576632,"date":"2023-03-08T00:01:09","date_gmt":"2023-03-08T06:01:09","guid":{"rendered":"https:\/\/www.diarioimagen.net\/?p=576632"},"modified":"2023-03-09T00:49:39","modified_gmt":"2023-03-09T06:49:39","slug":"se-incremento-en-mas-de-1000-decomiso-de-fentanilo-sedena","status":"publish","type":"post","link":"https:\/\/www.diarioimagen.net\/?p=576632","title":{"rendered":"Se increment\u00f3 en m\u00e1s de 1000% decomiso de fentanilo: Sedena"},"content":{"rendered":"<p>&nbsp;<\/p>\n<ul>\n<li><strong><em>Han incautado 6 mil 115 kilogramos en este sexenio<\/em><\/strong><\/li>\n<\/ul>\n<p>&nbsp;<\/p>\n<div id=\"attachment_576780\" style=\"width: 470px\" class=\"wp-caption aligncenter\"><a href=\"https:\/\/www.diarioimagen.net\/?attachment_id=576780\" rel=\"attachment wp-att-576780\"><img loading=\"lazy\" decoding=\"async\" aria-describedby=\"caption-attachment-576780\" class=\"size-full wp-image-576780\" src=\"https:\/\/www.diarioimagen.net\/wp-content\/uploads\/2023\/03\/decomiso-fentanilo.jpg\" alt=\"\" width=\"460\" height=\"270\" \/><\/a><p id=\"caption-attachment-576780\" class=\"wp-caption-text\">El general Luis Cresencio Sandoval, titular de Sedena, inform\u00f3 que en la presente administraci\u00f3n se han decomisado 6 mil 115 kilogramos de fentanilo en diferentes operativos.<\/p><\/div>\n<p>&nbsp;<\/p>\n<p>En la presente administraci\u00f3n se han decomisado 6 mil 115 kilogramos\u00a0 de fentanilo, lo que representa un incremento en 1,049% el decomiso de fentanilo respecto al sexenio pasado, inform\u00f3 Luis Cresencio Sandoval, titular de la Defensa Nacional (Sedena).<\/p>\n<p>Los estados de Sonora, Sinaloa y Baja California concentran los principales aseguramientos de fentanilo por parte de fuerzas federales, report\u00f3 el general.<\/p>\n<p>En el Informe del Gabinete de Seguridad en la conferencia de prensa del presidente Andr\u00e9s Manuel L\u00f3pez Obrador, el general indic\u00f3 que en cuanto a metanfetaminas se han decomisado 180 mil 995, lo que presenta una alza del 92%.<\/p>\n<p>\u201cEn aseguramientos de metanfetaminas y fentanilo, la metanfetamina fueron 3.4 millones de dosis, 3 mil 485 kilogramos y de fentanilo 20.8 kilogramos que corresponde a 21 millones de dosis.<\/p>\n<p>De acuerdo con las cifras oficiales, en Sonora suman 2 mil kilos de fentanilo asegurados, en Baja California mil 655 kilos, en Sinaloa mil 329. Y en menor medida, tambi\u00e9n aparecieron los estados de Coahuila con 100 kilos y Chihuahua con 20.<\/p>\n<p>En tanto, las autoridades federales tambi\u00e9n reportaron un crecimiento de 92 por ciento en el aseguramiento de metanfetaminas. Reportaron que en este sexenio se han decomisado 180 mil 995 kilos de metanfetaminas, mientras que en el gobierno de Pe\u00f1a Nieta sumaron 94 mil 107.<\/p>\n<p>En los \u00faltimos 15 d\u00edas, las fuerzas federales realizaron 168 aseguramientos de drogas y de ellos ocho casos fueron relevantes para las autoridades mexicanas.<\/p>\n<p style=\"text-align: center;\"><strong>Habr\u00e1 146 bases m\u00e1s de la Guardia Nacional<\/strong><\/p>\n<p>En otro tema, el general Sandoval Gonz\u00e1lez inform\u00f3 que el Ej\u00e9rcito mexicano cedi\u00f3 100 instalaciones a la Guardia Nacional (GN) con el objetivo de mejorar la operatividad del cuerpo de seguridad.<\/p>\n<p>\u00abLas compa\u00f1\u00edas que se tienen consideradas 594, llevamos 271 compa\u00f1\u00edas terminadas, 100 instalaciones del Ej\u00e9rcito fueron cedidas a la Guardia Nacional y as\u00ed evitar construir esas 100, sino ya se emplean para el despliegue; 77 compa\u00f1\u00edas est\u00e1n en este momento en construcci\u00f3n\u00bb, dijo.<\/p>\n<p>En el sal\u00f3n Tesorer\u00eda de Palacio Nacional, el general Sandoval Gonz\u00e1lez detall\u00f3 que ingenieros militares construir\u00e1n 146 instalaciones restantes a partir de Julio para llegar a la meta de 594 instalaciones de la Guardia Nacional.<\/p>\n<p>\u00abEstas 146 se tendr\u00e1n que iniciar a m\u00e1s tardar en julio para poder terminar a final de este a\u00f1o con todas las compa\u00f1\u00edas ya construidas y el personal desplegado, tambi\u00e9n se est\u00e1n realizando la construcci\u00f3n de siete coordinaciones estatales, 15 coordinaciones de Batall\u00f3n, cuatro unidades habitacionales, una de ellas ya est\u00e1 concluida\u00bb, agreg\u00f3.<\/p>\n","protected":false},"excerpt":{"rendered":"<p>En la presente administraci\u00f3n se han decomisado 6 mil 115 kilogramos\u00a0 de fentanilo, lo que representa un incremento en 1,049% el decomiso de fentanilo respecto al sexenio pasado, inform\u00f3 Luis Cresencio Sandoval, titular de la Defensa Nacional (Sedena).<\/p>\n","protected":false},"author":3,"featured_media":576780,"comment_status":"open","ping_status":"open","sticky":false,"template":"","format":"standard","meta":{"_monsterinsights_skip_tracking":false,"_monsterinsights_sitenote_active":false,"_monsterinsights_sitenote_note":"","_monsterinsights_sitenote_category":0,"footnotes":""},"categories":[7],"tags":[95454,43673,3353],"class_list":["post-576632","post","type-post","status-publish","format-standard","has-post-thumbnail","hentry","category-seguridad","tag-fentanilo","tag-nacional","tag-sedena"],"_links":{"self":[{"href":"https:\/\/www.diarioimagen.net\/index.php?rest_route=\/wp\/v2\/posts\/576632","targetHints":{"allow":["GET"]}}],"collection":[{"href":"https:\/\/www.diarioimagen.net\/index.php?rest_route=\/wp\/v2\/posts"}],"about":[{"href":"https:\/\/www.diarioimagen.net\/index.php?rest_route=\/wp\/v2\/types\/post"}],"author":[{"embeddable":true,"href":"https:\/\/www.diarioimagen.net\/index.php?rest_route=\/wp\/v2\/users\/3"}],"replies":[{"embeddable":true,"href":"https:\/\/www.diarioimagen.net\/index.php?rest_route=%2Fwp%2Fv2%2Fcomments&post=576632"}],"version-history":[{"count":0,"href":"https:\/\/www.diarioimagen.net\/index.php?rest_route=\/wp\/v2\/posts\/576632\/revisions"}],"wp:featuredmedia":[{"embeddable":true,"href":"https:\/\/www.diarioimagen.net\/index.php?rest_route=\/wp\/v2\/media\/576780"}],"wp:attachment":[{"href":"https:\/\/www.diarioimagen.net\/index.php?rest_route=%2Fwp%2Fv2%2Fmedia&parent=576632"}],"wp:term":[{"taxonomy":"category","embeddable":true,"href":"https:\/\/www.diarioimagen.net\/index.php?rest_route=%2Fwp%2Fv2%2Fcategories&post=576632"},{"taxonomy":"post_tag","embeddable":true,"href":"https:\/\/www.diarioimagen.net\/index.php?rest_route=%2Fwp%2Fv2%2Ftags&post=576632"}],"curies":[{"name":"wp","href":"https:\/\/api.w.org\/{rel}","templated":true}]}}