{"id":576637,"date":"2023-03-08T00:04:54","date_gmt":"2023-03-08T06:04:54","guid":{"rendered":"https:\/\/www.diarioimagen.net\/?p=576637"},"modified":"2023-03-08T01:50:46","modified_gmt":"2023-03-08T07:50:46","slug":"las-mujeres-somos-garantia-del-cambio-delfina-gomez-alvarez","status":"publish","type":"post","link":"https:\/\/www.diarioimagen.net\/?p=576637","title":{"rendered":"Las mujeres somos garant\u00eda del cambio: Delfina G\u00f3mez \u00c1lvarez"},"content":{"rendered":"<p>&nbsp;<\/p>\n<ul>\n<li><em><strong>\u201cM\u00e1s unidas que nunca para la transformaci\u00f3n\u201d<\/strong><\/em><\/li>\n<\/ul>\n<p>&nbsp;<\/p>\n<div id=\"attachment_576771\" style=\"width: 470px\" class=\"wp-caption aligncenter\"><a href=\"https:\/\/www.diarioimagen.net\/?attachment_id=576771\" rel=\"attachment wp-att-576771\"><img loading=\"lazy\" decoding=\"async\" aria-describedby=\"caption-attachment-576771\" class=\"size-full wp-image-576771\" src=\"https:\/\/www.diarioimagen.net\/wp-content\/uploads\/2023\/03\/mujeres-somos.jpg\" alt=\"\" width=\"460\" height=\"270\" \/><\/a><p id=\"caption-attachment-576771\" class=\"wp-caption-text\">La morenista Delfina G\u00f3mez \u00c1lvarez asegur\u00f3 que las mujeres son garant\u00eda de cambio e impulsan la transformaci\u00f3n en sus entidades y en todo el pa\u00eds.<\/p><\/div>\n<p>&nbsp;<\/p>\n<p><strong>Valle de M\u00e9xico.\u2014<\/strong> La inminente candidata de Morena, PT y PVEM, Delfina G\u00f3mez \u00c1lvarez, asegur\u00f3 que las mujeres son garant\u00eda de cambio e impulsan la transformaci\u00f3n en sus entidades y en todo el pa\u00eds, pues desde la toma de decisiones fortalecen la justicia social y apoyan a los m\u00e1s pobres.<\/p>\n<p>\u201cLas mujeres somos garant\u00eda de transformaci\u00f3n. Me da un enorme gusto ver que cada vez somos m\u00e1s mujeres tomando decisiones importantes para el cambio que vive M\u00e9xico. Y lo hacemos desde diferentes encargos: como presidentas municipales, regidoras, s\u00edndicas, diputadas locales, diputadas federales, senadoras, gobernadoras y como ciudadanas\u201d, explic\u00f3 la maestra Delfina G\u00f3mez durante un evento por el D\u00eda Internacional de la Mujer.<\/p>\n<p>\u201cEstamos m\u00e1s unidas que nunca para continuar el cambio en el pa\u00eds, y tambi\u00e9n en el Estado de M\u00e9xico, de donde soy originaria. Gracias a todas mis compa\u00f1eras, amigas de lucha y representantes del movimiento\u201d, afirm\u00f3 la maestra.<\/p>\n<p>En el encuentro \u201cMujeres Haciendo Historia\u201d, organizado por la Secretar\u00eda de Mujeres de la Ciudad de M\u00e9xico, coincidi\u00f3 con la Jefa de Gobierno de la CDMX, Claudia Sheinbaum; las gobernadoras de Baja California, Marina del Pilar \u00c1vila; de Campeche, Layda Sansores; de Colima, Indira Vizca\u00edno; de Guerrero, Evelyn Salgado, y de Quintana Roo, Mara Lezama; y con las titulares de la Secretar\u00eda del Trabajo, Luisa Mar\u00eda Alcalde; de la Secretar\u00eda de Econom\u00eda, Raquel Buenrostro; de la Secretar\u00eda de Cultura, Alejandra Frausto, y con la senadora Olga S\u00e1nchez Cordero.<\/p>\n<p>La maestra Delfina G\u00f3mez destac\u00f3 que, a este logro, hay que sumar que \u201ca\u00fan debemos trabajar para que m\u00e1s mujeres se integren a la toma de decisiones. Y debemos comenzar por tener confianza en nosotras mismas para visibilizar nuestras luchas por la equidad de oportunidades, pero tambi\u00e9n por seguridad y el respeto de los dem\u00e1s\u201d.<\/p>\n","protected":false},"excerpt":{"rendered":"<p>La inminente candidata de Morena, PT y PVEM, Delfina G\u00f3mez \u00c1lvarez, asegur\u00f3 que las mujeres son garant\u00eda de cambio e impulsan la transformaci\u00f3n en sus entidades y en todo el pa\u00eds, pues desde la toma de decisiones fortalecen la justicia social y apoyan a los m\u00e1s pobres.\u00a0<\/p>\n","protected":false},"author":3,"featured_media":576771,"comment_status":"open","ping_status":"open","sticky":false,"template":"","format":"standard","meta":{"_monsterinsights_skip_tracking":false,"_monsterinsights_sitenote_active":false,"_monsterinsights_sitenote_note":"","_monsterinsights_sitenote_category":0,"footnotes":""},"categories":[5],"tags":[33741,57859,34],"class_list":["post-576637","post","type-post","status-publish","format-standard","has-post-thumbnail","hentry","category-estado-de-mexico","tag-cambio","tag-delfina-gomez-alvarez","tag-valle-de-mexico"],"_links":{"self":[{"href":"https:\/\/www.diarioimagen.net\/index.php?rest_route=\/wp\/v2\/posts\/576637","targetHints":{"allow":["GET"]}}],"collection":[{"href":"https:\/\/www.diarioimagen.net\/index.php?rest_route=\/wp\/v2\/posts"}],"about":[{"href":"https:\/\/www.diarioimagen.net\/index.php?rest_route=\/wp\/v2\/types\/post"}],"author":[{"embeddable":true,"href":"https:\/\/www.diarioimagen.net\/index.php?rest_route=\/wp\/v2\/users\/3"}],"replies":[{"embeddable":true,"href":"https:\/\/www.diarioimagen.net\/index.php?rest_route=%2Fwp%2Fv2%2Fcomments&post=576637"}],"version-history":[{"count":0,"href":"https:\/\/www.diarioimagen.net\/index.php?rest_route=\/wp\/v2\/posts\/576637\/revisions"}],"wp:featuredmedia":[{"embeddable":true,"href":"https:\/\/www.diarioimagen.net\/index.php?rest_route=\/wp\/v2\/media\/576771"}],"wp:attachment":[{"href":"https:\/\/www.diarioimagen.net\/index.php?rest_route=%2Fwp%2Fv2%2Fmedia&parent=576637"}],"wp:term":[{"taxonomy":"category","embeddable":true,"href":"https:\/\/www.diarioimagen.net\/index.php?rest_route=%2Fwp%2Fv2%2Fcategories&post=576637"},{"taxonomy":"post_tag","embeddable":true,"href":"https:\/\/www.diarioimagen.net\/index.php?rest_route=%2Fwp%2Fv2%2Ftags&post=576637"}],"curies":[{"name":"wp","href":"https:\/\/api.w.org\/{rel}","templated":true}]}}