{"id":576667,"date":"2023-03-08T00:00:08","date_gmt":"2023-03-08T06:00:08","guid":{"rendered":"https:\/\/www.diarioimagen.net\/?p=576667"},"modified":"2023-03-07T23:52:08","modified_gmt":"2023-03-08T05:52:08","slug":"dia-internacional-de-la-mujer-y-su-empoderamiento-en-cancun","status":"publish","type":"post","link":"https:\/\/www.diarioimagen.net\/?p=576667","title":{"rendered":"D\u00eda Internacional de la Mujer y su empoderamiento en Canc\u00fan"},"content":{"rendered":"<h2>Hora 14<\/h2>\n<h5>Mauricio Conde Olivares<\/h5>\n<p>&nbsp;<\/p>\n<p>De acuerdo con los resultados de la Encuesta Nacional de Ocupaci\u00f3n y Empleo, Nueva Edici\u00f3n (ENOEN), al cuarto trimestre de 2022, en M\u00e9xico resid\u00edan 67.0 millones de mujeres, lo que represent\u00f3 52.0 % de la poblaci\u00f3n total.<\/p>\n<p>La participaci\u00f3n de las mujeres en las actividades econ\u00f3micas ha sido estable, seg\u00fan los tres \u00faltimos censos econ\u00f3micos. En 2008, su ocupaci\u00f3n represent\u00f3 39.9 % del total; en 2013, 41.1 % y en 2018, 41.3 por ciento.<\/p>\n<p>Durante la pandemia por la COVID-19, el punto m\u00e1s alto de la desocupaci\u00f3n femenina se dio en el tercer trimestre de 2020: alcanz\u00f3 un nivel de 4.8 por ciento. Para el cuarto trimestre de 2022, la tasa fue de 3.1 por ciento, son datos duros que debemos recordar hoy que se conmemora el D\u00eda Internacional de la Mujer.<\/p>\n<p>Mientras, le comento que Quintana Roo inici\u00f3 su participaci\u00f3n en la Feria Internacional de Turismo de Berl\u00edn (ITB), una de las m\u00e1s importantes del mundo, con una delegaci\u00f3n de autoridades, empresarios y l\u00edderes de la industria, encabezada por el titular de la Secretar\u00eda Estatal de Turismo (Sedetur), Bernardo Cueto Riestra y el director del Consejo de Promoci\u00f3n Tur\u00edstica (CTPQ), Javier Aranda Pedrero.<\/p>\n<p>La delegaci\u00f3n del Caribe Mexicano tiene como objetivo dar a conocer los nuevos atractivos y proyectos como el Tren Maya, las inversiones en infraestructura y las pol\u00edticas del Gobierno de Quintana Roo, como el Nuevo Acuerdo por el Bienestar y Desarrollo que impulsa la gobernadora Mara Lezama Espinosa.<\/p>\n<p>El secretario de Turismo Federal (Sectur), Miguel Torruco Marqu\u00e9s y representantes de la embajada de M\u00e9xico en Alemania, estuvieron presentes en el corte de list\u00f3n inaugural del recinto tur\u00edstico Caribe Mexicano dentro del pabell\u00f3n de M\u00e9xico, uno de los m\u00e1s extensos de la ITB, por la gran diversidad de destinos que ofrece.<\/p>\n<p>El ITB de Berl\u00edn vuelve este a\u00f1o al formato presencial, luego de tres ediciones en l\u00ednea, y reduce sus d\u00edas de celebraci\u00f3n de cinco a tres, del 7 al 9 de marzo, enfocando su contenido exclusivamente al B2B (Business-to-Business hace referencia a aquellos modelos de negocio en los que las prestaciones de servicio o venta de productos se realiza de una empresa o negocio a otro), as\u00ed como encuentro entre profesionales, para crear relaciones comerciales entre empresas.<\/p>\n<p>Desde Quintana Roo viajaron a Alemania representantes de grupos empresariales, presidentes de las Asociaciones de Hoteles de Canc\u00fan, Isla Mujeres, Puerto Morelos, del sur del estado, Riviera Maya y de Tulum adem\u00e1s de autoridades del ramo tur\u00edstico y econ\u00f3mico, quienes desarrollar\u00e1n una agenda que incluye reuniones con empresarios de todas las \u00e1reas de negocios, touroperadores y directivos de l\u00edneas a\u00e9reas como grupo Lufthansa y C\u00f3ndor.<\/p>\n<p>En el ITB tambi\u00e9n se har\u00e1 la invitaci\u00f3n a la 47 edici\u00f3n del Tianguis Tur\u00edstico M\u00e9xico, que se celebrar\u00e1 en la Ciudad de M\u00e9xico, del 26 al 29 de marzo donde participa Quintana Roo.<\/p>\n<p>Respecto al principal destino tur\u00edstico de M\u00e9xico y el Mar Caribe ahora le cuento que el Ayuntamiento de Benito Ju\u00e1rez encabezado por la Presidenta Municipal, Ana Patricia Peralta, marca las bases de un gobierno de mujeres comprometidas y empoderadas que trabajan en favor de todas y todos, colocando en el centro de las pol\u00edticas p\u00fablicas a todas las ni\u00f1as, j\u00f3venes y adultas de este municipio, siendo el principal objetivo fortalecer sus capacidades, para que se desarrollen libremente y mostrarles alternativas, soluciones, herramientas que mejoren su calidad de vida.<\/p>\n<p>La Primera Autoridad Municipal, en el marco del D\u00eda Internacional de la Mujer que se conmemora este 8 de marzo, afirm\u00f3 que una de sus prioridades es erradicar cualquier tipo de violencia de g\u00e9nero; as\u00ed como construir acciones y programas que permitan a las ciudadanas acceder a diversas oportunidades en beneficio de su crecimiento personal, escolar y profesional.<\/p>\n<p>\u201cCuentan conmigo al 100 por ciento, mi compromiso es de cero tolerancia, vamos a trabajar hombro a hombro para acabar con la violencia. El empoderamiento de este sector de la sociedad no es s\u00f3lo impulsar programas sociales o proyectos productivos; sino va m\u00e1s all\u00e1 de los discursos, por lo que se fortalecer\u00e1 la unidad de todas y todos, para que haya igualdad entre mujeres y hombres\u201d, afirm\u00f3.<\/p>\n<p>Es por ello, que el gobierno de Benito Ju\u00e1rez de octubre de 2022 a marzo de 2023,\u00a0 ha reforzado las acciones interinstitucionales a favor de las mujeres, logrando atender en este periodo a m\u00e1s de 86 mil 120 ciudadanas.<\/p>\n<p>La directora general del Sistema DIF Benito Ju\u00e1rez, Marisol Sendo Rodr\u00edguez, inform\u00f3 que esta dependencia atendi\u00f3 a 69 mil 943 mujeres con actividades de prevenci\u00f3n de violencia contra la mujer, de las cuales 45 mil 561 fueron ni\u00f1as, tres mil 221, adolescentes y 21 mil 161 adultas mujeres.<\/p>\n<p>A su vez, la directora general del Instituto Municipal de la Mujer (IMM), Miroslava Reguera Mart\u00ednez, se\u00f1al\u00f3 que para eliminar todo tipo de agresi\u00f3n hacia las mujeres y como parte del compromiso de este gobierno municipal, se realizan diversas actividades de prevenci\u00f3n, acerc\u00e1ndose a ellas y escuch\u00e1ndolas con el fin de apoyarles en el desarrollo de una vida plena y segura, atendiendo a 9 mil 800 ni\u00f1as, adolescentes y mujeres atendidas en psicolog\u00eda, medicina general y atenci\u00f3n jur\u00eddica, adem\u00e1s de 30 capacitaciones y talleres y 8 brigadas de salud. Adem\u00e1s de 61 emisiones del Programa de Radio el cual es un espacio colectivo auditivo feminista y comunitario dirigido a las mujeres.<\/p>\n<p>Asimismo, la Secretar\u00eda Municipal de Desarrollo Social y Econ\u00f3mico, Paola Moreno C\u00f3rdova, destac\u00f3 que con la finalidad de apoyar la vinculaci\u00f3n laboral de este sector as\u00ed como de las empresas, se han canalizado y beneficiado a 4 mil 811 mujeres a diferentes empresas con \u201cVen y Empl\u00e9ate\u201d en sus diferentes modalidades: en \u201cEmpl\u00e9ate Itinerante\u201d en 45 eventos se han atendido a 3 mil 294; mientras que en \u201cEmpl\u00e9ate Oficina\u201d en 129 ediciones a 469; en \u201cEmpl\u00e9ate Web\u201d 509 f\u00e9minas y finalmente en atenci\u00f3n en oficina 539 benitojuarenses.\u00a0\u00a0 Finalmente, la directora de Grupos Especializados de Atenci\u00f3n a la Violencia Familiar y de G\u00e9nero (GEAVIG), Adela Jim\u00e9nez Izquierdo, indic\u00f3 que ni una mujer en ning\u00fan lugar, merece vivir amenazada, acosada o violentada, tiene derecho a una vida plena, con oportunidad, con seguridad y ese es un compromiso muy claro de esta administraci\u00f3n, por eso se han atendido a mil 574 mujeres de noviembre del 2022 a marzo del 2023: 670 en violencias familiar, 117 violencia sexual, 408 canalizaciones a diversas instancias y 379 en otros servicios.<\/p>\n<p>Tambi\u00e9n, le participo que el trabajo de la Fiscal\u00eda General del Estado, que encabeza \u00d3scar Montes de Oca, fue de nueva cuenta destacado en la conferencia ma\u00f1anera del Presidente Andr\u00e9s Manuel L\u00f3pez Obrador, en esta ocasi\u00f3n en dos rubros: vinculaci\u00f3n a proceso por narcomenudeo y feminicidios resueltos.\u00a0 Durante la secci\u00f3n Cero impunidad, el Subsecretario de Seguridad P\u00fablica del Gobierno Federal, General Luis Rodr\u00edguez Bucio, se\u00f1al\u00f3 que hubo 13 vinculados a proceso por narcomenudeo; los imputados fueron detenidos en la 5ta. Avenida de Playa del Carmen, en operativo conjunto con elementos de la Secretar\u00eda de Marina y Seguridad P\u00fablica de Solidaridad.<\/p>\n<p>Los vinculados son: Mauricio \u201cL\u201d, Jos\u00e9 \u201cG\u201d, Jos\u00e9 \u201cR\u201d, Gadiel \u201cA\u201d, Jes\u00fas \u201cR\u201d, F\u00e9lix \u201cG\u201d, Alexis \u201cP\u201d, Alejandro \u201cC\u201d, Alexis \u201cB\u201d, \u00c1ngel \u201cQ\u201d, Hansell \u201dN\u201d, Dassaet \u201cC\u201d y Gael \u201cT\u201d.<\/p>\n<p>Asimismo, en el rubro de feminicidios resueltos, entre los m\u00e1s relevantes en el pa\u00eds, el funcionario federal mencion\u00f3 dos casos aclarados por la Fiscal\u00eda General del Estado de Quintana Roo.\u00a0 Por \u00faltimo, le participo que los tres poderes del Estado, entregaron de manera p\u00f3stuma a Mar\u00eda de la Soledad Leona Camila Vicario Fern\u00e1ndez de San Salvador, mejor conocida como Leona Vicario, la medalla al m\u00e9rito Distinguida Quintanarroense \u201cMar\u00eda Cristina Sangri Aguilar\u201d, por ser una mujer precursora en abrir espacios para las mujeres.<\/p>\n<p>En Sesi\u00f3n Solemne de la XVII Legislatura, la diputada Mildred \u00c1vila Vera, presidenta de la Mesa Directiva, la gobernadora del Estado Mara Lezama Espinosa, el magistrado Heyden Cebada Rivas, presidente del Tribunal de Justicia del Estado, entregaron la presea a la actual titular del Instituto Quintanarroense de la Mujer Mar\u00eda Hadad Castillo.\u00a0 En este marco, se llev\u00f3 a cabo la develaci\u00f3n del mural \u00d3oxtun, del artista quintanarroense Guillermo Ochoa Reyes, una obra que, de acuerdo con la exposici\u00f3n de motivos a cargo del diputado Ren\u00e1n S\u00e1nchez Tajonar, presidente de la Junta de Gobierno y Coordinaci\u00f3n Pol\u00edtica, \u201cnos recuerda nuestras ra\u00edces e identidad como quintanarroenses y claro, nuestro compromiso como servidores p\u00fablicos con la ciudadan\u00eda\u201d.<\/p>\n<p>El legislador destac\u00f3 que es un honor ser testigo de esta develaci\u00f3n, porque este mural y esta placa quedar\u00e1n en la historia de Quintana Roo, como s\u00edmbolo vivo de la transformaci\u00f3n y uni\u00f3n que se ha dado a trav\u00e9s de la historia, desde nuestras ra\u00edces mayas hasta la actualidad.<\/p>\n<p>Respecto a la medalla al m\u00e9rito Distinguida Quintanarroense, el comit\u00e9 evaluador acord\u00f3 conferir la medalla a Leona Vicario y entregarla simb\u00f3licamente al IQM, dependencia que alguna vez dirigi\u00f3 Mar\u00eda Cristina Sangri, en dep\u00f3sito para su custodia y para que la resguarden como testimonio ejemplar e inspirador para las mujeres que participan en sus programas, pero tambi\u00e9n para todas las mujeres y las futuras generaciones.\u00a0 En su intervenci\u00f3n, la gobernadora Mara Lezama asegur\u00f3 que Mar\u00eda Cristina Sangri Aguilar es un digno referente de las mujeres de la entidad, por lo que la entrega de esta medalla al m\u00e9rito Distinguida Quintanarroense es una oportunidad para homenajear a todas las mujeres quintanarroenses.\u00a0 Sobre Leona Vicario, Lezama Espinosa mencion\u00f3 que esta hero\u00edna de la independencia de M\u00e9xico se adelant\u00f3 a su tiempo, \u201cfue precursora en abrir espacios para las mujeres con inquietud de un cambio social, por lo que a nosotras nos corresponde reivindicar esas causas\u201d; empero, lo anterior ser\u00e1 motivo de otro an\u00e1lisis en posterior entrega de <strong><em>Hora 14<\/em><\/strong>.<\/p>\n<p><em><a href=\"mailto:%20mauricio_conde@msn.com\" target=\"_blank\" rel=\"noopener noreferrer\">mauricioconde59@outlook.com<\/a><\/em><br \/>\n<em>Twitter: <a href=\"https:\/\/twitter.com\/mauconde\" target=\"_blank\" rel=\"noopener\">@mauconde<\/a><\/em><\/p>\n","protected":false},"excerpt":{"rendered":"<p><span style=\"color: #005497;\"><strong>Mauricio Conde Olivares<\/strong><\/span><\/p>\n","protected":false},"author":3,"featured_media":0,"comment_status":"open","ping_status":"open","sticky":false,"template":"","format":"standard","meta":{"_monsterinsights_skip_tracking":false,"_monsterinsights_sitenote_active":false,"_monsterinsights_sitenote_note":"","_monsterinsights_sitenote_category":0,"footnotes":""},"categories":[35889],"tags":[43712,43674,43681,44860],"class_list":["post-576667","post","type-post","status-publish","format-standard","hentry","category-mauricio-conde-olivares","tag-mauricio-conde-olivares","tag-opinion","tag-turismo","tag-hora-14"],"_links":{"self":[{"href":"https:\/\/www.diarioimagen.net\/index.php?rest_route=\/wp\/v2\/posts\/576667","targetHints":{"allow":["GET"]}}],"collection":[{"href":"https:\/\/www.diarioimagen.net\/index.php?rest_route=\/wp\/v2\/posts"}],"about":[{"href":"https:\/\/www.diarioimagen.net\/index.php?rest_route=\/wp\/v2\/types\/post"}],"author":[{"embeddable":true,"href":"https:\/\/www.diarioimagen.net\/index.php?rest_route=\/wp\/v2\/users\/3"}],"replies":[{"embeddable":true,"href":"https:\/\/www.diarioimagen.net\/index.php?rest_route=%2Fwp%2Fv2%2Fcomments&post=576667"}],"version-history":[{"count":0,"href":"https:\/\/www.diarioimagen.net\/index.php?rest_route=\/wp\/v2\/posts\/576667\/revisions"}],"wp:attachment":[{"href":"https:\/\/www.diarioimagen.net\/index.php?rest_route=%2Fwp%2Fv2%2Fmedia&parent=576667"}],"wp:term":[{"taxonomy":"category","embeddable":true,"href":"https:\/\/www.diarioimagen.net\/index.php?rest_route=%2Fwp%2Fv2%2Fcategories&post=576667"},{"taxonomy":"post_tag","embeddable":true,"href":"https:\/\/www.diarioimagen.net\/index.php?rest_route=%2Fwp%2Fv2%2Ftags&post=576667"}],"curies":[{"name":"wp","href":"https:\/\/api.w.org\/{rel}","templated":true}]}}