{"id":576687,"date":"2023-03-08T00:03:48","date_gmt":"2023-03-08T06:03:48","guid":{"rendered":"https:\/\/www.diarioimagen.net\/?p=576687"},"modified":"2023-03-27T01:56:12","modified_gmt":"2023-03-27T07:56:12","slug":"edomex-dividido","status":"publish","type":"post","link":"https:\/\/www.diarioimagen.net\/?p=576687","title":{"rendered":"Edomex, dividido"},"content":{"rendered":"<h2>Espacio Electoral<\/h2>\n<h5>Eleazar Flores<\/h5>\n<p>&nbsp;<\/p>\n<p><strong>SE \u201cENCARECI\u00d3\u201d MC-.<\/strong> Ni que se haya acordado entregar el Edomex a Morena se puede comprobar, como tampoco que MC haya exigido dos secretar\u00edas y cinco grandes municipios. de ganar el PRI la gubernatura el 4 de junio, as\u00ed que nos quedaremos con la especulaci\u00f3n.<\/p>\n<p>Otra certidumbre que sab\u00edan bien es que yendo solos, el partido Movimiento Ciudadano y su candidato Juan Zepeda, ir\u00edan directamente a la derrota ante la aplanadora oficial llamada Morena, que tendr\u00e1 en la entidad a sus cuadros de lujo para arropar a la ex titular de la SEP, la sesentona Delfina G\u00f3mez e incluso ante la cuarentona Alejandra Del Moral, cuya fuerza est\u00e1 en la estructura tricolor terrestre m\u00e1s que en su gastada y rutinaria ret\u00f3rica.<\/p>\n<p>Algo innegable que se nota y aumentar\u00e1 y se reflejar\u00e1 el 4 de junio, es el divisionismo de simpatizantes, y de votos el d\u00eda de la elecci\u00f3n, cuando el orgullo de Nezahualc\u00f3yotl, el rockstar Juan Zepeda, tenga en este momento un\u00a0 diez por ciento de preferencias. \u00c9stas podr\u00edan irse con los guindas o los tricolores. Aqu\u00ed s\u00ed puede influir Juanito.<\/p>\n<p><strong>LENTITUD-.<\/strong> Lo que s\u00ed caus\u00f3 des\u00e1nimo fue la lentitud de la dirigencia estatal priista encabezada por el presidente Eric Sevilla Montes de Oca, quien debi\u00f3 dar un pronunciamiento el mismo lunes al mediod\u00eda, tan pronto se conoci\u00f3 la decisi\u00f3n de MC de no participar en las elecciones mexiquenses y mejor fue su vilipendiado presidente nacional, Alejandro Moreno, quien critic\u00f3 a las huestes del jarocho Dante Delgado Ranauro.<\/p>\n<p>Esta es la \u201crapidez\u201d con la que act\u00faa la dirigencia tricolor mexiquense, ante su reto m\u00e1s dif\u00edcil.<\/p>\n<p><strong>RETO-.<\/strong>Otro dato comprobable es el reto p\u00fablico que Alejandra Del Moral, de PRI-PAN-PRD-Panal, lanz\u00f3 a su adversaria Delfina G\u00f3mez, abanderada por Morena-PT-PVEM, para participar en CINCO DEBATES y abordar temas que interesan a la poblaci\u00f3n como seguridad, econom\u00eda y empleo, transporte y movilidad, salud, educaci\u00f3n y desarrollo social.<\/p>\n<p>Dando cr\u00e9dito a quienes las conocen, aseguran que del desenvolvimiento de ambas en dichos debates \u2014cuando menos dos obligatorios que ha sugerido el Instituto Electoral del Estado de M\u00e9xico, IEEM\u2014, depender\u00e1 subir o bajar en las encuestas que contra lo que se diga, solamente hay diez puntos reales de diferencia a favor de la candidata de Morena.<\/p>\n<p><strong>EFICIENCIA POLICIACA-.<\/strong> Bien por el \u201cr\u00e1pido\u201d esclarecimiento de asesinatos en Matamoros, donde estuvieron involucradas cuatro personas estadounidenses.\u00a0 Ni tan r\u00e1pido, pues noticieros televisivos lo transmitieron detalladamente el VIERNES 3, como lo hizo Ciro G\u00f3mez Leyva.<\/p>\n<p>Menos rapidez hay en la b\u00fasqueda de DOS MARINOS MEXICANOS \u2014\u00bfser\u00e1 por esto?\u2014, cuyos familiares llevan un a\u00f1o preguntando y como no son Ken Salazar, el pregonero ma\u00f1anero de Palacio Nacional no los recibi\u00f3 el lunes.<\/p>\n<p><em><a href=\"mailto:elefa44@gmail.com\" target=\"_blank\" rel=\"noopener noreferrer\">elefa44@gmail.com<\/a><\/em><\/p>\n","protected":false},"excerpt":{"rendered":"<p><span style=\"color: #005497;\"><strong>Eleazar Flores<\/strong><\/span><\/p>\n","protected":false},"author":3,"featured_media":0,"comment_status":"open","ping_status":"open","sticky":false,"template":"","format":"standard","meta":{"_monsterinsights_skip_tracking":false,"_monsterinsights_sitenote_active":false,"_monsterinsights_sitenote_note":"","_monsterinsights_sitenote_category":0,"footnotes":""},"categories":[81743],"tags":[81744,81776,43674],"class_list":["post-576687","post","type-post","status-publish","format-standard","hentry","category-eleazar-flores","tag-eleazar-flores","tag-espacio-electoral","tag-opinion"],"_links":{"self":[{"href":"https:\/\/www.diarioimagen.net\/index.php?rest_route=\/wp\/v2\/posts\/576687","targetHints":{"allow":["GET"]}}],"collection":[{"href":"https:\/\/www.diarioimagen.net\/index.php?rest_route=\/wp\/v2\/posts"}],"about":[{"href":"https:\/\/www.diarioimagen.net\/index.php?rest_route=\/wp\/v2\/types\/post"}],"author":[{"embeddable":true,"href":"https:\/\/www.diarioimagen.net\/index.php?rest_route=\/wp\/v2\/users\/3"}],"replies":[{"embeddable":true,"href":"https:\/\/www.diarioimagen.net\/index.php?rest_route=%2Fwp%2Fv2%2Fcomments&post=576687"}],"version-history":[{"count":0,"href":"https:\/\/www.diarioimagen.net\/index.php?rest_route=\/wp\/v2\/posts\/576687\/revisions"}],"wp:attachment":[{"href":"https:\/\/www.diarioimagen.net\/index.php?rest_route=%2Fwp%2Fv2%2Fmedia&parent=576687"}],"wp:term":[{"taxonomy":"category","embeddable":true,"href":"https:\/\/www.diarioimagen.net\/index.php?rest_route=%2Fwp%2Fv2%2Fcategories&post=576687"},{"taxonomy":"post_tag","embeddable":true,"href":"https:\/\/www.diarioimagen.net\/index.php?rest_route=%2Fwp%2Fv2%2Ftags&post=576687"}],"curies":[{"name":"wp","href":"https:\/\/api.w.org\/{rel}","templated":true}]}}