{"id":576709,"date":"2023-03-08T00:01:16","date_gmt":"2023-03-08T06:01:16","guid":{"rendered":"https:\/\/www.diarioimagen.net\/?p=576709"},"modified":"2023-03-08T01:43:01","modified_gmt":"2023-03-08T07:43:01","slug":"dan-a-conocer-los-detalles-de-la-47-version-del-tianguis-turistico-en-la-ciudad-de-mexico","status":"publish","type":"post","link":"https:\/\/www.diarioimagen.net\/?p=576709","title":{"rendered":"Dan a conocer los detalles de la 47 versi\u00f3n del Tianguis Tur\u00edstico en la CDMX"},"content":{"rendered":"<h2>De cinco estrellas<\/h2>\n<h5>Victoria Gonz\u00e1lez Prado<\/h5>\n<p>&nbsp;<\/p>\n<ul>\n<li><strong><em>Marjan Rintel, CEO de KLM nombra a Zita Schellekens, como SVP de Sostenibilidad y Estrategia para la compa\u00f1\u00eda a\u00e9rea<\/em><\/strong><\/li>\n<\/ul>\n<p>&nbsp;<\/p>\n<div id=\"attachment_576753\" style=\"width: 470px\" class=\"wp-caption aligncenter\"><a href=\"https:\/\/www.diarioimagen.net\/?attachment_id=576753\" rel=\"attachment wp-att-576753\"><img loading=\"lazy\" decoding=\"async\" aria-describedby=\"caption-attachment-576753\" class=\"size-full wp-image-576753\" src=\"https:\/\/www.diarioimagen.net\/wp-content\/uploads\/2023\/03\/turismo-3.jpg\" alt=\"\" width=\"460\" height=\"270\" \/><\/a><p id=\"caption-attachment-576753\" class=\"wp-caption-text\">Silvina Garcia Fillol, Nathalie Desplas, Miguel Torruco, Judith Guerra y Cristian Leslie Garc\u00eda Romero.<\/p><\/div>\n<p>&nbsp;<\/p>\n<p><strong>Miguel Torruco Marqu\u00e9s<\/strong>, secretario de turismo federal; <strong>Nathalie Desplas<\/strong>, secretaria de turismo de la Ciudad de M\u00e9xico y <strong>Judith Guerra<\/strong>, presidente de la Asociaci\u00f3n de Agencias de Viajes y Empresas Tur\u00edsticas (GMA) dieron a conocer los detalles de la 47 edici\u00f3n del Tianguis Tur\u00edstico M\u00e9xico 2023 que se llevar\u00e1 a cabo, por primera vez, en la Ciudad de M\u00e9xico del 26 al 29 de marzo en el Centro Citibanamex.<\/p>\n<p>Al hacer uso de la palabra <strong>Judith Guerra<\/strong>, tambi\u00e9n directora general de <em>Consolid M\u00e9xico <\/em>\u2014patrocinador de la reuni\u00f3n\u2014 asegur\u00f3: \u201ceste es el momento de la gran industria tur\u00edstica, para agentes de viajes, tour-operadorer, hoteleros, transportadoras y todos los actores del turismo. \u201cEs el momento de M\u00e9xico para superar todos los r\u00e9cords en derrama econ\u00f3mica, gasto e inversi\u00f3n\u201d.<\/p>\n<p>Ante los presidentes y representantes de las principales c\u00e1maras y asociaciones del sector tur\u00edstico e integranes de GMA, <strong>Judith<\/strong>, destac\u00f3 el abanico de destinos tur\u00edsticos con los que cuenta el pa\u00eds, y el gran trabajo en conjunto con las secretar\u00edas de turismo, tanto federal como de la CDMX, para implementar nuevas rutas, circuitos, atractivos tur\u00edsticos, productos ancla y experiencias que se convierten en oportunidad de crecimiento\u201d.<\/p>\n<p>Asegur\u00f3 que GMA, est\u00e1 trabajando a la par con la Secretar\u00eda de Turismo en la convocatoria y selecci\u00f3n de los compradores internacionales que estar\u00e1n asistiendo al Tianguis y agradeci\u00f3 a los secretarios de Turismo y a todos los que integran la cadena de valor, su gran esfuerzo.<\/p>\n<p>Cabe destacar que GMA est\u00e1 a cargo del dise\u00f1o del programa para los compradores internacionales as\u00ed como los lineamientos y selecci\u00f3n de los mismos, con el fin de atraer de manera tangible y real m\u00e1s turistas a M\u00e9xico, por lo que se est\u00e1 haciendo clasificaci\u00f3n de los visitantes internacionales con sus respectivas citas de negocios. A unas semanas del inicio del Tianguis se tienen preparados, antes y despu\u00e9s, para los compradores internacionales, viajes de familiarizaci\u00f3n.<\/p>\n<p>En la reuni\u00f3n tambi\u00e9n estuvieron presentes <strong>Humberto Hern\u00e1ndez Haddad<\/strong>, subsecretario de Turismo; <strong>Emmanuel Rey<\/strong>, director general de Promoci\u00f3n y Asuntos Internacionales de la Sectur; <strong>Cristian Leslie Garc\u00eda Romero<\/strong>, directora de Fondo Mixto de Turismo de la CDMX y, <strong>Silvina Garcia Fillol<\/strong>, <em>country manager<\/em> de <em>Universal Assistance, <\/em>tambi\u00e9n patrocinadora del evento.<\/p>\n<p>En su oportunidad, <strong>Nathalie Desplas<\/strong>, destac\u00f3 el importante papel del sector tur\u00edstico en la capital del pa\u00eds al representar 9.1 por ciento del total del PIB de la Ciudad de M\u00e9xico y 18.74 por ciento del PIB tur\u00edstico del pa\u00eds.<\/p>\n<p>Al referirse a las innovaciones de la 47 versi\u00f3n del Tianguis dijo que contar\u00e1 con el pabell\u00f3n m\u00e1s grande que ha tenido una ciudad sede. Festival Tur\u00edstico en el Paseo de la Reforma, del \u00c1ngel de la Independencia a la glorieta de la Diana. Escenario para activaciones de los estados en el Bosque de Chapultepec. Iluminaci\u00f3n de edificios ic\u00f3nicos de la CDMX con colores del Tianguis Tur\u00edstico. Jornadas acad\u00e9micas y cursos de capacitaci\u00f3n.<\/p>\n<p>Reconoci\u00f3 el trabajo conjunto entre la Secretar\u00eda de Turismo federal y la Secretar\u00eda de Turismo de la Ciudad de M\u00e9xico, para que la capital del pa\u00eds, \u201cla ciudad que lo tiene todo\u201d se convierta en referente internacional, donde sus habitantes, expositores, turistas y compradores nacionales e internacionales, demuestren, una vez m\u00e1s, que es la ciudad de moda, no s\u00f3lo de ahora, tambi\u00e9n del ma\u00f1ana y a la altura de las capitales m\u00e1s importantes del mundo.<\/p>\n<p>Por su parte, <strong>Miguel Torruco<\/strong>, hizo un recuento de los Tianguis Tur\u00edsticos y record\u00f3 que luego de 36 ediciones en el puerto de Acapulco en el 2012 el Tianguis Tur\u00edstico\u00a0 se volvi\u00f3 itinerante.<\/p>\n<p>Asegur\u00f3 que a unas semanas del Tianguis Tur\u00edstico<em>,<\/em> ya se registra una cifra r\u00e9cord con mil 301 compradores, de 965 empresas y asegur\u00f3 que despu\u00e9s de 36 a\u00f1os sin conectividad, por primera vez habr\u00e1 un pabell\u00f3n del Mundo Maya \u2014producto tur\u00edstico multidestino\u2014 con la presencia de Belice, El Salvador, Guatemala, Honduras y M\u00e9xico y la aerol\u00ednea que conecta al Mundo Maya y otro para el Tren Maya.<\/p>\n<p>Tambi\u00e9n pabellones de l\u00edneas a\u00e9reas que conectan a M\u00e9xico con el mundo, de artesan\u00edas y el gastron\u00f3mico con la riqueza culinaria de todo el pa\u00eds.<\/p>\n<p>El Tianguis Tur\u00edstico M\u00e9xico 2023 Ciudad de M\u00e9xico, se\u00f1al\u00f3, ser\u00e1 el tercero con car\u00e1cter inclusivo, por lo que luego del corte del list\u00f3n, habr\u00e1 el \u201cdesfile de inclusi\u00f3n\u201d, con la participaci\u00f3n de personas con discapacidad, \u201cporque en este gobierno nadie queda fuera\u201d, resalt\u00f3 <strong>Torruco Marqu\u00e9s<\/strong>.<\/p>\n<p>Como parte del programa acad\u00e9mico se dictar\u00e1n dos conferencias magistrales con <strong>Rosario Mar\u00edn<\/strong>, quien fue primera mujer de origen mexicano en ocupar el cargo de tesorero en Estados Unidos. Tambi\u00e9n, <strong>Carlos Slim Domit<\/strong>, presidente del Consejo de Administraci\u00f3n de Telmex.<\/p>\n<p>Se impartir\u00e1n \u2014indic\u00f3\u2014 m\u00e1s de 30 seminarios virtuales, paneles, conferencias, talleres, foros, con diversas tem\u00e1ticas; encuentro con estudiantes. Pabell\u00f3n del espacio \u201cPunto M\u00e9xico\u201d para exposici\u00f3n de artesanos y otro de la Ciudadela.<\/p>\n<p>Antes de concluir, <strong>Torruco Marqu\u00e9s<\/strong>, dijo que el Tianguis Tur\u00edstico ser\u00e1 inaugurado el 26 de marzo por <strong>Andr\u00e9s Manuel L\u00f3pez Obrador<\/strong>, presidente de M\u00e9xico, y el d\u00eda 28 ser\u00e1 el \u201cPase de estafeta\u201d con la asistencia de <strong>Evelyn Salgado Pineda<\/strong>, gobernadora de Guerrero<\/p>\n<p>Por \u00faltimo, el secretario de Turismo federal invit\u00f3 a toda la familia tur\u00edstica, a ser parte de la historia del Tianguis Tur\u00edstico de nuestro pa\u00eds en su 47 edici\u00f3n, que, asegur\u00f3, demostrar\u00e1 que \u201ccuando hay uni\u00f3n con los prestadores de servicios tur\u00edsticos y todos los que forman parte de la gran familia tur\u00edstica, las cosas salen bien\u201d.<\/p>\n<p>\u201cLa 47 edici\u00f3n del Tianguis Tur\u00edstico marcar\u00e1 un hito en la historia de todas las ediciones, demostrando el poder\u00edo de la capital de la Rep\u00fablica, de los prestadores de servicios, agentes de viajes, tour-operadores, hoteleros, de los gu\u00edas de turistas, artesanos, y de todos lo que forman parte de la gran familia tur\u00edstica\u201d, coment\u00f3.<\/p>\n<p>\u2730\u2730\u2730\u2730\u2730 <strong>Marjan Rintel<\/strong>, CEO de KLM nombr\u00f3 a <strong>Zita Schellekens<\/strong>, como SVP de Sostenibilidad y Estrategia de KLM. Es un nuevo puesto en el Comite\u0301 Ejecutivo de la compa\u00f1\u00eda a\u00e9rea. Anteriormente, <strong>Zita <\/strong>paso\u0301 dos an\u0303os y medio como directora de Sostenibilidad en DSM, tiermpo en el que unio\u0301 fuerzas con el ex CEO de DSM <strong>Feike Sijbesma<\/strong> para invertir en <em>start-ups<\/em> innovadoras y sostenibles. Es miembro del Consejo Asesor de Sostenibilidad del Grupo <em>Royal Schiphol<\/em> y fue directora de Asuntos Corporativos en <em>Heineken<\/em>.<\/p>\n<p>El CEO de la aerol\u00ednea asegur\u00f3: \u201clos holandeses quieren seguir volando y vemos que los viajes aumentan en todo el mundo. KLM quiere que sea posible de forma responsable, porque so\u0301lo asi\u0301 podremos llevar a la compa\u00f1\u00eda a\u00e9rea con seguridad hacia el futuro. Invertimos en un buen producto para los clientes, hacemos uso inteligente de la tecnologi\u0301a y establecemos ambiciosos objetivos de sostenibilidad. El empuje y la decisio\u0301n de <strong>Zita<\/strong> y su amplia experiencia la convierten en la candidata ideal para liderar la mejora de la sostenibilidad en la l\u00ednea a\u00e9rea. Ya i\u0301bamos por el buen camino y estoy deseando ver lo que conseguiremos juntos en el futuro\u201d.<\/p>\n<p>En su nuevo cargo, <strong>Schellekens <\/strong>es responsable de los equipos de Transformacio\u0301n y Sostenibilidad, creados para acelerar los esfuerzos de sostenibilidad de la empresa y depender\u00e1 directamente de <strong>Marjan Rintel<\/strong>.<\/p>\n<p><strong>Zita Schellekens<\/strong> se comprometi\u00f3 a la transformaci\u00f3n sostenible de KLM. \u201cEs una misio\u0301n enorme, desafiante y absolutamente necesaria. En mi nuevo puesto convergen estrategia, transformacio\u0301n y sostenibilidad. Eso significa centrarse en acelerar la transicio\u0301n hacia la sostenibilidad, aprovechar todas las soluciones innovadoras disponibles y establecer asociaciones pu\u0301blico-privadas inteligentes. Estoy convencida de que mi nuevo cargo me permitira\u0301 contribuir de forma significativa a la consecucio\u0301n de las ambiciones de KLM y a ayudar al sector a experimentar el cambio necesario\u201d.<\/p>\n<p>&nbsp;<\/p>\n<blockquote>\n<p style=\"text-align: right;\">\u201c<strong>El<\/strong> <strong>\u00e1ngel de la fama tiene sus alas hechas de papel&#8230; peri\u00f3dico\u201d.<br \/>\n<\/strong><\/p>\n<\/blockquote>\n<p>&nbsp;<\/p>\n<p><em><span class=\"Apple-converted-space\"><a href=\"mailto:victoriagprado@gmail.com\" target=\"_blank\" rel=\"noopener noreferrer\">victoriagprado@gmail.com<\/a><br \/>\nTwitter: <a href=\"https:\/\/twitter.com\/victoriagprado\" target=\"_blank\" rel=\"noopener noreferrer\">@victoriagprado<\/a><\/span><\/em><\/p>\n","protected":false},"excerpt":{"rendered":"<p><strong>Miguel Torruco Marqu\u00e9s<\/strong>, secretario de turismo federal; <strong>Nathalie Desplas<\/strong>, secretaria de turismo de la Ciudad de M\u00e9xico y <strong>Judith Guerra<\/strong>, presidente de la Asociaci\u00f3n de Agencias de Viajes y Empresas Tur\u00edsticas (GMA) dieron a conocer los detalles de la 47 edici\u00f3n del Tianguis Tur\u00edstico M\u00e9xico 2023 que se llevar\u00e1 a cabo, por primera vez, en la Ciudad de M\u00e9xico del 26 al 29 de marzo en el Centro Citibanamex.<\/p>\n","protected":false},"author":3,"featured_media":576753,"comment_status":"open","ping_status":"open","sticky":false,"template":"","format":"standard","meta":{"_monsterinsights_skip_tracking":false,"_monsterinsights_sitenote_active":false,"_monsterinsights_sitenote_note":"","_monsterinsights_sitenote_category":0,"footnotes":""},"categories":[11],"tags":[107,43674,43681,106],"class_list":["post-576709","post","type-post","status-publish","format-standard","has-post-thumbnail","hentry","category-turismo","tag-de-cinco-estrellas","tag-opinion","tag-turismo","tag-victoria-gonzalez-prado"],"_links":{"self":[{"href":"https:\/\/www.diarioimagen.net\/index.php?rest_route=\/wp\/v2\/posts\/576709","targetHints":{"allow":["GET"]}}],"collection":[{"href":"https:\/\/www.diarioimagen.net\/index.php?rest_route=\/wp\/v2\/posts"}],"about":[{"href":"https:\/\/www.diarioimagen.net\/index.php?rest_route=\/wp\/v2\/types\/post"}],"author":[{"embeddable":true,"href":"https:\/\/www.diarioimagen.net\/index.php?rest_route=\/wp\/v2\/users\/3"}],"replies":[{"embeddable":true,"href":"https:\/\/www.diarioimagen.net\/index.php?rest_route=%2Fwp%2Fv2%2Fcomments&post=576709"}],"version-history":[{"count":0,"href":"https:\/\/www.diarioimagen.net\/index.php?rest_route=\/wp\/v2\/posts\/576709\/revisions"}],"wp:featuredmedia":[{"embeddable":true,"href":"https:\/\/www.diarioimagen.net\/index.php?rest_route=\/wp\/v2\/media\/576753"}],"wp:attachment":[{"href":"https:\/\/www.diarioimagen.net\/index.php?rest_route=%2Fwp%2Fv2%2Fmedia&parent=576709"}],"wp:term":[{"taxonomy":"category","embeddable":true,"href":"https:\/\/www.diarioimagen.net\/index.php?rest_route=%2Fwp%2Fv2%2Fcategories&post=576709"},{"taxonomy":"post_tag","embeddable":true,"href":"https:\/\/www.diarioimagen.net\/index.php?rest_route=%2Fwp%2Fv2%2Ftags&post=576709"}],"curies":[{"name":"wp","href":"https:\/\/api.w.org\/{rel}","templated":true}]}}