{"id":576812,"date":"2023-03-09T00:02:35","date_gmt":"2023-03-09T06:02:35","guid":{"rendered":"https:\/\/www.diarioimagen.net\/?p=576812"},"modified":"2023-03-13T01:12:56","modified_gmt":"2023-03-13T07:12:56","slug":"disminuira-el-abasto-de-agua-potable-para-el-valle-de-mexico-de-marzo-a-mayo","status":"publish","type":"post","link":"https:\/\/www.diarioimagen.net\/?p=576812","title":{"rendered":"Disminuir\u00e1 el abasto de agua potable para el Valle de M\u00e9xico, de marzo a mayo"},"content":{"rendered":"<p><strong>\u00a0<\/strong><\/p>\n<h3 style=\"text-align: center;\">Sistema Cutzamala, en \u201ccondiciones cr\u00edticas\u201d<\/h3>\n<p>&nbsp;<\/p>\n<ul>\n<li><strong><em>Se reportan niveles de almacenamiento del l\u00edquido inferiores a los tres a\u00f1os anteriores<\/em><\/strong><\/li>\n<\/ul>\n<p>&nbsp;<\/p>\n<div id=\"attachment_576878\" style=\"width: 470px\" class=\"wp-caption aligncenter\"><a href=\"https:\/\/www.diarioimagen.net\/?attachment_id=576878\" rel=\"attachment wp-att-576878\"><img loading=\"lazy\" decoding=\"async\" aria-describedby=\"caption-attachment-576878\" class=\"size-full wp-image-576878\" src=\"https:\/\/www.diarioimagen.net\/wp-content\/uploads\/2023\/03\/agua.jpg\" alt=\"\" width=\"460\" height=\"270\" \/><\/a><p id=\"caption-attachment-576878\" class=\"wp-caption-text\">La Ciudad de M\u00e9xico sufrir\u00e1 una fuerte sequ\u00eda en los pr\u00f3ximos tres meses, en la que se estima 24% menos de agua potable.<\/p><\/div>\n<p>&nbsp;<\/p>\n<p>Durante los meses de marzo, abril y mayo, la Ciudad de M\u00e9xico sufrir\u00e1 de una fuerte sequ\u00eda en la que se estima 24% menos de agua potable y se prev\u00e9n condiciones cr\u00edticas para el Sistema Cutzamala.<\/p>\n<p>La Zona Metropolitana del Valle de M\u00e9xico va a vivir una sequ\u00eda prolongada que se suma a la sequ\u00eda del 2020, 2021 y 2022, pues a los 2.5 metros c\u00fabicos por minuto que ya se hab\u00eda reducido para 2022, este a\u00f1o se sumar\u00e1 una reducci\u00f3n de 1 metro c\u00fabico por segundo.<\/p>\n<p>\u201cLas presas del Cutzamala se encuentran a la mitad de lo que tendr\u00eda que haber y desde ahora ya se reportan niveles de almacenamiento inferiores a los a\u00f1os anteriores\u201d, inform\u00f3 este martes la jefa de Gobierno de la Ciudad de M\u00e9xico, Claudia Sheinbaum.<\/p>\n<p>\u201cLa Ciudad de M\u00e9xico recibi\u00f3 en el 2019, 10.5 metros c\u00fabicos por segundo durante el periodo de sequ\u00eda, ahora vamos a estar recibiendo 8 metros c\u00fabicos por segundo, eso significa 2.5 metros c\u00fabicos por segundo menos, que es alrededor del 24% menos de lo que se recibi\u00f3 en 2019, pero este a\u00f1o vamos a estar recibiendo 1 metro c\u00fabico por segundo menos de lo que recibimos en 2022 que de por s\u00ed fue un periodo dif\u00edcil\u201d, detall\u00f3.<\/p>\n<p>El director de la Comisi\u00f3n Nacional del Agua (Conagua), Germ\u00e1n Mart\u00ednez Santoyo, indic\u00f3 que lo que est\u00e1 provocando la gran sequ\u00eda en el norte y centro del pa\u00eds es ocasionado por el fen\u00f3meno clim\u00e1tico \u201cLa ni\u00f1a\u201d, donde hay un enfriamiento an\u00f3malo en Oc\u00e9ano Pac\u00edfico, lo cual genera cambios en c\u00f3mo se mueven las masas de aire, y eso va afectando de manera diferente cada parte del planeta, favoreciendo la formaci\u00f3n de altas lluvias en algunas \u00e1reas o sequ\u00edas extremas en otras.<\/p>\n<p>Las alcald\u00edas m\u00e1s afectadas por su lejan\u00eda son Venustiano Carranza, Iztacalco e Iztapalapa, as\u00ed como Tlalpan. Solo a Milpa Alta, Tl\u00e1huac, Xochimilco y Gustavo A. Madero no los abastece el Cutzamala.<\/p>\n<p>Mart\u00ednez Santoyo dijo que la CDMX, el Edomex y Michoac\u00e1n trabajan en conjunto para enfrentar la sequ\u00eda que atraviesa el pa\u00eds, por lo que alistan un plan basado en tres ejes: Perforaci\u00f3n de pozos, ampliaci\u00f3n de la planta Mad\u00edn II y tecnificaci\u00f3n de la zona de riego.<\/p>\n<p>Ante la dif\u00edcil situaci\u00f3n, Sheinbaum adelant\u00f3 que se instalar\u00e1 un gabinete del agua permanente con Conagua y el Estado de M\u00e9xico y CFE, adem\u00e1s, habr\u00e1 una convocatoria con el sector industrial para revisar si pueden aportar m\u00e1s agua de los pozos industriales. Para combatir la sequ\u00eda, estar\u00e1n disponibles 77 fuentes para llenar pipas gratis. A los ciudadanos se les recomienda no utilizar el agua potable para regar los jardines o lavar veh\u00edculos, ba\u00f1arse lo m\u00e1s r\u00e1pido posible, entre otras medidas.<\/p>\n<p>La jefa de Gobierno de la CDMX inform\u00f3 que se realizar\u00e1 una campa\u00f1a de concientizaci\u00f3n sobre el cuidado del agua porque \u201cvamos a vivir tres meses dif\u00edciles\u201d.<\/p>\n","protected":false},"excerpt":{"rendered":"<p>Durante los meses de marzo, abril y mayo, la Ciudad de M\u00e9xico sufrir\u00e1 de una fuerte sequ\u00eda en la que se estima 24% menos de agua potable y se prev\u00e9n condiciones cr\u00edticas para el Sistema Cutzamala.<\/p>\n","protected":false},"author":3,"featured_media":576878,"comment_status":"open","ping_status":"open","sticky":false,"template":"","format":"standard","meta":{"_monsterinsights_skip_tracking":false,"_monsterinsights_sitenote_active":false,"_monsterinsights_sitenote_note":"","_monsterinsights_sitenote_category":0,"footnotes":""},"categories":[6],"tags":[18256,2524,34],"class_list":["post-576812","post","type-post","status-publish","format-standard","has-post-thumbnail","hentry","category-cd-de-mexico","tag-sequia","tag-sistema-cutzamala","tag-valle-de-mexico"],"_links":{"self":[{"href":"https:\/\/www.diarioimagen.net\/index.php?rest_route=\/wp\/v2\/posts\/576812","targetHints":{"allow":["GET"]}}],"collection":[{"href":"https:\/\/www.diarioimagen.net\/index.php?rest_route=\/wp\/v2\/posts"}],"about":[{"href":"https:\/\/www.diarioimagen.net\/index.php?rest_route=\/wp\/v2\/types\/post"}],"author":[{"embeddable":true,"href":"https:\/\/www.diarioimagen.net\/index.php?rest_route=\/wp\/v2\/users\/3"}],"replies":[{"embeddable":true,"href":"https:\/\/www.diarioimagen.net\/index.php?rest_route=%2Fwp%2Fv2%2Fcomments&post=576812"}],"version-history":[{"count":0,"href":"https:\/\/www.diarioimagen.net\/index.php?rest_route=\/wp\/v2\/posts\/576812\/revisions"}],"wp:featuredmedia":[{"embeddable":true,"href":"https:\/\/www.diarioimagen.net\/index.php?rest_route=\/wp\/v2\/media\/576878"}],"wp:attachment":[{"href":"https:\/\/www.diarioimagen.net\/index.php?rest_route=%2Fwp%2Fv2%2Fmedia&parent=576812"}],"wp:term":[{"taxonomy":"category","embeddable":true,"href":"https:\/\/www.diarioimagen.net\/index.php?rest_route=%2Fwp%2Fv2%2Fcategories&post=576812"},{"taxonomy":"post_tag","embeddable":true,"href":"https:\/\/www.diarioimagen.net\/index.php?rest_route=%2Fwp%2Fv2%2Ftags&post=576812"}],"curies":[{"name":"wp","href":"https:\/\/api.w.org\/{rel}","templated":true}]}}