{"id":576954,"date":"2023-03-09T00:07:26","date_gmt":"2023-03-09T06:07:26","guid":{"rendered":"https:\/\/www.diarioimagen.net\/?p=576954"},"modified":"2023-03-09T02:58:15","modified_gmt":"2023-03-09T08:58:15","slug":"no-se-vislumbra-ningun-cambio-para-ofrecer-mas-seguridad-a-mujeres","status":"publish","type":"post","link":"https:\/\/www.diarioimagen.net\/?p=576954","title":{"rendered":"No se vislumbra ning\u00fan cambio para ofrecer m\u00e1s seguridad a mujeres"},"content":{"rendered":"<h2>Clase Pol\u00edtica<\/h2>\n<h5>Miguel \u00c1ngel Rivera<\/h5>\n<p><strong>\u00a0<\/strong><\/p>\n<p>Con muy mal pron\u00f3stico empez\u00f3 en nuestro pa\u00eds el D\u00eda Internacional de la Mujer, pues de acuerdo con una encuesta, dos de cada tres mujeres, el 63% del total, se sienten inseguras y lo peor es que no hay se\u00f1ales desde el Ejecutivo, el responsable de ofrecer seguridad, de que la situaci\u00f3n vaya a mejorar a corto plazo.<\/p>\n<p>La encuesta a la cual hacemos referencia la realiz\u00f3 la casa especializada Poligrama entre el 5 y 6 de marzo a mil mujeres mayores de 15 a\u00f1os a nivel nacional v\u00eda telef\u00f3nica, con un nivel de confianza del 95% y un margen de error del 3.1%.<\/p>\n<p>Adem\u00e1s del elevado porcentaje de mujeres que se sienten inseguras, el sondeo puso de manifiesto que menos de la mitad de ellas considera tener las mismas oportunidades que los hombres.<\/p>\n<p>El lugar en el que las mexicanas perciben mayor inseguridad es en la calle, con 38% del total que lo considera as\u00ed, seguida por el transporte p\u00fablico, con 32; otro 9 por ciento indic\u00f3 que en el trabajo; 4% en la casa; 2% en la escuela y el resto (15%) en otros lugares no especificados.<\/p>\n<p>En cuanto a las condiciones de trabajo, el sondeo revel\u00f3 que s\u00f3lo el 48 % de las encuestadas piensa que \u201cen M\u00e9xico las mujeres tienen las mismas oportunidades que los hombres para acceder a un empleo\u201d. Por otra parte, el 47 % coincide que en los \u00faltimos tres a\u00f1os han \u201cmejorado\u201d las oportunidades de empleo para las mujeres, mientras que 41 % piensa que \u201csiguen igual\u201d y un 12 % que han \u201cempeorado\u201d.<\/p>\n<p>En materia electoral, el 81 % de las entrevistadas opina que \u201cM\u00e9xico est\u00e1 listo para ser gobernado por una mujer\u201d, mientras el restante 19 por ciento respondi\u00f3 que \u201ctodav\u00eda no\u201d. Adem\u00e1s, el estudio pone de relieve que el 62% cree que \u201clas mujeres tienen las mismas oportunidades que los hombres para acceder a puestos de gobierno como alcaldesas, diputadas y gobernadoras\u201d.<\/p>\n<p>Por cierto, Poligrama realiz\u00f3 otro estudio para medir la confianza que los mexicanos tenemos en las encuestas y descubri\u00f3 que s\u00f3lo poco m\u00e1s de la tercera parte de la poblaci\u00f3n (35.56%) considera que estos estudios reflejan la opini\u00f3n de los ciudadanos y el resto, 69.44% respondi\u00f3 que no.<\/p>\n<p>En cuanto a la posibilidad de que las encuestas ayuden a que los pol\u00edticos atiendan las demandas de los ciudadanos, menos de la mitad 48.30% dijo que s\u00ed, mientras que la mayor\u00eda opin\u00f3 lo contrario.<\/p>\n<p style=\"text-align: center;\"><strong>A L\u00f3pez Obrador lo que le interesa es<br \/>\nque no haya violencia en las marchas<\/strong><\/p>\n<p>Tal vez porque no conoce las referidas encuestas, pero el hecho es que el presidente Andr\u00e9s Manuel L\u00f3pez Obrador pareci\u00f3 confirmar que a su gobierno no le preocupa tanto la inseguridad que sienten las mujeres \u2014justificada por los miles de feminicidios ocurridos en los \u00faltimos cuatro a\u00f1os\u2014 sino \u00fanicamente condenar las marchas de protesta, por considerar que van contra la llamada Cuarta Transformaci\u00f3n.<\/p>\n<p>Las manifestaciones del 8M son utilizadas para atacar al gobierno de M\u00e9xico, manifest\u00f3 L\u00f3pez Obrador ayer en su conferencia ma\u00f1anera. Sostuvo que sus adversarios son capaces de todo, y por eso se instal\u00f3 una valla met\u00e1lica para proteger el Palacio Nacional.<\/p>\n<p>\u201cTodo por enfrentar a nuestro gobierno y tratar de frenar la transformaci\u00f3n del pa\u00eds. \u00bfPor qu\u00e9 se pone la reja? Pues porque ellos son muy violentos. La derecha siempre ha sido muy autoritaria y muy violenta, adem\u00e1s son especialistas en tirar la piedra y esconder la mano. Son capaces de infiltrar en las manifestaciones a v\u00e1ndalos.<\/p>\n<p>\u201cImag\u00ednense quienes quisieran destruir el Palacio; lo toman para que haya nota nacional e internacional\u201d, a\u00f1adi\u00f3 L\u00f3pez Obrador.<\/p>\n<p>El mandatario admiti\u00f3 que en las manifestaciones \u201cparticipan mujeres con convicci\u00f3n, con principios, que se manifiestan de manera pac\u00edfica, pero vienen algunas mujeres que traen sopletes, que traen martillos, marros, que traen bombas molotov, que destruyen todo por donde van pasando.<\/p>\n<p>\u201cImag\u00ednense si logran quemar el Palacio; las fotos y las im\u00e1genes del Palacio en llamas. Logran su prop\u00f3sito de que ya nadie hable del narco-Estado, de la derecha y el conservadurismo y que se deje de hablar que durante 12 a\u00f1os la seguridad en M\u00e9xico estaba en manos de Garc\u00eda Luna, quien ten\u00eda tratos con la delincuencia, dijo L\u00f3pez Obrador.<\/p>\n<p>\u201cSe dejar\u00eda de hablar de que esos gobiernos, con Garc\u00eda Luna, contaron con el apoyo de las agencias de Estados Unidos, entonces mejor vamos a cuidar el Palacio\u201d.<\/p>\n<p>En efecto, los grupos violentos han aparecido en marchas anteriores, pero igualmente es cierto que la polic\u00eda capitalina ha detenido a algunas y algunos de los que se hacen llamar \u201canarquistas\u201d, pero ninguno ha sido encarcelado para responder por los da\u00f1os causados, que incluyen lesiones a agentes de seguridad.<\/p>\n<p>Tambi\u00e9n hay registro de esos grupos violentos, pero las autoridades no proceden en contra de ellos porque en los medios oficiales se confunde aplicar la ley con represi\u00f3n.<\/p>\n<p>En lo personal no soy partidario de comparar a nuestros gobiernos con los de otras naciones, pero en este caso, como el Presidente de M\u00e9xico gusta de presentarse como una figura de dimensi\u00f3n mundial y en particular aspira a ser l\u00edder de Am\u00e9rica Latina, para lo cual tiene como potencial competidor al brasile\u00f1o Luiz In\u00e1cio Lula da Silva, es conveniente tener en cuenta la actitud del mandatario sudamericano respecto a los movimientos feministas.<\/p>\n<p>Lula pidi\u00f3 este mi\u00e9rcoles conmemorar el D\u00eda Internacional de la Mujer \u201ccon respeto\u201d para acabar con la \u201cintolerable\u201d violencia machista y cambiar el actual sistema de \u201cprivilegios de los hombres\u201d.<\/p>\n<p>\u201cHubo un tiempo en que el 8 de marzo era conmemorado con la distribuci\u00f3n de flores para las mujeres, mientras los otros 364 d\u00edas del a\u00f1o eran marcados por la discriminaci\u00f3n, el machismo y la violencia. Hoy estamos conmemorando el 8 de marzo con el respeto que las mujeres exigen\u201d, dijo el mandatario en un acto en Brasilia.<\/p>\n<p>Pero el presidente de Brasil no se qued\u00f3 s\u00f3lo en palabras. En ceremonia efectuada en el Palacio de Planalto, anunci\u00f3 m\u00e1s de 20 medidas para alcanzar la igualdad salarial, combatir la violencia de g\u00e9nero y garantizar la salud menstrual, entre otras medidas en pro de los derechos de las mujeres.<\/p>\n<p>Por su parte, la presidente de la Suprema Corte de Justicia de M\u00e9xico, la ministra Norma Pi\u00f1a Hern\u00e1ndez, quien ha ignorado los continuos ataques de Palacio Nacional, dedic\u00f3 un mensaje de encomio a sus semejantes:<\/p>\n<p>Nos toca en el Poder Judicial escuchar los reclamos de las mujeres, afirm\u00f3 Pi\u00f1a Hern\u00e1ndez para luego sentenciar: \u201cEs posible e impostergable detener la discriminaci\u00f3n y las violencias por raz\u00f3n de g\u00e9nero en el pa\u00eds\u201d.<\/p>\n<p>Tambi\u00e9n expres\u00f3 que, como cada a\u00f1o, \u201choy tambi\u00e9n marcho con ustedes, pero en silencio desde otra trinchera, al frente del Poder Judicial federal, luchando por lo que creemos, que es posible e impostergable detener de una vez por todas la discriminaci\u00f3n y las violencias por raz\u00f3n de g\u00e9nero\u201d.<\/p>\n<p>A cambio de acciones a favor de las mujeres, el l\u00edder y gu\u00eda de la llamada Cuarta Transformaci\u00f3n abri\u00f3 las puertas del Palacio donde reside para los senadores \u2014hombres y mujeres\u2014 de Morena y sus r\u00e9moras del PT, PVEM y el semidifunto PES.<\/p>\n<p>De acuerdo con los primeros informes de la reuni\u00f3n, m\u00e1s que tratar asuntos vinculados con el D\u00eda Internacional de la Mujer, el encuentro sirvi\u00f3 para repasar los pendientes legislativos, entre ellos una iniciativa preferente que ser\u00e1 dada a conocer en breve.<\/p>\n<p>Todos los legisladores -incluido Mart\u00ed Batres Guadarrama, senador con licencia que ahora se desempe\u00f1a como secretario de Gobierno en la CDMX- llegaron sonrientes, pero tal vez el m\u00e1s emocionado fue el coordinador de los senadores \u201cmorenos\u201d, el zacatecano Ricardo Monreal \u00c1vila, para quien se volvieron a abrir las puertas de Palacio Nacional despu\u00e9s de casi dos a\u00f1os de estar exiliado y apenas dos meses de haber sido incorporado a la lista oficial de \u201ccorcholatas\u201d que compiten por la nominaci\u00f3n presidencial.<\/p>\n<p>No fue sencillo, Monreal tuvo que sacar a relucir nuevamente su capacidad de negociar para poder ingresar al consagrado recinto, pues el Palacio estaba cercado por manifestantes del Frente Popular Revolucionario. Le ofreci\u00f3 al l\u00edder de la organizaci\u00f3n, Florentino L\u00f3pez, recibirlo en el Senado para atender sus demandas y as\u00ed logr\u00f3 que les franquearan el paso.<\/p>\n<p>Por cierto, los senadores de la 4T, sin decretar un receso, abandonaron la sesi\u00f3n que se celebraba ayer, por lo cual, ante las airadas protestas de la oposici\u00f3n, debi\u00f3 ser suspendida por no reunirse el quorum.<\/p>\n<p>Total, las leyes pueden esperar.<\/p>\n<p><em><a href=\"mailto:riparcangel@hotmail.com\" target=\"_blank\" rel=\"noopener noreferrer\">riparcangel@hotmail.com<\/a><\/em><\/p>\n","protected":false},"excerpt":{"rendered":"<p><span style=\"color: #005497;\"><strong>Miguel \u00c1ngel Rivera<\/strong><\/span<\/span><\/p>\n","protected":false},"author":3,"featured_media":0,"comment_status":"open","ping_status":"open","sticky":false,"template":"","format":"standard","meta":{"_monsterinsights_skip_tracking":false,"_monsterinsights_sitenote_active":false,"_monsterinsights_sitenote_note":"","_monsterinsights_sitenote_category":0,"footnotes":""},"categories":[84119],"tags":[84120,84121,43674],"class_list":["post-576954","post","type-post","status-publish","format-standard","hentry","category-miguel-angel-rivera","tag-clase-politica","tag-miguel-angel-rivera","tag-opinion"],"_links":{"self":[{"href":"https:\/\/www.diarioimagen.net\/index.php?rest_route=\/wp\/v2\/posts\/576954","targetHints":{"allow":["GET"]}}],"collection":[{"href":"https:\/\/www.diarioimagen.net\/index.php?rest_route=\/wp\/v2\/posts"}],"about":[{"href":"https:\/\/www.diarioimagen.net\/index.php?rest_route=\/wp\/v2\/types\/post"}],"author":[{"embeddable":true,"href":"https:\/\/www.diarioimagen.net\/index.php?rest_route=\/wp\/v2\/users\/3"}],"replies":[{"embeddable":true,"href":"https:\/\/www.diarioimagen.net\/index.php?rest_route=%2Fwp%2Fv2%2Fcomments&post=576954"}],"version-history":[{"count":0,"href":"https:\/\/www.diarioimagen.net\/index.php?rest_route=\/wp\/v2\/posts\/576954\/revisions"}],"wp:attachment":[{"href":"https:\/\/www.diarioimagen.net\/index.php?rest_route=%2Fwp%2Fv2%2Fmedia&parent=576954"}],"wp:term":[{"taxonomy":"category","embeddable":true,"href":"https:\/\/www.diarioimagen.net\/index.php?rest_route=%2Fwp%2Fv2%2Fcategories&post=576954"},{"taxonomy":"post_tag","embeddable":true,"href":"https:\/\/www.diarioimagen.net\/index.php?rest_route=%2Fwp%2Fv2%2Ftags&post=576954"}],"curies":[{"name":"wp","href":"https:\/\/api.w.org\/{rel}","templated":true}]}}