{"id":576990,"date":"2023-03-10T00:02:45","date_gmt":"2023-03-10T06:02:45","guid":{"rendered":"https:\/\/www.diarioimagen.net\/?p=576990"},"modified":"2023-03-10T02:44:24","modified_gmt":"2023-03-10T08:44:24","slug":"acciones-en-cuautitlan-izcalli-encaminadas-para-erradicar-alertas-de-genero-karla-fiesco","status":"publish","type":"post","link":"https:\/\/www.diarioimagen.net\/?p=576990","title":{"rendered":"Acciones en Cuautitl\u00e1n Izcalli encaminadas para erradicar alertas de g\u00e9nero: Karla Fiesco"},"content":{"rendered":"<p>&nbsp;<\/p>\n<ul>\n<li><em><strong>Refrenda compromiso con las mujeres<\/strong><\/em><\/li>\n<\/ul>\n<p>&nbsp;<\/p>\n<div id=\"attachment_577086\" style=\"width: 470px\" class=\"wp-caption aligncenter\"><a href=\"https:\/\/www.diarioimagen.net\/?attachment_id=577086\" rel=\"attachment wp-att-577086\"><img loading=\"lazy\" decoding=\"async\" aria-describedby=\"caption-attachment-577086\" class=\"size-full wp-image-577086\" src=\"https:\/\/www.diarioimagen.net\/wp-content\/uploads\/2023\/03\/acciones-en-c-izcalli.jpg\" alt=\"\" width=\"460\" height=\"270\" \/><\/a><p id=\"caption-attachment-577086\" class=\"wp-caption-text\">La alcaldesa Karla Fiesco Garc\u00eda refrend\u00f3 su compromiso de trabajar todos los d\u00edas por su seguridad, paz y tranquilidad de las mujeres izcallenses.<\/p><\/div>\n<p>&nbsp;<\/p>\n<p><strong>Cuautitl\u00e1n Izcalli, Estado de M\u00e9xico.\u2014<\/strong> En el marco del D\u00eda Internacional de la Mujer y con la jornada \u201cMujer, Salud y Belleza\u201d realizada en la explanada municipal, la alcaldesa Karla Fiesco Garc\u00eda, se\u00f1al\u00f3 que este municipio es el hogar de 287 mil ni\u00f1as, j\u00f3venes y mujeres llenas de sue\u00f1os que luchan d\u00eda a d\u00eda por dejar huella y refrend\u00f3 su compromiso de trabajar todos los d\u00edas por su seguridad, paz y tranquilidad. Todo por las mujeres izcallenses\u201d, dijo.<\/p>\n<p>La presidenta municipal asegur\u00f3 que todas las acciones que se generan en el municipio van encaminadas para hacerle frente a las alertas de g\u00e9nero, tan s\u00f3lo en el primer a\u00f1o de gobierno se realiz\u00f3 el primer \u201cSendero Seguro\u201d, en donde se coloc\u00f3 alumbrado p\u00fablico en 3.8 kil\u00f3metros de la vialidad frente a la FES Campo 4, 15 espacios p\u00fablicos iluminados detectados como inseguros, la instalaci\u00f3n de m\u00e1s de 26 mil luminarias en todo Cuautitl\u00e1n Izcalli.<\/p>\n<p>La titular del Ejecutivo municipal inform\u00f3 que esta administraci\u00f3n trabaja por cambiar la situaci\u00f3n de un pa\u00eds donde el 70 por ciento de las mujeres ha sufrido alg\u00fan tipo de violencia.<\/p>\n<p>Luego de guardar un minuto de silencio por todas las mujeres que han perdido la vida, la titular del Instituto Municipal para la Equidad de G\u00e9nero y el Desarrollo de las Mujeres (IMEGDEM), Leticia Baca V\u00e1zquez, inform\u00f3 que fue adquirido un veh\u00edculo con capacidad para 17 personas, una motoneta y una Ranger Ford, los cuales fueron adquiridos con recurso estatal para la Mitigaci\u00f3n de la Alerta de G\u00e9nero de Violencia en Contra de las Mujeres por Feminicidio y con el proyecto de CONAVIM.<\/p>\n<p>Durante este acto conmemorativo, las mujeres tuvieron acceso a servicios m\u00e9dicos para la prevenci\u00f3n, educaci\u00f3n y atenci\u00f3n a la salud integral, sexual, reproductiva, servicios de belleza, adem\u00e1s asistieron mujeres emprendedoras del municipio quienes ofrecieron sus productos y servicios en apoyo a su econom\u00eda familiar.<\/p>\n<p>Al evento asistieron integrantes del Cabildo, directores de \u00e1rea, servidoras y servidores p\u00fablicos de la Administraci\u00f3n Municipal y vecinos de las diversas comunidades de la demarcaci\u00f3n.<\/p>\n","protected":false},"excerpt":{"rendered":"<p>En el marco del D\u00eda Internacional de la Mujer y con la jornada \u201cMujer, Salud y Belleza\u201d realizada en la explanada municipal, la alcaldesa Karla Fiesco Garc\u00eda, se\u00f1al\u00f3 que este municipio es el hogar de 287 mil ni\u00f1as, j\u00f3venes y mujeres llenas de sue\u00f1os que luchan d\u00eda a d\u00eda por dejar huella y refrend\u00f3 su compromiso de trabajar todos los d\u00edas por su seguridad, paz y tranquilidad. Todo por las mujeres izcallenses\u201d, dijo.<\/p>\n","protected":false},"author":3,"featured_media":577086,"comment_status":"open","ping_status":"open","sticky":false,"template":"","format":"standard","meta":{"_monsterinsights_skip_tracking":false,"_monsterinsights_sitenote_active":false,"_monsterinsights_sitenote_note":"","_monsterinsights_sitenote_category":0,"footnotes":""},"categories":[5],"tags":[971,43675,92915],"class_list":["post-576990","post","type-post","status-publish","format-standard","has-post-thumbnail","hentry","category-estado-de-mexico","tag-cuautitlan-izcalli","tag-estado-de-mexico","tag-karla-fiesco"],"_links":{"self":[{"href":"https:\/\/www.diarioimagen.net\/index.php?rest_route=\/wp\/v2\/posts\/576990","targetHints":{"allow":["GET"]}}],"collection":[{"href":"https:\/\/www.diarioimagen.net\/index.php?rest_route=\/wp\/v2\/posts"}],"about":[{"href":"https:\/\/www.diarioimagen.net\/index.php?rest_route=\/wp\/v2\/types\/post"}],"author":[{"embeddable":true,"href":"https:\/\/www.diarioimagen.net\/index.php?rest_route=\/wp\/v2\/users\/3"}],"replies":[{"embeddable":true,"href":"https:\/\/www.diarioimagen.net\/index.php?rest_route=%2Fwp%2Fv2%2Fcomments&post=576990"}],"version-history":[{"count":0,"href":"https:\/\/www.diarioimagen.net\/index.php?rest_route=\/wp\/v2\/posts\/576990\/revisions"}],"wp:featuredmedia":[{"embeddable":true,"href":"https:\/\/www.diarioimagen.net\/index.php?rest_route=\/wp\/v2\/media\/577086"}],"wp:attachment":[{"href":"https:\/\/www.diarioimagen.net\/index.php?rest_route=%2Fwp%2Fv2%2Fmedia&parent=576990"}],"wp:term":[{"taxonomy":"category","embeddable":true,"href":"https:\/\/www.diarioimagen.net\/index.php?rest_route=%2Fwp%2Fv2%2Fcategories&post=576990"},{"taxonomy":"post_tag","embeddable":true,"href":"https:\/\/www.diarioimagen.net\/index.php?rest_route=%2Fwp%2Fv2%2Ftags&post=576990"}],"curies":[{"name":"wp","href":"https:\/\/api.w.org\/{rel}","templated":true}]}}