{"id":577011,"date":"2023-03-10T00:01:43","date_gmt":"2023-03-10T06:01:43","guid":{"rendered":"https:\/\/www.diarioimagen.net\/?p=577011"},"modified":"2023-03-10T02:25:25","modified_gmt":"2023-03-10T08:25:25","slug":"con-inversion-de-aproximadamente-100-millones-de-dolares-y-un-retorno-proyectado-en-un-lapso-de-ocho-a-diez-anos-abre-mondrian-mexico-city-condesa","status":"publish","type":"post","link":"https:\/\/www.diarioimagen.net\/?p=577011","title":{"rendered":"Con inversi\u00f3n de aproximadamente 100 millones de d\u00f3lares y un retorno proyectado en un lapso de ocho a diez a\u00f1os, abre <em>Mondrian Mexico City Condesa<\/em>"},"content":{"rendered":"<h2>De cinco estrellas<\/h2>\n<h5>Victoria Gonz\u00e1lez Prado<\/h5>\n<p>&nbsp;<\/p>\n<ul>\n<li><strong><em>La novena edici\u00f3n del Festival del Queso y Vino 2023, se llevar\u00e1 a cabo el pr\u00f3ximo 25 de marzo en Los Cabos, BCS<\/em><\/strong><\/li>\n<\/ul>\n<p>&nbsp;<\/p>\n<div id=\"attachment_577059\" style=\"width: 430px\" class=\"wp-caption aligncenter\"><a href=\"https:\/\/www.diarioimagen.net\/?attachment_id=577059\" rel=\"attachment wp-att-577059\"><img loading=\"lazy\" decoding=\"async\" aria-describedby=\"caption-attachment-577059\" class=\"wp-image-577059\" src=\"https:\/\/www.diarioimagen.net\/wp-content\/uploads\/2023\/03\/turismo-4.jpg\" alt=\"\" width=\"420\" height=\"351\" \/><\/a><p id=\"caption-attachment-577059\" class=\"wp-caption-text\">Los anfitriones del nuevo inmueble en la Condesa.<\/p><\/div>\n<p>&nbsp;<\/p>\n<p>Con inversi\u00f3n de alrededor de 100 millones de d\u00f3lares y retorno proyectado en lapso de ocho a diez a\u00f1os abri\u00f3 <em>Mondrian Mexico City Condesa<\/em>, siendo el primer inmueble de la marca en Am\u00e9rica Latina.<\/p>\n<p>163 habitaciones, 18 <em>suites<\/em> de lujo, dos <em>suites penthouse, <\/em>instalaciones para reuniones y eventos con tecnolog\u00eda de \u00faltima generaci\u00f3n y cuatro conceptos culinarios <em>Skybar,<\/em> La Terraza, Cleo Mediterr\u00e1neo y <em>The Flower Shop, <\/em>com opciones de alimentos y bebidas locales e internacionales integran el hotel.<\/p>\n<p>El inmueble est\u00e1 en el complejo de uso mixto i421 <em>Live Distric<\/em> que fuera durante varias d\u00e9cadas \u00edcono arquitect\u00f3nico de la ciudad y conocido como Conjunto Aristos, edificio hist\u00f3rico, restaurado y conservado por el Instituto Nacional de Bellas Artes (INBA) y la Secretar\u00eda de Desarrollo Urbano y Vivienda (Seduvi).<\/p>\n<p>El Barrio Vivo i421 fue construido por el arquitecto espa\u00f1ol <strong>Jos\u00e9 Luis Benlliure<\/strong> entre 1959 y 1961, quien combin\u00f3 sus grandes dotes arquitect\u00f3nicos, su experiencia como escultor y pintor para concebir el conjunto.<\/p>\n<p>La firma <em>AoMa,<\/em> propiedad del arquitecto <strong>Jihei Aoki<\/strong>, proyect\u00f3 el interior y exterior de la nueva propiedad que respet\u00f3 el dise\u00f1o original de <strong>Benlliure<\/strong>, manteniendo el estilo curvo y <em>Art D\u00e9co<\/em> del edificio conservando los atributos y diferenciaciones de la obra original, como la espl\u00e9ndida geometr\u00eda de azulejos y un dise\u00f1o ic\u00f3nico en el piso inspirado en la playa de Ipanema, en Brasil.<\/p>\n<p><strong>Diego Padula<\/strong>, gerente general del nuevo hotel asegur\u00f3: \u201cMondrian est\u00e1 trayendo su estilo y sofisticaci\u00f3n caracter\u00edsticos a La Condesa, un barrio con una fuerte escena cultural y ofertas culinarias innovadoras. Nuestra visi\u00f3n es convertirnos en el espacio para los ciudadanos del mundo, un lugar con entretenimiento de primer nivel para los que est\u00e1n en busca de nuevas formas de cultura, bien pueden ser locales como internacionales\u201d.<\/p>\n<p>Cabe se\u00f1alar que el nuevo hotel es parte de <em>Ennismore,<\/em> empresa hotelera creativa arraigada en la cultura y la comunidad, con colectivo global de marcas emprendedoras y creadas por fundadores con un prop\u00f3sito en su coraz\u00f3n. Fundada en 2021, <em>Ennismore<\/em> es empresa asociada con Accor que posee una participaci\u00f3n mayoritaria.<\/p>\n<p>En su oportunidad, <strong>Simon Sorpresi<\/strong>, vicepresidente de Operaciones para Miami, M\u00e9xico y Sudam\u00e9rica de <em>Ennismore<\/em>, coment\u00f3: \u201cestamos muy orgullosos de esta gran apertura con <em>Mondrian Mexico City Condesa<\/em>, sin duda estamos contentos con el resultado en la propiedad y sobre todo con el proyecto en la regi\u00f3n, pues M\u00e9xico es un mercado muy rentable, con gente optimista y una cultura inigualable que inyectar\u00e1 inspiraci\u00f3n y energ\u00eda en nuestros visitantes\u201d.<\/p>\n<p>Agreg\u00f3 \u201cestamos encantados de traer Mondrian por primera vez a Latinoam\u00e9rica con el destacado equipo de Grupo Murano, dirigido por <strong>Marcos Sacal<\/strong>\u201d.<\/p>\n<p>Actualmente, la marca, que est\u00e1 experimentando importante crecimiento, est\u00e1 en Los \u00c1ngeles, Miami, Nueva York, Londres, Doha y Se\u00fal, ahora en la Ciudad de M\u00e9xico y muy pronto en Singapur, Burdeos, Cannes y la Costa Dorada de Australia.<\/p>\n<p>Gracias a su estrat\u00e9gica ubicaci\u00f3n, se espera que <em>Mondrian Mexico City Condesa<\/em> destaque como uno de los m\u00e1s grandes <em>hot spots<\/em> de la ciudad al ser un gran destino para vacacionar que cuenta con innumerables museos, diversidad en la oferta cultural, gastronom\u00eda local e internacional, entre otros atractivos.<\/p>\n<p>Por \u00faltimo <strong>Dulce Garay<\/strong>, directora de ventas y marketing invit\u00f3 a los comensales ah\u00ed reunidos a conocer las distintas \u00e1reas del hotel y algunos de los platillos que se ofrecen en los restaurantes.<\/p>\n<p>\u2730\u2730\u2730\u2730\u2730 Los Cabos se viste de gala con uno de los eventos gastron\u00f3micos m\u00e1s exclusivos e importantes de la regi\u00f3n de Baja California Sur, el Festival del Queso y Vino 2023, que se llevar\u00e1 a cabo el pr\u00f3ximo 25 de marzo en su novena edici\u00f3n.<\/p>\n<p>Dicen, los que conocen el festival, que ser\u00e1 de las noches m\u00e1s exquisitas y promete ser uno de los mejores eventos para tu paladar en este inigualable destino tur\u00edstico. Quienes asistan tendr\u00e1n la oportunidad de catar alrededor de 700 vinos de diferentes regiones de M\u00e9xico y el mundo y degustar m\u00e1s de 100 tipos de quesos regionales, nacionales e internacionales.<\/p>\n<p>Este festival se enorgullece tambi\u00e9n por su labor altruista, ya que, desde su creaci\u00f3n en 2013, ha apoyado a <em>Los Cabos Children\u2019s Foundation,<\/em> donando el total de las entradas. Por ello, a\u00f1o con a\u00f1o, el hotel Hacienda del Mar se distingue por su labor social en pro de mejorar la calidad de vida de los ni\u00f1os de Baja California Sur y contagiando a sus visitantes con la tradici\u00f3n mexicana en este 2023.<\/p>\n<p>La experiencia es una noche \u00fanica con causa, velada dise\u00f1ada para disfrutar una explosi\u00f3n de sabores. Pierre Ouradou, director general del resort, coment\u00f3: \u201cestamos muy felices de poder celebrar una edici\u00f3n m\u00e1s de este evento con productos de calidad, que logran ofrecer una experiencia de primer nivel para nuestros hu\u00e9spedes y asistentes locales. La idea es que logren deleitar y sorprender a su paladar. Estamos muy entusiasmados de estar siempre presentes con la ciudadan\u00eda de Los Cabos\u201d.<\/p>\n<p>El resort, es sin duda uno de los hoteles que logran transportarte a una elegante experiencia colonial, ya que su arquitectura hace referencia a un pueblo tradicional mexicano. En cada rinc\u00f3n puede sentirse la esencia de M\u00e9xico, esto es posible por sus techos r\u00fasticos y su plaza central. La aventura se complementa con sus galardonados e hist\u00f3ricos restaurantes: <em>Pitahayas<\/em> y <em>De Corte<\/em>z, con su gastronom\u00eda mexicana en tomates o incluso experiencia de pescados y mariscos a la orilla del mar en <em>Tortugas Snack &amp; Beach Bar.<\/em><\/p>\n<p>Cabe destacar que, en las instalaciones de <em>Pitahayas,<\/em> se encuentra una cava subterr\u00e1nea, \u201cLa Cava de Santiago\u201d, con m\u00e1s de 25 a\u00f1os de existencia y almacena m\u00e1s de 400 marcas diferentes de vinos de los principales productores de todo el mundo.<\/p>\n<p>M\u00e1s informaci\u00f3n sobre el Festival del Queso y Vino 2023 en las redes sociales del inmueble.<\/p>\n<p>&nbsp;<\/p>\n<blockquote>\n<p style=\"text-align: right;\">\u201c<strong>El<\/strong> <strong>\u00e1ngel de la fama tiene sus alas hechas de papel&#8230; peri\u00f3dico\u201d.<br \/>\n<\/strong><\/p>\n<\/blockquote>\n<p>&nbsp;<\/p>\n<p><em><span class=\"Apple-converted-space\"><a href=\"mailto:victoriagprado@gmail.com\" target=\"_blank\" rel=\"noopener noreferrer\">victoriagprado@gmail.com<\/a><br \/>\nTwitter: <a href=\"https:\/\/twitter.com\/victoriagprado\" target=\"_blank\" rel=\"noopener noreferrer\">@victoriagprado<\/a><\/span><\/em><\/p>\n","protected":false},"excerpt":{"rendered":"<p>Con inversi\u00f3n de alrededor de 100 millones de d\u00f3lares y retorno proyectado en lapso de ocho a diez a\u00f1os abri\u00f3 <em>Mondrian Mexico City Condesa<\/em>, siendo el primer inmueble de la marca en Am\u00e9rica Latina.<\/p>\n","protected":false},"author":3,"featured_media":577060,"comment_status":"open","ping_status":"open","sticky":false,"template":"","format":"standard","meta":{"_monsterinsights_skip_tracking":false,"_monsterinsights_sitenote_active":false,"_monsterinsights_sitenote_note":"","_monsterinsights_sitenote_category":0,"footnotes":""},"categories":[11],"tags":[107,43674,43681,106],"class_list":["post-577011","post","type-post","status-publish","format-standard","has-post-thumbnail","hentry","category-turismo","tag-de-cinco-estrellas","tag-opinion","tag-turismo","tag-victoria-gonzalez-prado"],"_links":{"self":[{"href":"https:\/\/www.diarioimagen.net\/index.php?rest_route=\/wp\/v2\/posts\/577011","targetHints":{"allow":["GET"]}}],"collection":[{"href":"https:\/\/www.diarioimagen.net\/index.php?rest_route=\/wp\/v2\/posts"}],"about":[{"href":"https:\/\/www.diarioimagen.net\/index.php?rest_route=\/wp\/v2\/types\/post"}],"author":[{"embeddable":true,"href":"https:\/\/www.diarioimagen.net\/index.php?rest_route=\/wp\/v2\/users\/3"}],"replies":[{"embeddable":true,"href":"https:\/\/www.diarioimagen.net\/index.php?rest_route=%2Fwp%2Fv2%2Fcomments&post=577011"}],"version-history":[{"count":0,"href":"https:\/\/www.diarioimagen.net\/index.php?rest_route=\/wp\/v2\/posts\/577011\/revisions"}],"wp:featuredmedia":[{"embeddable":true,"href":"https:\/\/www.diarioimagen.net\/index.php?rest_route=\/wp\/v2\/media\/577060"}],"wp:attachment":[{"href":"https:\/\/www.diarioimagen.net\/index.php?rest_route=%2Fwp%2Fv2%2Fmedia&parent=577011"}],"wp:term":[{"taxonomy":"category","embeddable":true,"href":"https:\/\/www.diarioimagen.net\/index.php?rest_route=%2Fwp%2Fv2%2Fcategories&post=577011"},{"taxonomy":"post_tag","embeddable":true,"href":"https:\/\/www.diarioimagen.net\/index.php?rest_route=%2Fwp%2Fv2%2Ftags&post=577011"}],"curies":[{"name":"wp","href":"https:\/\/api.w.org\/{rel}","templated":true}]}}