{"id":577139,"date":"2023-03-10T00:09:23","date_gmt":"2023-03-10T06:09:23","guid":{"rendered":"https:\/\/www.diarioimagen.net\/?p=577139"},"modified":"2023-03-10T03:27:36","modified_gmt":"2023-03-10T09:27:36","slug":"hay-otros-garcia-luna-en-el-lopezobradorismo","status":"publish","type":"post","link":"https:\/\/www.diarioimagen.net\/?p=577139","title":{"rendered":"\u00bfHay otros Garc\u00eda Luna en el lopezobradorismo?"},"content":{"rendered":"<h2>Poder y dinero<\/h2>\n<h5>V\u00edctor S\u00e1nchez Ba\u00f1os<\/h5>\n<p>&nbsp;<\/p>\n<ul>\n<li><strong><em>Historia de \u201csuperpolic\u00edas\u201d en el gobierno mexicano<\/em><\/strong><\/li>\n<li><strong><em>La tortuosa relaci\u00f3n con delincuencia<\/em><\/strong><\/li>\n<li><strong><em>Los corruptos actuales con impunidad<\/em><\/strong><\/li>\n<li><strong><em>Relaciones perversas del crimen \u201cnaturales\u201d<\/em><\/strong><\/li>\n<li><strong><em>Norma Pi\u00f1a, ministra del nivel de Ju\u00e1rez<\/em><\/strong><\/li>\n<li><strong><em>Dignidad en la SCJN para la justicia<\/em><\/strong><\/li>\n<li><strong><em>Una mujer en los Tres Poderes de la Uni\u00f3n<\/em><\/strong><\/li>\n<li><strong><em>El Festival de las Ideas en Puebla<\/em><\/strong><\/li>\n<\/ul>\n<p>&nbsp;<\/p>\n<p style=\"text-align: right;\"><em>Es absurdo que un pueblo cifre sus esperanzas de<br \/>\nredenci\u00f3n y ventura en formas de gobierno que desconoce<br \/>\n<\/em><strong>Emilia Pardo Baz\u00e1n<\/strong> (1851-1921) Escritora espa\u00f1ola<\/p>\n<p>&nbsp;<\/p>\n<p>Definitivo. Felipe Calder\u00f3n debe explicar la fenomenal fortuna de Genaro Garc\u00eda Luna, que como al ajo, cada d\u00eda le aparecen mas propiedades.<\/p>\n<p>Por eso, no es ninguna haza\u00f1a el rascarle a la administraci\u00f3n p\u00fablica de cualquier gobierno en M\u00e9xico, para encontrar enormes fortunas hechas al amparo del poder.<\/p>\n<p>Por ello, no nos sorprende que el gobierno de L\u00f3pez Obrador levante una piedra de alguno de sus enemigos pol\u00edticos o de aquellos que les tiene fobia, y encontrar\u00e1 corrupci\u00f3n.<\/p>\n<p>No es una proeza que \u201cdescubrieran\u201d que Garc\u00eda Luna amasara una enorme fortuna, al amparo de puestos p\u00fablicos como la Secretar\u00eda de Seguridad en el gobierno de Felipe Calder\u00f3n. Era del dominio p\u00fablico, aunque no se presentaron las pruebas necesarias para su investigaci\u00f3n.<\/p>\n<p>El que fuera jefe de la polic\u00eda en el gobierno de Felipe Calder\u00f3n, hab\u00eda amasado PODER Y DINERO de manera extraordinaria. La guerra contra el narcotr\u00e1fico le gener\u00f3 recursos al polic\u00eda que seguramente conoc\u00eda el entonces Presidente de la Rep\u00fablica, pero que, ahora, no quiere denunciar. A todo ello, lo que debemos reflexionar es sobre los superpolic\u00edas y fiscales de la Rep\u00fablica. Estos personajes se convierten en todopoderosos, al mismo tiempo que amasan fortunas fuera de cualquier raz\u00f3n.<\/p>\n<p>Todos los sexenios que tenga referencia hist\u00f3rica, han existido esos polic\u00edas que son los zares de la justicia y de la riqueza, en pa\u00edses donde la pobreza es el com\u00fan dominador entre millones de personas.<\/p>\n<p>Con Gustavo D\u00edaz Ordaz, a trav\u00e9s de la Direcci\u00f3n Federal de Seguridad, grupos de agentes ten\u00edan, con el conocimiento presidencial, relaci\u00f3n con agencias de Estados Unidos, entre otros pa\u00edses, con el fin de luchar contra el crimen internacional. De esa manera, grupos de polic\u00edas que apenas hablaban espa\u00f1ol, se dieron a la tarea de establecer redes internacionales con grupos criminales de la talla de las mafias italianas, el yakuza de Jap\u00f3n incluso en los tiempos modernos con la mafia rusa.<\/p>\n<p>Los polic\u00edas mexicanos, por su cercan\u00eda con Estados Unidos, ten\u00edan ventajas competitivas. Por una parte la frontera se convert\u00eda en el m\u00e1s pr\u00f3spero de los negocios ya que no s\u00f3lo se pod\u00edan traficar seres humanos coma sino contrabandear todo tipo de mercanc\u00edas y en especial estupefacientes, que se hab\u00edan puesto de moda durante la Segunda Guerra Mundial, la de Corea y Vietnam.<\/p>\n<p>Los directores de la superpolic\u00eda fueron amasando mucho poder. Despu\u00e9s de la direcci\u00f3n federal de seguridad, al mando del capit\u00e1n Fernando Guti\u00e9rrez Barrios, penetraron en las estructuras de las mafias estadounidenses, as\u00ed como en el incipiente nacimiento de los c\u00e1rteles colombianos.<\/p>\n<p>En el gobierno de Luis Echeverr\u00eda, se fortaleci\u00f3 la figura de la DFS, d\u00f3nde surgieron otros polic\u00edas que vieron un enorme negocio en la informaci\u00f3n pol\u00edtica y el tr\u00e1fico de drogas. As\u00ed naci\u00f3n Arturo \u201cEl Negro Durazo\u201d, en la Polic\u00eda Judicial Federal, quien en el gobierno de Jos\u00e9 L\u00f3pez Portillo, fue clave para la guerra contra narcotraficantes. Dec\u00edan que para que la cu\u00f1a apriete debe ser del mismo palo.<\/p>\n<p>Con Miguel de la Madrid, Carlos Salinas, Ernesto Zedillo y Vicente Fox, dejaron todo en manos de la Judicial Federal, de la mano de la Secretar\u00eda de Defensa Nacional. As\u00ed surgieron figuras como Florentino Ventura, el general Jes\u00fas Guti\u00e9rrez Rebollo. Sin embargo, debido a los servicios realizados a la lucha conjunta entre M\u00e9xico y EU, contra el tr\u00e1fico, no les tocaban sus \u201cpeque\u00f1as\u201d fortunas.<\/p>\n<p>Ahora, sale a relucir Genaro Garc\u00eda Luna, quien inici\u00f3 sus trabajos polic\u00edacos con Ernesto Zedillo y creci\u00f3 con Fox, para convertirse en el zar con Felipe Calder\u00f3n, amas\u00f3 tal fortuna que ahora hace palidecer a los mismos capos mexicanos, colombianos, rusos, italianos y de otras latitudes. Por ello, la colaboraci\u00f3n entre M\u00e9xico y EU, contra el narcotr\u00e1fico debe transparentarse. Si bien, la vida de esos funcionarios corre riesgos, que logren riqueza razonable, en base a su trabajo.<\/p>\n<p>Hay mucho que avanzar en materia de colaboraci\u00f3n y estrategia para restablecer la paz en M\u00e9xico y frenar el tr\u00e1fico de drogas mortales en Estados Unido y nuestro pa\u00eds.<\/p>\n<p style=\"text-align: center;\"><strong>PODEROSOS CABALLEROS<\/strong><\/p>\n<p>Un d\u00eda s\u00ed, y otro tambi\u00e9n, L\u00f3pez Obrador arremete contra el Poder Judicial de la Federaci\u00f3n; un poder de la misma jerarqu\u00eda que la de \u00e9l, pero con mucho menos dinero para repartir. Su funci\u00f3n es la impartici\u00f3n de justicia, no la repartici\u00f3n del presupuesto. Critic\u00f3 que el Tribunal Electoral tiene 15 millones para el Fideicomiso de Apoyo Econ\u00f3mico Extraordinario para los Servidores P\u00fablicos del Poder Judicial de la Federaci\u00f3n. Se escandaliza, cuando esa suma representa 2 meses de su estancia en Palacio Nacional. S\u00f3lo para sus necesidades de seguridad, servidumbre, comida, luz, agua, internet y otros servicios. Habl\u00f3 mucho de \u201cdon Porfirio\u201d, pero D\u00edaz gastaba mucho menos y, se sabe, que de su bolsillo pagaba muchos de sus gastos. <strong>***<\/strong> <strong>NORMA PI\u00d1A<\/strong>: Vaya tama\u00f1o de mujer en la SCJN. La ministra presidenta Norma Pi\u00f1a, con elegancia y, sobre todo, con enorme dignidad, no se ha sometido a los caprichos de AMLO. El discurso del mi\u00e9rcoles, sobre el D\u00eda Internacional de la Mujer, opac\u00f3 al monumento a la zalamer\u00eda que se autoorganiz\u00f3 el inquilino de Palacio Nacional. As\u00ed se comportaba Benito Ju\u00e1rez, cuando era presidente de la SCJN, durante el gobierno presidencial de Ignacio Comonfort de los R\u00edos, un Presidente interino, que es electo, despu\u00e9s constitucionalmente (en base a la Constituci\u00f3n de 1857) y despu\u00e9s se dio un autogolpe de Estado, que censur\u00f3 Ju\u00e1rez desde la Corte, motivo por el cual asume la Presidencia interina, por el Partido Liberal el 21 de enero de 1858, tras la renuncia de Comonfort. Un poco de historia, nada m\u00e1s.<\/p>\n<p style=\"text-align: center;\"><strong>RESPONSABILIDAD SOCIAL CORPORATIVA<\/strong><\/p>\n<p><strong>FESTIVAL DE LAS IDEAS:<\/strong> Con 33 ponentes nacionales e internacionales, dio inicio el \u201cFestival de las Ideas\u201d en el auditorio Metropolitano de Puebla, donde el m\u00e1s famoso invitado es el cineasta James Cameron, director de varias pel\u00edculas como \u201cTitanic\u201d. Tambi\u00e9n destacan: Danielle Feinberg, supervisora de efectos visuales en Pixar Animation Studios; Javier Ibarreche, actor y dramaturgo y Alejandro Valenzuela, director general de Banco Azteca y Azteca Servicios Financieros. Es un foro para difundir ideas para el desarrollo de j\u00f3venes que buscan ser l\u00edderes en sus actividades. El empresario Ricardo Salinas organiz\u00f3 el evento que inaugur\u00f3 el gobernador Sergio C\u00e9spedes. La educaci\u00f3n y libertad son las premisas del pensamiento para desarrollar a la sociedad.<\/p>\n<p>&nbsp;<\/p>\n<blockquote>\n<p style=\"text-align: right;\">Esc\u00fachame en <strong><em>Heraldo Radio<\/em><\/strong>, 98.5 FM, a las 22 hrs., de lunes a viernes,<br \/>\nexcepto jueves, con el an\u00e1lisis de la informaci\u00f3n, con rigor period\u00edstico.<\/p>\n<\/blockquote>\n<p>&nbsp;<\/p>\n<p><a href=\"https:\/\/mvsnoticias.com\/\" target=\"_blank\" rel=\"noopener\"><em>mvsnoticias.com\u00a0<\/em><\/a><br \/>\n<em><a href=\"http:\/\/poderydinero.mx\/\" target=\"_blank\" rel=\"noopener\">poderydinero.mx<\/a><br \/>\n<\/em><em><a href=\"mailto:vsb@poderydinero.mx\" target=\"_blank\" rel=\"noopener noreferrer\">vsb@poderydinero.mx<\/a><\/em><\/p>\n","protected":false},"excerpt":{"rendered":"<p><span style=\"color: #005497;\"><strong>V\u00edctor S\u00e1nchez Ba\u00f1os<\/strong><\/span><\/p>\n","protected":false},"author":3,"featured_media":0,"comment_status":"open","ping_status":"open","sticky":false,"template":"","format":"standard","meta":{"_monsterinsights_skip_tracking":false,"_monsterinsights_sitenote_active":false,"_monsterinsights_sitenote_note":"","_monsterinsights_sitenote_category":0,"footnotes":""},"categories":[38844],"tags":[43674,38847,38848],"class_list":["post-577139","post","type-post","status-publish","format-standard","hentry","category-victor-sanchez-banos","tag-opinion","tag-poder-y-dinero","tag-victor-sanchez-banos"],"_links":{"self":[{"href":"https:\/\/www.diarioimagen.net\/index.php?rest_route=\/wp\/v2\/posts\/577139","targetHints":{"allow":["GET"]}}],"collection":[{"href":"https:\/\/www.diarioimagen.net\/index.php?rest_route=\/wp\/v2\/posts"}],"about":[{"href":"https:\/\/www.diarioimagen.net\/index.php?rest_route=\/wp\/v2\/types\/post"}],"author":[{"embeddable":true,"href":"https:\/\/www.diarioimagen.net\/index.php?rest_route=\/wp\/v2\/users\/3"}],"replies":[{"embeddable":true,"href":"https:\/\/www.diarioimagen.net\/index.php?rest_route=%2Fwp%2Fv2%2Fcomments&post=577139"}],"version-history":[{"count":0,"href":"https:\/\/www.diarioimagen.net\/index.php?rest_route=\/wp\/v2\/posts\/577139\/revisions"}],"wp:attachment":[{"href":"https:\/\/www.diarioimagen.net\/index.php?rest_route=%2Fwp%2Fv2%2Fmedia&parent=577139"}],"wp:term":[{"taxonomy":"category","embeddable":true,"href":"https:\/\/www.diarioimagen.net\/index.php?rest_route=%2Fwp%2Fv2%2Fcategories&post=577139"},{"taxonomy":"post_tag","embeddable":true,"href":"https:\/\/www.diarioimagen.net\/index.php?rest_route=%2Fwp%2Fv2%2Ftags&post=577139"}],"curies":[{"name":"wp","href":"https:\/\/api.w.org\/{rel}","templated":true}]}}