{"id":577148,"date":"2023-03-13T00:01:39","date_gmt":"2023-03-13T06:01:39","guid":{"rendered":"https:\/\/www.diarioimagen.net\/?p=577148"},"modified":"2023-03-13T02:07:25","modified_gmt":"2023-03-13T08:07:25","slug":"la-hoteleria-informal-crecio-300-por-ciento-mas-en-la-ciudad-de-mexico-rafael-garcia-gonzalez","status":"publish","type":"post","link":"https:\/\/www.diarioimagen.net\/?p=577148","title":{"rendered":"La hoteler\u00eda informal creci\u00f3 300 por ciento m\u00e1s en la Ciudad de M\u00e9xico: Rafael Garc\u00eda Gonz\u00e1lez"},"content":{"rendered":"<h2>De cinco estrellas<\/h2>\n<h5>Victoria Gonz\u00e1lez Prado<\/h5>\n<p>&nbsp;<\/p>\n<ul>\n<li><strong><em>Se prev\u00e9n 90 millones de pesos en derrama econ\u00f3mica durante la <\/em>Expo &amp; Oil Gas M\u00e9xico<em> en Villahermosa, Tabasco <\/em><\/strong><\/li>\n<\/ul>\n<p>&nbsp;<\/p>\n<div id=\"attachment_577232\" style=\"width: 470px\" class=\"wp-caption aligncenter\"><a href=\"https:\/\/www.diarioimagen.net\/?attachment_id=577232\" rel=\"attachment wp-att-577232\"><img loading=\"lazy\" decoding=\"async\" aria-describedby=\"caption-attachment-577232\" class=\"size-full wp-image-577232\" src=\"https:\/\/www.diarioimagen.net\/wp-content\/uploads\/2023\/03\/Turismo.jpg\" alt=\"\" width=\"460\" height=\"270\" \/><\/a><p id=\"caption-attachment-577232\" class=\"wp-caption-text\">El presidium durante la celebraci\u00f3n del D\u00eda de la Hoteler\u00eda.<\/p><\/div>\n<p>&nbsp;<\/p>\n<p>En los \u00faltimos tres a\u00f1os la hoteler\u00eda informal creci\u00f3 300 por ciento m\u00e1s en la Ciudad de M\u00e9xico sin que est\u00e9 obligada a acatar las leyes de Turismo, establecimientos mercantiles y protecci\u00f3n civil entre otras disposiciones a las que est\u00e1 obligada la hoteler\u00eda formal, asegur\u00f3, <strong>Rafael Garc\u00eda Gonz\u00e1lez<\/strong>, presidente de la Asociaci\u00f3n de Hoteles de la CDMX, durante la celebraci\u00f3n del D\u00eda de la Hoteler\u00eda y agreg\u00f3, es urgente regular el hospedaje informal, una actividad que, sin contar con marco normativo, ofrece 23 mil cuartos que se anuncian en plataformas digitales.<\/p>\n<p>Asimismo se\u00f1al\u00f3 que la Ciudad de M\u00e9xico es el s\u00e9ptimo lugar en importancia a nivel mundial con 650 hoteles con 54 mil habitaciones y 300 hoteles de calidad tur\u00edstica en todas las ramas en las nueve zonas en las que est\u00e1 dividida la Ciudad de M\u00e9xico.<\/p>\n<p>El presidente de la Asociaci\u00f3n de Hoteles de la Ciudad de M\u00e9xico dijo tambi\u00e9n, \u201cen marzo cumplimos tres a\u00f1os del inicio de la pandemia, los tres a\u00f1os m\u00e1s dif\u00edciles del turismo y la hoteler\u00eda en esta capital, ya que tuvimos ocupaci\u00f3n hotelera promedio en 2020 del 20 por ciento, en 2021 de 30 por ciento y en el a\u00f1o 2022 de 50 por ciento\u201d.<\/p>\n<p>Para este a\u00f1o dijo, \u201cesperamos alcanzar 60 por ciento de ocupaci\u00f3n y vamos a tratar de igualar la tarifa de 2 mil pesos que se ten\u00eda en 2019 quedando solo por alcanzar tres a\u00f1os por inflaci\u00f3n, qu\u00e9 hay que remontar\u201d.<\/p>\n<p>Asimismo, <strong>Garc\u00eda Gonz\u00e1lez<\/strong> indic\u00f3 que esos tres a\u00f1os dejaron p\u00e9rdidas millonarias al sector hotelero que fueron cubiertas, en muchos casos, con pr\u00e9stamos bancarios que en la actualidad \u201cestamos pagando muchos de nosotros\u201d.<\/p>\n<p>Se\u00f1al\u00f3 que las mujeres ocupan 58 por ciento de las contrataciones en el sector hotelero y son contratados tambi\u00e9n muchos j\u00f3venes que son la fuerza laboral.<\/p>\n<p>Para este a\u00f1o 2023 se vislumbran otros horizontes, la realizaci\u00f3n del primer Tianguis Tur\u00edstico en la capital del 26 al 29 de marzo en el centro Banamex y se espera romper todos los r\u00e9cords de los tianguis pasados en el n\u00famero de ingresos, compradores, expositores y n\u00famero de pa\u00edses que nos van a venir a visitar y servir\u00e1 para que los habitantes de la ciudad tomen conciencia de la importancia del turismo\u201d.<\/p>\n<p>Asegur\u00f3 que M\u00e9xico es un pa\u00eds que tiene gran potencial tur\u00edstico y econ\u00f3mico, prueba de ello es lo que acabamos de ver hace d\u00edas, que viene <em>Tesla<\/em> con grandes inversiones para el estado de Nuevo Le\u00f3n, lo cual pone los ojos del mundo en Mexico y la pr\u00f3xima d\u00e9cada seguramente ser\u00e1 protagonista en inversi\u00f3n y en turismo\u201d.<\/p>\n<p>El secretario de turismo federal, <strong>Miguel Torruco Marqu\u00e9s<\/strong>, envi\u00f3 un mensaje grabado en el que record\u00f3 que el Museo de la Hoteler\u00eda Mexicana, est\u00e1 ubicado en Orizaba, Veracruz porque en esa localidad, el 10 de octubre de 1525, de acuerdo con las actas de cabildo de la Ciudad de M\u00e9xico, se establece el primer mes\u00f3n de la Nueva Espa\u00f1a, propiedad de <strong>Francisco de Aguilar<\/strong>, a quien se le reconoce como uno de los precursores de la hoteler\u00eda en el continente americano.<\/p>\n<p>Felicit\u00f3 a los hoteleros ah\u00ed reunidos y asegur\u00f3 que en este 2023 el Tianguis Tur\u00edstico en la capital del pa\u00eds romper\u00e1 todos los r\u00e9cords de los tianguis antes realizados.<\/p>\n<p>En su oportunidad, <strong>Nathalie Desplas<\/strong>, secretaria de Turismo de la CDMX indic\u00f3, \u201cestamos orgullosos de los hoteles y los frutos a mediano y largo plazo que se ver\u00e1n. Hoy tenemos una comunicaci\u00f3n ordenada y muchos productos para ofrecer a los visitantes. Siempre hay que hablar bien de la Ciudad de M\u00e9xico. Es una ciudad reconocida con 39 premios, se han recuperado espacios p\u00fablicos, contamos con cuatro sitios Patrimonio, deliciosa gastronom\u00eda, somos primer lugar en llegada de turistas, capital Cultural de Am\u00e9rica y estamos dando cursos de concientizaci\u00f3n para quienes tengan un primer contacto con los turistas\u201d.<\/p>\n<p>A la reuni\u00f3n acudieron entre muchos otros, los presidentes de la C\u00e1mara Nacional de Comercio Ciudad de M\u00e9xico, <strong>Jes\u00fas Rodr\u00edguez<\/strong>; de la C\u00e1mara Nacional de la Industria Restaurantera y Alimentos Condimentados, <strong>Germ\u00e1n Gonzalez<\/strong>; de la Confederaci\u00f3n Patronal de la Rep\u00fablica Mexicana, <strong>Armando Z\u00fa\u00f1iga<\/strong>; de la Asociaci\u00f3n Nacional de Cadenas Hoteleras, <strong>Luis Barrios<\/strong>. Tambi\u00e9n, la directora del Fondo Mixto de la CDMX, <strong>Christian Garc\u00eda Romero<\/strong>; los alcaldes de Miguel Hidalgo, <strong>Mauricio Tabe<\/strong>; de Benito Ju\u00e1rez, <strong>Santiago Taboada<\/strong> y de Cuajimalpa, <strong>Adrian Ruvalcaba<\/strong>.<\/p>\n<p>\u2730\u2730\u2730\u2730\u2730 En la tercera edici\u00f3n de la <em>Expo Oil &amp; Gas M\u00e9xico<\/em> a realizarse en Villahermosa, Tabasco, del 29 al 31 de marzo pr\u00f3ximo en el Centro de Convenciones Tabasco 2000, se prev\u00e9n m\u00e1s de 500 millones de pesos en acuerdos de negocios y 90 millones de pesos en derrama econ\u00f3mica, asegur\u00f3 <strong>Ricardo Ortega<\/strong>, director general de <em>Oil &amp; Gas Alliance.<\/em><\/p>\n<p>De igual forma indic\u00f3 que una de las prioridades del evento es incentivar las alianzas estrat\u00e9gicas entre las empresas mexicanas a trav\u00e9s del programa \u2018M\u00e9xico va primero\u2019, iniciativa que pretende hacer valer la oportunidad de negocios para los proveedores mexicanos en el sector de energ\u00eda\u201d.<\/p>\n<p>Por su parte, <strong>Juan Carlos Calder\u00f3n Alipi<\/strong>, director de la Oficina de Convenciones y Visitantes de Tabasco (OCV) agradeci\u00f3 al equipo de <em>Oil and Gas<\/em> haber elegido Villahermosa como sede de la reuni\u00f3n, con el compromiso de que \u00e9ste se consolide como evento bandera de la entidad y que impulse al sector energ\u00e9tico, que es estrat\u00e9gico para la econom\u00eda del estado.<\/p>\n<p>Se\u00f1al\u00f3 que la ciudad cuenta con 6 mil cuartos de hotel y siete vuelos diarios desde la Ciudad de M\u00e9xico a Villahermosa por lo que es considerado un excelente lugar para realizar turismo de reuniones.<\/p>\n<p>Asegur\u00f3 que la ciudad de Villahermosa se caracteriza por ser \u201cnodo log\u00edstico y regional con caracter\u00edsticas que les permiten alojar este tipo de eventos, de gran alcance y magnitud. Villahermosa es la ciudad m\u00e1s importante en temas energ\u00e9ticos dentro del pa\u00eds.<\/p>\n<p>Para esta version de la <em>Expo Oil &amp; Gas<\/em> se esperan alrededor de 5 mil asistentes de m\u00e1s de siete pa\u00edses, m\u00e1s de 50 empresas expositoras del ramo energ\u00e9tico nacional e internacional. Participaci\u00f3n en las mesas de negocios de las 11 operadoras, tractoras y contratistas (OTC) nacionales y extranjeras y el debate de 25 l\u00edderes sobre temas relevantes de la industria.<\/p>\n<p>Por su parte, el biol\u00f3go <strong>Jos\u00e9 Ram\u00f3n Silva Arizabalo<\/strong>, comisionado de Energ\u00eda de Tamaulipas, quien particip\u00f3 de forma virtual, se refiri\u00f3 a la importancia de reforzar las acciones para beneficio del sector energ\u00e9tico mexicano y dijo que Tamaulipas est\u00e1 \u201cbien puesto\u201d para seguir contribuyendo en planes de acci\u00f3n alineados a la tem\u00e1tica 2030, enfocando esfuerzos para garantizar el acceso a una energ\u00eda asequible, segura, sostenible y moderna.<\/p>\n<p>&nbsp;<\/p>\n<blockquote>\n<p style=\"text-align: right;\">\u201c<strong>El<\/strong> <strong>\u00e1ngel de la fama tiene sus alas hechas de papel&#8230; peri\u00f3dico\u201d.<br \/>\n<\/strong><\/p>\n<\/blockquote>\n<p>&nbsp;<\/p>\n<p><em><span class=\"Apple-converted-space\"><a href=\"mailto:victoriagprado@gmail.com\" target=\"_blank\" rel=\"noopener noreferrer\">victoriagprado@gmail.com<\/a><br \/>\nTwitter: <a href=\"https:\/\/twitter.com\/victoriagprado\" target=\"_blank\" rel=\"noopener noreferrer\">@victoriagprado<\/a><\/span><\/em><\/p>\n","protected":false},"excerpt":{"rendered":"<p>En los \u00faltimos tres a\u00f1os la hoteler\u00eda informal creci\u00f3 300 por ciento m\u00e1s en la Ciudad de M\u00e9xico sin que est\u00e9 obligada a acatar las leyes de Turismo, establecimientos mercantiles y protecci\u00f3n civil entre otras disposiciones a las que est\u00e1 obligada la hoteler\u00eda formal, asegur\u00f3, <strong>Rafael Garc\u00eda Gonz\u00e1lez<\/strong>, presidente de la Asociaci\u00f3n de Hoteles de la CDMX, durante la celebraci\u00f3n del D\u00eda de la Hoteler\u00eda y agreg\u00f3, es urgente regular el hospedaje informal, una actividad que, sin contar con marco normativo, ofrece 23 mil cuartos que se anuncian en plataformas digitales.<\/p>\n","protected":false},"author":3,"featured_media":577232,"comment_status":"open","ping_status":"open","sticky":false,"template":"","format":"standard","meta":{"_monsterinsights_skip_tracking":false,"_monsterinsights_sitenote_active":false,"_monsterinsights_sitenote_note":"","_monsterinsights_sitenote_category":0,"footnotes":""},"categories":[11],"tags":[107,43674,43681,106],"class_list":["post-577148","post","type-post","status-publish","format-standard","has-post-thumbnail","hentry","category-turismo","tag-de-cinco-estrellas","tag-opinion","tag-turismo","tag-victoria-gonzalez-prado"],"_links":{"self":[{"href":"https:\/\/www.diarioimagen.net\/index.php?rest_route=\/wp\/v2\/posts\/577148","targetHints":{"allow":["GET"]}}],"collection":[{"href":"https:\/\/www.diarioimagen.net\/index.php?rest_route=\/wp\/v2\/posts"}],"about":[{"href":"https:\/\/www.diarioimagen.net\/index.php?rest_route=\/wp\/v2\/types\/post"}],"author":[{"embeddable":true,"href":"https:\/\/www.diarioimagen.net\/index.php?rest_route=\/wp\/v2\/users\/3"}],"replies":[{"embeddable":true,"href":"https:\/\/www.diarioimagen.net\/index.php?rest_route=%2Fwp%2Fv2%2Fcomments&post=577148"}],"version-history":[{"count":0,"href":"https:\/\/www.diarioimagen.net\/index.php?rest_route=\/wp\/v2\/posts\/577148\/revisions"}],"wp:featuredmedia":[{"embeddable":true,"href":"https:\/\/www.diarioimagen.net\/index.php?rest_route=\/wp\/v2\/media\/577232"}],"wp:attachment":[{"href":"https:\/\/www.diarioimagen.net\/index.php?rest_route=%2Fwp%2Fv2%2Fmedia&parent=577148"}],"wp:term":[{"taxonomy":"category","embeddable":true,"href":"https:\/\/www.diarioimagen.net\/index.php?rest_route=%2Fwp%2Fv2%2Fcategories&post=577148"},{"taxonomy":"post_tag","embeddable":true,"href":"https:\/\/www.diarioimagen.net\/index.php?rest_route=%2Fwp%2Fv2%2Ftags&post=577148"}],"curies":[{"name":"wp","href":"https:\/\/api.w.org\/{rel}","templated":true}]}}